{"id":132242,"date":"2024-12-10T18:59:14","date_gmt":"2024-12-10T21:59:14","guid":{"rendered":"https:\/\/cdnoticias.com\/?p=132242"},"modified":"2024-12-10T18:59:16","modified_gmt":"2024-12-10T21:59:16","slug":"verano-dorado-tendra-sede-tambien-en-loma-negra-y-sierras-bayas","status":"publish","type":"post","link":"https:\/\/cdnoticias.com\/index.php\/2024\/12\/10\/verano-dorado-tendra-sede-tambien-en-loma-negra-y-sierras-bayas\/","title":{"rendered":"Verano Dorado tendr\u00e1 sede tambi\u00e9n en Loma Negra y Sierras Bayas"},"content":{"rendered":"\n<p>Las jornadas de inscripci\u00f3n ser\u00e1n los mi\u00e9rcoles 11 y 18 del corriente mes, de 17 a 18:30 horas, en el Centro Cultural de la localidad.<\/p>\n\n\n\n<hr class=\"wp-block-separator aligncenter has-alpha-channel-opacity\"\/>\n\n\n\n<p>A partir de esta <strong>temporada 2024\/2025<\/strong> el Programa Municipal<strong> Verano Dorado se extender\u00e1 a Loma Negra y Sierras Bayas.\u00a0<\/strong><\/p>\n\n\n\n<p><\/p>\n\n\n\n<p>\u201cGracias a las gestiones realizadas desde la Subsecretar\u00eda de Deportes, con la colaboraci\u00f3n de otras \u00e1reas de Gobierno del Ejecutivo local, <strong>se ha logrado ampliar el acceso a la tradicional propuesta estival a vecinos y vecinas de las mencionadas localidades serranas, <\/strong>quienes podr\u00e1n anotarse a partir de la pr\u00f3xima semana\u201d se expres\u00f3 desde el \u00e1rea.\u00a0<\/p>\n\n\n\n<p><\/p>\n\n\n\n<blockquote class=\"wp-block-quote is-layout-flow wp-block-quote-is-layout-flow\">\n<p>El Programa Municipal Verano Dorado brinda desde hace a\u00f1os la posibilidad de acceso a actividades recreativas no s\u00f3lo de pileta o ense\u00f1anza de nataci\u00f3n, sino tambi\u00e9n pr\u00e1cticas deportivas, l\u00fadicas y sociales, que tradicionalmente se desarrollan en el predio de Verano Dorado.\u00a0<\/p>\n<\/blockquote>\n\n\n\n<p><\/p>\n\n\n\n<p>Sin embargo, durante estas vacaciones ese no ser\u00e1 el \u00fanico sitio donde se llevar\u00e1 a cabo la propuesta. <strong>La propuesta es libre y gratuita, para personas mayores de 60 a\u00f1os.<\/strong><\/p>\n\n\n\n<p><\/p>\n\n\n\n<blockquote class=\"wp-block-quote is-layout-flow wp-block-quote-is-layout-flow\">\n<p>Se inform\u00f3 que las jornadas de inscripci\u00f3n ser\u00e1n los mi\u00e9rcoles 11 y 18 del corriente mes, de 17:00 a 18:30 horas, en el Centro Cultural de la localidad.<\/p>\n<\/blockquote>\n\n\n\n<p><\/p>\n\n\n\n<p>A partir del corriente mes una de las nuevas sedes ser\u00e1 la <strong>pileta del club Loma Negra<\/strong>, donde las jornadas se llevar\u00e1n a cabo los d\u00edas<strong> martes y jueves de 14:30 a 17:00 horas.<\/strong> Quienes quieran sumarse deber\u00e1n anotarse previamente, los d\u00edas lunes y viernes, de 9 a 12 horas, en la sede de la Delegaci\u00f3n Municipal de la localidad.<\/p>\n\n\n\n<p><\/p>\n\n\n\n<p>La otra novedad ser\u00e1 la<strong> pileta del Club San Mart\u00edn de Sierras Bayas<\/strong>, sitio en el que Verano Dorado dir\u00e1 presente los d\u00edas<strong> lunes y mi\u00e9rcoles de 15:00 a 17:30 horas<\/strong>. No obstante, la din\u00e1mica ser\u00e1 la misma y quienes quieran sumarse deber\u00e1n inscribirse.<\/p>\n\n\n\n<p><\/p>\n","protected":false},"excerpt":{"rendered":"<p>Las jornadas de inscripci\u00f3n ser\u00e1n los mi\u00e9rcoles 11 y 18 del corriente mes, de 17 a 18:30 horas, en el<\/p>\n","protected":false},"author":6,"featured_media":105890,"comment_status":"closed","ping_status":"closed","sticky":false,"template":"","format":"standard","meta":{"_jetpack_memberships_contains_paid_content":false,"footnotes":""},"categories":[5,1],"tags":[],"class_list":["post-132242","post","type-post","status-publish","format-standard","has-post-thumbnail","hentry","category-informacion-general","category-portada"],"jetpack_featured_media_url":"https:\/\/i0.wp.com\/cdnoticias.com\/wp-content\/uploads\/2024\/01\/Verano-Dorado-web-114.jpg?fit=1400%2C931&ssl=1","jetpack_sharing_enabled":true,"_links":{"self":[{"href":"https:\/\/cdnoticias.com\/index.php\/wp-json\/wp\/v2\/posts\/132242","targetHints":{"allow":["GET"]}}],"collection":[{"href":"https:\/\/cdnoticias.com\/index.php\/wp-json\/wp\/v2\/posts"}],"about":[{"href":"https:\/\/cdnoticias.com\/index.php\/wp-json\/wp\/v2\/types\/post"}],"author":[{"embeddable":true,"href":"https:\/\/cdnoticias.com\/index.php\/wp-json\/wp\/v2\/users\/6"}],"replies":[{"embeddable":true,"href":"https:\/\/cdnoticias.com\/index.php\/wp-json\/wp\/v2\/comments?post=132242"}],"version-history":[{"count":0,"href":"https:\/\/cdnoticias.com\/index.php\/wp-json\/wp\/v2\/posts\/132242\/revisions"}],"wp:featuredmedia":[{"embeddable":true,"href":"https:\/\/cdnoticias.com\/index.php\/wp-json\/wp\/v2\/media\/105890"}],"wp:attachment":[{"href":"https:\/\/cdnoticias.com\/index.php\/wp-json\/wp\/v2\/media?parent=132242"}],"wp:term":[{"taxonomy":"category","embeddable":true,"href":"https:\/\/cdnoticias.com\/index.php\/wp-json\/wp\/v2\/categories?post=132242"},{"taxonomy":"post_tag","embeddable":true,"href":"https:\/\/cdnoticias.com\/index.php\/wp-json\/wp\/v2\/tags?post=132242"}],"curies":[{"name":"wp","href":"https:\/\/api.w.org\/{rel}","templated":true}]}}