{"id":132220,"date":"2024-12-09T18:04:35","date_gmt":"2024-12-09T21:04:35","guid":{"rendered":"https:\/\/cdnoticias.com\/?p=132220"},"modified":"2024-12-09T18:04:37","modified_gmt":"2024-12-09T21:04:37","slug":"coordinacion-de-empleo-nuevas-ofertas-laborales-disponibles","status":"publish","type":"post","link":"https:\/\/cdnoticias.com\/index.php\/2024\/12\/09\/coordinacion-de-empleo-nuevas-ofertas-laborales-disponibles\/","title":{"rendered":"Coordinaci\u00f3n de Empleo: Nuevas ofertas laborales disponibles"},"content":{"rendered":"\n<p>Los interesados podr\u00e1n informarse de las mismas ingresando a trav\u00e9s del Portal de Empleo local.&nbsp;<\/p>\n\n\n\n<hr class=\"wp-block-separator aligncenter has-alpha-channel-opacity\"\/>\n\n\n\n<p>El Municipio de Olavarr\u00eda a trav\u00e9s de la <strong>Coordinaci\u00f3n de Empleo, <\/strong>perteneciente a la Secretar\u00eda de Desarrollo Econ\u00f3mico y Productivo, inform\u00f3 que <strong>se encuentran vigentes nuevas b\u00fasquedas laborales.<\/strong><\/p>\n\n\n\n<p><\/p>\n\n\n\n<p>Las mismas son coordinadas junto a los privados y se cargan en el\u00a0 portal del municipio. Los interesados podr\u00e1n informarse de las mismas ingresando a trav\u00e9s del Portal de Empleo local <a href=\"http:\/\/invertir.olavarria.gov.ar\/\">invertir.olavarria.gov.ar<\/a>.<\/p>\n\n\n\n<p><\/p>\n\n\n\n<p>&nbsp;En esta oportunidad, las b\u00fasquedas vigentes se orientan a los siguientes puestos:<\/p>\n\n\n\n<p><\/p>\n\n\n\n<ul class=\"wp-block-list\">\n<li><strong>BARISTA PROFESIONAL <\/strong>para nuevo emprendimiento gastron\u00f3mico en la ciudad. Se busca persona con experiencia en despacho de caf\u00e9. Preferencia de especialidad de todas sus variantes: Latte, Flat White, Cappuccino, etc. El puesto requiere experiencia previa en despacho de caf\u00e9 y disponibilidad horaria.<\/li>\n<\/ul>\n\n\n\n<ul class=\"wp-block-list\">\n<li> <strong>EJECUTIVO COMERCIAL <\/strong>para importante empresa autopartista. Sus tareas ser\u00e1n: identificar y captar nuevos clientes en el segmento de transporte de carga y pasajeros; realizar visitas a empresas y potenciales distribuidores; gestionar y reportar la actividad comercial en el CRM de la empresa; presentar ofertas y cerrar ventas de neum\u00e1ticos nuevos y renovados; brindar un excelente nivel de atenci\u00f3n al cliente destacando las ventajas de los productos y cumplir con los objetivos comerciales establecidos por la gerencia.\u00a0Se requiere de experiencia previa m\u00ednima de dos a\u00f1os en ventas de productos industriales relacionados al transporte, con fuerte orientaci\u00f3n comercial y habilidades para la prospecci\u00f3n y negociaci\u00f3n. Adem\u00e1s, disponibilidad para trabajar en terreno la mayor parte del tiempo (Olavarr\u00eda, Tandil y Azul); manejo de herramientas tecnol\u00f3gicas como CRM, correo electr\u00f3nico y paquete de office. Se valorara formaci\u00f3n t\u00e9cnica o comercial y contar con movilidad propia.<\/li>\n<\/ul>\n\n\n\n<ul class=\"wp-block-list\">\n<li><strong>CARNICERO<\/strong> para autoservicio local. Ser\u00e1 su responsabilidad la preparaci\u00f3n y corte de carnes, la atenci\u00f3n en la exhibici\u00f3n de los productos, la gesti\u00f3n del inventario y rotaci\u00f3n de productos, limpieza y mantenimiento del \u00e1rea de trabajo. La jornada laboral es de lunes a s\u00e1bado de 09:00 a 12:00 h y de 17:30 a 22:00 h. Se requiere contar con experiencia previa comprobable, orientaci\u00f3n al cliente y capacidad de trabajo en equipo.<\/li>\n<\/ul>\n\n\n\n<ul class=\"wp-block-list\">\n<li><strong>TORNERO<\/strong> para tienda de repuestos. Ser\u00e1n sus responsabilidades la fabricaci\u00f3n y restauraci\u00f3n de piezas met\u00e1licas de alta precisi\u00f3n; manejo de tornos convencionales y CNC; interpretaci\u00f3n de planos t\u00e9cnicos; mantenimiento preventivo y correctivo de m\u00e1quinas y herramientas. La jornada laboral es de lunes a viernes de 7 a 16 hs. Se requiere experiencia en torneado, preferiblemente en el sector automotriz. Adem\u00e1s, se tendr\u00e1 en cuenta formaci\u00f3n t\u00e9cnica en mecanizado o afines, manejo de herramientas de medici\u00f3n (micr\u00f3metro, calibrador, etc). Como as\u00ed tambi\u00e9n, conocimientos de materiales y tratamientos t\u00e9rmicos.<\/li>\n<\/ul>\n\n\n\n<p><\/p>\n\n\n\n<p>Por \u00faltimo, desde el Municipio de Olavarr\u00eda se indic\u00f3 que <strong>los interesados podr\u00e1n postularse, de manera virtual,<\/strong> ingresando a trav\u00e9s del Portal de Empleo local <a href=\"http:\/\/invertir.olavarria.gov.ar\/\">invertir.olavarria.gov.ar<\/a>, donde podr\u00e1n visualizar las b\u00fasquedas expuestas con anterioridad, registrarse y cargar sus datos.\u00a0<\/p>\n\n\n\n<p><\/p>\n\n\n\n<p>Asimismo, <strong>se puede realizar de manera presencial, <\/strong>acerc\u00e1ndose de<strong> lunes a viernes de 8 a 14 horas, a Moreno 2765<\/strong>, sede de la Secretar\u00eda de Desarrollo Econ\u00f3mico y Productivo. Por consultas o para solicitar turno para entrevista presencial comunicarse al 422135.<\/p>\n\n\n\n<p><\/p>\n","protected":false},"excerpt":{"rendered":"<p>Los interesados podr\u00e1n informarse de las mismas ingresando a trav\u00e9s del Portal de Empleo local.&nbsp; El Municipio de Olavarr\u00eda a<\/p>\n","protected":false},"author":6,"featured_media":80299,"comment_status":"closed","ping_status":"closed","sticky":false,"template":"","format":"standard","meta":{"_jetpack_memberships_contains_paid_content":false,"footnotes":""},"categories":[5,1],"tags":[],"class_list":["post-132220","post","type-post","status-publish","format-standard","has-post-thumbnail","hentry","category-informacion-general","category-portada"],"jetpack_featured_media_url":"https:\/\/i0.wp.com\/cdnoticias.com\/wp-content\/uploads\/2023\/03\/carne-carniceria.jpg?fit=1200%2C668&ssl=1","jetpack_sharing_enabled":true,"_links":{"self":[{"href":"https:\/\/cdnoticias.com\/index.php\/wp-json\/wp\/v2\/posts\/132220","targetHints":{"allow":["GET"]}}],"collection":[{"href":"https:\/\/cdnoticias.com\/index.php\/wp-json\/wp\/v2\/posts"}],"about":[{"href":"https:\/\/cdnoticias.com\/index.php\/wp-json\/wp\/v2\/types\/post"}],"author":[{"embeddable":true,"href":"https:\/\/cdnoticias.com\/index.php\/wp-json\/wp\/v2\/users\/6"}],"replies":[{"embeddable":true,"href":"https:\/\/cdnoticias.com\/index.php\/wp-json\/wp\/v2\/comments?post=132220"}],"version-history":[{"count":0,"href":"https:\/\/cdnoticias.com\/index.php\/wp-json\/wp\/v2\/posts\/132220\/revisions"}],"wp:featuredmedia":[{"embeddable":true,"href":"https:\/\/cdnoticias.com\/index.php\/wp-json\/wp\/v2\/media\/80299"}],"wp:attachment":[{"href":"https:\/\/cdnoticias.com\/index.php\/wp-json\/wp\/v2\/media?parent=132220"}],"wp:term":[{"taxonomy":"category","embeddable":true,"href":"https:\/\/cdnoticias.com\/index.php\/wp-json\/wp\/v2\/categories?post=132220"},{"taxonomy":"post_tag","embeddable":true,"href":"https:\/\/cdnoticias.com\/index.php\/wp-json\/wp\/v2\/tags?post=132220"}],"curies":[{"name":"wp","href":"https:\/\/api.w.org\/{rel}","templated":true}]}}