{"id":132216,"date":"2024-12-09T20:02:30","date_gmt":"2024-12-09T23:02:30","guid":{"rendered":"https:\/\/cdnoticias.com\/?p=132216"},"modified":"2024-12-10T09:08:50","modified_gmt":"2024-12-10T12:08:50","slug":"cierre-de-ano-de-artedanza-sigo-apostando-a-lo-que-me-gusta-hacer","status":"publish","type":"post","link":"https:\/\/cdnoticias.com\/index.php\/2024\/12\/09\/cierre-de-ano-de-artedanza-sigo-apostando-a-lo-que-me-gusta-hacer\/","title":{"rendered":"Cierre de a\u00f1o de ArteDanza: \u201cSigo apostando a lo que me gusta hacer\u201d"},"content":{"rendered":"\n<p>Valeria Potes, maestra y directora de ArteDanza dialog\u00f3 con Central de Noticias y cont\u00f3 el balance de fin de a\u00f1o de la Academia. Los proyectos que se vienen y el deseo de seguir apostando a la danza.&nbsp;<\/p>\n\n\n\n<hr class=\"wp-block-separator aligncenter has-alpha-channel-opacity\"\/>\n\n\n\n<p>El pasado <strong>s\u00e1bado 30 y domingo 1 de diciembre <\/strong>se llevaron a cabo <strong>dos galas de ArteDanza en el Teatro Municipal a sala llena.<\/strong>&nbsp; La Academia present\u00f3 \u201c<strong>Soul Shine\u201d<\/strong>, con la participaci\u00f3n de m\u00e1s de 150 alumnos.<\/p>\n\n\n\n<p><\/p>\n\n\n\n<p>En las galas se presentaron diversos g\u00e9neros como<strong> Jazz, Tap, Danza Cl\u00e1sica, Contempor\u00e1nea, Tango, Lyrical, Fusi\u00f3n, Ritmos Urbanos, K Pop, Street, Infantil<\/strong> entre otros.&nbsp;<\/p>\n\n\n\n<p><\/p>\n\n\n\n<p><em>Central de Noticias<\/em> dialog\u00f3 con <strong>Valeria Potes, maestra y directora de Artedanza,<\/strong> quien realiz\u00f3 un balance de fin de a\u00f1o, detall\u00f3 las galas en el Teatro y expres\u00f3 los deseos y proyectos para el a\u00f1o entrante.<\/p>\n\n\n\n<p><\/p>\n\n\n\n<p><\/p>\n\n\n\n<figure class=\"wp-block-image aligncenter size-full\"><img data-recalc-dims=\"1\" loading=\"lazy\" decoding=\"async\" width=\"800\" height=\"445\" src=\"https:\/\/i0.wp.com\/cdnoticias.com\/wp-content\/uploads\/2024\/12\/artedanza-teatro-20241.png?resize=800%2C445&#038;ssl=1\" alt=\"\" class=\"wp-image-132223\" srcset=\"https:\/\/i0.wp.com\/cdnoticias.com\/wp-content\/uploads\/2024\/12\/artedanza-teatro-20241.png?w=890&amp;ssl=1 890w, https:\/\/i0.wp.com\/cdnoticias.com\/wp-content\/uploads\/2024\/12\/artedanza-teatro-20241.png?resize=300%2C167&amp;ssl=1 300w, https:\/\/i0.wp.com\/cdnoticias.com\/wp-content\/uploads\/2024\/12\/artedanza-teatro-20241.png?resize=768%2C427&amp;ssl=1 768w, https:\/\/i0.wp.com\/cdnoticias.com\/wp-content\/uploads\/2024\/12\/artedanza-teatro-20241.png?resize=800%2C445&amp;ssl=1 800w\" sizes=\"auto, (max-width: 800px) 100vw, 800px\" \/><\/figure>\n\n\n\n<p><\/p>\n\n\n\n<p>Sobre las galas, Potes subray\u00f3 que <strong><em>\u201csuperamos las expectativas, tuvimos dos teatros llenos. La gente se fue muy contenta y feliz de lo que vio, no solamente los padres que ven a sus hijos, si no que hay gente que va al espect\u00e1culo sin conocer a nadie y se va fascinada y con ganas de ver m\u00e1s\u201d.&nbsp;<\/em><\/strong><\/p>\n\n\n\n<p><\/p>\n\n\n\n<blockquote class=\"wp-block-quote is-layout-flow wp-block-quote-is-layout-flow\">\n<p>\u201cEste a\u00f1o fue una mezcla de emociones y superamos las expectativas porque no pensamos que \u00edbamos a llenar las dos noches (debido a la situaci\u00f3n que se vive en el pa\u00eds) pero la verdad que se llen\u00f3 el Teatro y se disfrut\u00f3\u201d agreg\u00f3 Potes.&nbsp;<\/p>\n<\/blockquote>\n\n\n\n<p><\/p>\n\n\n\n<p>La econom\u00eda pes\u00f3 fuerte este a\u00f1o en la Academia y la directora de ArteDanza lo confirm\u00f3: \u201c<strong>Fue un a\u00f1o complicado que hizo que el alumnado fuera y viniera hasta acomodarse. Tuvimos bajas pero fue como un ida y vuelta hasta que la gente se acomod\u00f3 y decidi\u00f3 a donde poder llevar a su hijo\u201d.&nbsp;<\/strong><\/p>\n\n\n\n<p><\/p>\n\n\n\n<figure class=\"wp-block-image aligncenter size-full\"><img data-recalc-dims=\"1\" loading=\"lazy\" decoding=\"async\" width=\"800\" height=\"419\" src=\"https:\/\/i0.wp.com\/cdnoticias.com\/wp-content\/uploads\/2024\/12\/artedanza-teatro-20242.png?resize=800%2C419&#038;ssl=1\" alt=\"\" class=\"wp-image-132224\" srcset=\"https:\/\/i0.wp.com\/cdnoticias.com\/wp-content\/uploads\/2024\/12\/artedanza-teatro-20242.png?w=896&amp;ssl=1 896w, https:\/\/i0.wp.com\/cdnoticias.com\/wp-content\/uploads\/2024\/12\/artedanza-teatro-20242.png?resize=300%2C157&amp;ssl=1 300w, https:\/\/i0.wp.com\/cdnoticias.com\/wp-content\/uploads\/2024\/12\/artedanza-teatro-20242.png?resize=768%2C402&amp;ssl=1 768w, https:\/\/i0.wp.com\/cdnoticias.com\/wp-content\/uploads\/2024\/12\/artedanza-teatro-20242.png?resize=390%2C205&amp;ssl=1 390w\" sizes=\"auto, (max-width: 800px) 100vw, 800px\" \/><\/figure>\n\n\n\n<p><\/p>\n\n\n\n<p>Asimismo, el momento econ\u00f3mico tambi\u00e9n influy\u00f3 sobre las galas: \u201cEs todo un tema porque no solo es el vestuario, sino tambi\u00e9n las luces, la escenograf\u00eda, el armado de carpas que siempre ponemos en las veredas para que los chicos est\u00e9n c\u00f3modos. Eso hace tambi\u00e9n poner en la balanza que s\u00ed y que no. <strong>Siempre tratamos de que si la situaci\u00f3n econ\u00f3mica no es la m\u00e1s acorde como este a\u00f1o, todos bailen. Nadie se queda sin bailar <\/strong>y entre todos colaboramos para el vestuario de esa persona y buscamos la forma de que todos disfruten\u201d remarc\u00f3 Potes.&nbsp;<\/p>\n\n\n\n<p><\/p>\n\n\n\n<p>En detalle, sobre el a\u00f1o de la Academia, <strong>alumnos y docentes fueron dos veces al a\u00f1o a capacitarse a la Fundaci\u00f3n Julio Bocca <\/strong>en la ciudad de Buenos Aires.&nbsp;<\/p>\n\n\n\n<p><\/p>\n\n\n\n<p>Asimismo, al ser estudio homologado de la Fundaci\u00f3n, durante el a\u00f1o tambi\u00e9n<strong> realizaron clases por zoom para que los maestros de la Fundaci\u00f3n Julio Bocca vayan evaluando y acompa\u00f1ando el proceso de aprendizaje del grupo de alumnos<\/strong>, especialmente en lo que es danza cl\u00e1sica, contempor\u00e1nea y jazz.&nbsp;<\/p>\n\n\n\n<p><\/p>\n\n\n\n<figure class=\"wp-block-image aligncenter size-full\"><img data-recalc-dims=\"1\" loading=\"lazy\" decoding=\"async\" width=\"800\" height=\"388\" src=\"https:\/\/i0.wp.com\/cdnoticias.com\/wp-content\/uploads\/2024\/12\/artedanza-teatro-20243.png?resize=800%2C388&#038;ssl=1\" alt=\"\" class=\"wp-image-132225\" srcset=\"https:\/\/i0.wp.com\/cdnoticias.com\/wp-content\/uploads\/2024\/12\/artedanza-teatro-20243.png?w=898&amp;ssl=1 898w, https:\/\/i0.wp.com\/cdnoticias.com\/wp-content\/uploads\/2024\/12\/artedanza-teatro-20243.png?resize=300%2C146&amp;ssl=1 300w, https:\/\/i0.wp.com\/cdnoticias.com\/wp-content\/uploads\/2024\/12\/artedanza-teatro-20243.png?resize=768%2C373&amp;ssl=1 768w\" sizes=\"auto, (max-width: 800px) 100vw, 800px\" \/><\/figure>\n\n\n\n<p><\/p>\n\n\n\n<p>La semana entrante cierra el a\u00f1o de capacitaci\u00f3n con un \u00faltima clase donde<strong> se entregar\u00e1n los certificados <\/strong>por haber sido evaluados directamente por los profesores de la Fundaci\u00f3n Julio Bocca.&nbsp;<\/p>\n\n\n\n<p><\/p>\n\n\n\n<p class=\"has-medium-font-size\"><strong>&nbsp;\u201cSigo apostando a lo que me gusta hacer\u201d<\/strong><\/p>\n\n\n\n<p>Potes cont\u00f3 como vivi\u00f3 este a\u00f1o a nivel personal y dijo que \u201c<em>despu\u00e9s de la gala uno siente una satisfacci\u00f3n que es dif\u00edcil expresar en palabras. Siempre miro el proceso individual desde los m\u00e1s chiquitos hasta las m\u00e1s adultas\u201d.&nbsp;<\/em><\/p>\n\n\n\n<p><\/p>\n\n\n\n<blockquote class=\"wp-block-quote is-layout-flow wp-block-quote-is-layout-flow\">\n<p>\u201cFue un a\u00f1o dif\u00edcil, donde los chicos tambi\u00e9n vienen con una carga emocional de la escuela, del hogar. Ac\u00e1 encuentran un lugar de liberaci\u00f3n, sobre todo los adolescentes\u201d agreg\u00f3.&nbsp; Sin embargo, al ser un a\u00f1o intenso para todos, \u201cdiciembre se llena como de brillos, emociones. Pasa por nuestra mente todo lo que vivimos en el a\u00f1o, no queremos que se vayan las chicas que egresan y tienen nuevos rumbos\u201d agreg\u00f3 Potes.&nbsp;<\/p>\n<\/blockquote>\n\n\n\n<p><\/p>\n\n\n\n<p><em>\u201cYo en este momento siento como que somos brillitos y que un brillito se retroalimenta con el otro brillito. No importa si sos el maestro, el alumno m\u00e1s avanzado el alumno principiante o el adulto, sino que todos los brillitos en esta \u00e9poca nos ayudamos, nos retroalimentamos como las estrellas en el cielo. Todos brillamos, cada una a su manera y a su forma, y nos damos cuenta que no estamos solos\u201d <\/em>sostuvo.&nbsp;<\/p>\n\n\n\n<p><\/p>\n\n\n\n<figure class=\"wp-block-image aligncenter size-full\"><img data-recalc-dims=\"1\" loading=\"lazy\" decoding=\"async\" width=\"800\" height=\"463\" src=\"https:\/\/i0.wp.com\/cdnoticias.com\/wp-content\/uploads\/2024\/12\/artedanza-teatro-20244.png?resize=800%2C463&#038;ssl=1\" alt=\"\" class=\"wp-image-132226\" srcset=\"https:\/\/i0.wp.com\/cdnoticias.com\/wp-content\/uploads\/2024\/12\/artedanza-teatro-20244.png?w=895&amp;ssl=1 895w, https:\/\/i0.wp.com\/cdnoticias.com\/wp-content\/uploads\/2024\/12\/artedanza-teatro-20244.png?resize=300%2C174&amp;ssl=1 300w, https:\/\/i0.wp.com\/cdnoticias.com\/wp-content\/uploads\/2024\/12\/artedanza-teatro-20244.png?resize=768%2C444&amp;ssl=1 768w\" sizes=\"auto, (max-width: 800px) 100vw, 800px\" \/><\/figure>\n\n\n\n<p><\/p>\n\n\n\n<p>Sobre su profesi\u00f3n Potes remarc\u00f3: <strong>\u201cSigo apostando a lo que me gusta hacer, a ser core\u00f3grafa, a llevar a mis alumnos a que se capaciten. Este a\u00f1o varias alumnas van a estudiar danza y eso me alegra mucho\u201d.&nbsp;<\/strong><\/p>\n\n\n\n<p><\/p>\n\n\n\n<p><strong><em>&#8211; \u00bfQu\u00e9 es lo dif\u00edcil de ser profesora de danza?<\/em><\/strong><\/p>\n\n\n\n<p>A mi me ayuda que soy docente inicial, trabaj\u00e9 12 a\u00f1os con ni\u00f1os en jardines. <strong>Esa pasi\u00f3n la traslade a la danza<\/strong>. Frente a un grupo primero te ten\u00e9s que adaptar. Todos los d\u00edas planifico las clases y cada grupo es distinto. Desde chiquitos, adolescentes y adultos mayores, me fijo cuales son las necesidades de cada grupo.<\/p>\n\n\n\n<p> Bailar\u00edn podemos ser todos pero al ser maestro de danza te tienen que gustar muchas cosas: <strong>bailar, ensayar, ser paciente, respetar el proceso del alumno, a los padres con sus consultas.<\/strong> Te tiene que nacer. Si te gusta ser docente, es lo m\u00e1s lindo que hay.&nbsp;<\/p>\n\n\n\n<p><\/p>\n\n\n\n<figure class=\"wp-block-image aligncenter size-full\"><img data-recalc-dims=\"1\" loading=\"lazy\" decoding=\"async\" width=\"800\" height=\"466\" src=\"https:\/\/i0.wp.com\/cdnoticias.com\/wp-content\/uploads\/2024\/12\/artedanza-teatro-20245.png?resize=800%2C466&#038;ssl=1\" alt=\"\" class=\"wp-image-132227\" srcset=\"https:\/\/i0.wp.com\/cdnoticias.com\/wp-content\/uploads\/2024\/12\/artedanza-teatro-20245.png?w=890&amp;ssl=1 890w, https:\/\/i0.wp.com\/cdnoticias.com\/wp-content\/uploads\/2024\/12\/artedanza-teatro-20245.png?resize=300%2C175&amp;ssl=1 300w, https:\/\/i0.wp.com\/cdnoticias.com\/wp-content\/uploads\/2024\/12\/artedanza-teatro-20245.png?resize=768%2C447&amp;ssl=1 768w\" sizes=\"auto, (max-width: 800px) 100vw, 800px\" \/><\/figure>\n\n\n\n<p><strong><em>&#8211; \u00bfQu\u00e9 se viene en 2025?<\/em><\/strong><\/p>\n\n\n\n<p>El a\u00f1o que viene se vienen lindas cosas. Obviamente seguir bailando, se vienen lindas cosas con la Fundaci\u00f3n Julio Bocca, se vienen nuevos workshops, nuevas clases para que no solo tomen los alumnos de ArteDanza sino todos las personas que bailan en Olavarr\u00eda y muchas cosas m\u00e1s.&nbsp;<\/p>\n\n\n\n<p>Cada a\u00f1o es un desaf\u00edo, as\u00ed que <strong>vamos a desafiar a 2025 m\u00e1s que nunca.<\/strong> Si el 2024 nos cost\u00f3, el 2025 no importa vamos con todo. Si vienen m\u00e1s cosas , bienvenido sea.<\/p>\n\n\n\n<p><\/p>\n\n\n\n<figure class=\"wp-block-image aligncenter size-full\"><img data-recalc-dims=\"1\" loading=\"lazy\" decoding=\"async\" width=\"800\" height=\"402\" src=\"https:\/\/i0.wp.com\/cdnoticias.com\/wp-content\/uploads\/2024\/12\/artedanza-teatro-20246.png?resize=800%2C402&#038;ssl=1\" alt=\"\" class=\"wp-image-132228\" srcset=\"https:\/\/i0.wp.com\/cdnoticias.com\/wp-content\/uploads\/2024\/12\/artedanza-teatro-20246.png?w=880&amp;ssl=1 880w, https:\/\/i0.wp.com\/cdnoticias.com\/wp-content\/uploads\/2024\/12\/artedanza-teatro-20246.png?resize=300%2C151&amp;ssl=1 300w, https:\/\/i0.wp.com\/cdnoticias.com\/wp-content\/uploads\/2024\/12\/artedanza-teatro-20246.png?resize=768%2C386&amp;ssl=1 768w\" sizes=\"auto, (max-width: 800px) 100vw, 800px\" \/><\/figure>\n\n\n\n<p><\/p>\n","protected":false},"excerpt":{"rendered":"<p>Valeria Potes, maestra y directora de ArteDanza dialog\u00f3 con Central de Noticias y cont\u00f3 el balance de fin de a\u00f1o<\/p>\n","protected":false},"author":6,"featured_media":132222,"comment_status":"closed","ping_status":"closed","sticky":false,"template":"","format":"standard","meta":{"_jetpack_memberships_contains_paid_content":false,"footnotes":""},"categories":[9,1],"tags":[],"class_list":["post-132216","post","type-post","status-publish","format-standard","has-post-thumbnail","hentry","category-cultura","category-portada"],"jetpack_featured_media_url":"https:\/\/i0.wp.com\/cdnoticias.com\/wp-content\/uploads\/2024\/12\/artedanza-teatro-2024.png?fit=886%2C476&ssl=1","jetpack_sharing_enabled":true,"_links":{"self":[{"href":"https:\/\/cdnoticias.com\/index.php\/wp-json\/wp\/v2\/posts\/132216","targetHints":{"allow":["GET"]}}],"collection":[{"href":"https:\/\/cdnoticias.com\/index.php\/wp-json\/wp\/v2\/posts"}],"about":[{"href":"https:\/\/cdnoticias.com\/index.php\/wp-json\/wp\/v2\/types\/post"}],"author":[{"embeddable":true,"href":"https:\/\/cdnoticias.com\/index.php\/wp-json\/wp\/v2\/users\/6"}],"replies":[{"embeddable":true,"href":"https:\/\/cdnoticias.com\/index.php\/wp-json\/wp\/v2\/comments?post=132216"}],"version-history":[{"count":0,"href":"https:\/\/cdnoticias.com\/index.php\/wp-json\/wp\/v2\/posts\/132216\/revisions"}],"wp:featuredmedia":[{"embeddable":true,"href":"https:\/\/cdnoticias.com\/index.php\/wp-json\/wp\/v2\/media\/132222"}],"wp:attachment":[{"href":"https:\/\/cdnoticias.com\/index.php\/wp-json\/wp\/v2\/media?parent=132216"}],"wp:term":[{"taxonomy":"category","embeddable":true,"href":"https:\/\/cdnoticias.com\/index.php\/wp-json\/wp\/v2\/categories?post=132216"},{"taxonomy":"post_tag","embeddable":true,"href":"https:\/\/cdnoticias.com\/index.php\/wp-json\/wp\/v2\/tags?post=132216"}],"curies":[{"name":"wp","href":"https:\/\/api.w.org\/{rel}","templated":true}]}}