{"id":132186,"date":"2024-12-09T12:04:51","date_gmt":"2024-12-09T15:04:51","guid":{"rendered":"https:\/\/cdnoticias.com\/?p=132186"},"modified":"2024-12-09T17:06:11","modified_gmt":"2024-12-09T20:06:11","slug":"el-programa-barrio-por-barrio-estara-este-miercoles-en-la-zona-del-bancario-i","status":"publish","type":"post","link":"https:\/\/cdnoticias.com\/index.php\/2024\/12\/09\/el-programa-barrio-por-barrio-estara-este-miercoles-en-la-zona-del-bancario-i\/","title":{"rendered":"El Programa \u201cBarrio por Barrio\u201d estar\u00e1 este mi\u00e9rcoles en la zona del Bancario I"},"content":{"rendered":"\n<p>Se podr\u00e1n gestionar tr\u00e1mites o acceder en las cercan\u00edas de su domicilio a servicios que se brindan desde distintas oficinas municipales.<\/p>\n\n\n\n<hr class=\"wp-block-separator has-alpha-channel-opacity\"\/>\n\n\n\n<p>El pr\u00f3ximo <strong>mi\u00e9rcoles 11 de diciembre <\/strong>se llevar\u00e1 a cabo una nueva edici\u00f3n del <strong>Programa \u201cBarrio por Barrio\u201d<\/strong>, el dispositivo de abordaje territorial que permite a vecinos y vecinas de tener la posibilidad de <strong>poder gestionar tr\u00e1mites o acceder a servicios que se brindan desde distintas oficinas municipales en las cercan\u00edas de su domicilio.<\/strong><\/p>\n\n\n\n<p><\/p>\n\n\n\n<p>\u201cAbrazar de afuera hacia adentro\u201d ha expresado en reiteradas ocasiones el intendente municipal Maximiliano Wesner a la hora de definir cu\u00e1l es la impronta de la gesti\u00f3n. De esa manera fue pensado y dise\u00f1ado el Programa Barrio por Barrio, que <strong>se inici\u00f3 d\u00edas atr\u00e1s con una jornada que tuvo como epicentro el CIC del barrio Facundo Quiroga II.<\/strong><\/p>\n\n\n\n<p><\/p>\n\n\n\n<blockquote class=\"wp-block-quote is-layout-flow wp-block-quote-is-layout-flow\">\n<p>La propuesta se trasladar\u00e1 este mi\u00e9rcoles 11 al sector delimitado por las avenidas Pellegrini, Pueyrred\u00f3n, Del Maestro, Urquiza y Pringles. Ser\u00e1 a partir de las 8 horas y tendr\u00e1 como punto de encuentro la plazoleta de avenida Urquiza y Juan Mazzuchi.<\/p>\n<\/blockquote>\n\n\n\n<p><\/p>\n\n\n\n<p>Tal como sucedi\u00f3 d\u00edas atr\u00e1s,<strong> se desplegar\u00e1n tareas desde la Secretar\u00eda de Obras P\u00fablicas en lo que es limpieza y mantenimiento de espacios p\u00fablicos y calles, recambio de luminaria p\u00fablica.<\/strong><\/p>\n\n\n\n<p><\/p>\n\n\n\n<p>A la par, <strong>desde el \u00e1rea de Salud se continuar\u00e1 con las labores preventivas en cuanto al Dengue,<\/strong> en la campa\u00f1a \u201cTap\u00e1, lav\u00e1, gir\u00e1 y tir\u00e1\u201d, se podr\u00e1n containers en distintos puntos para invitar a vecinos y vecinas a realizar descacharreo. A la par, desde Epidemiolog\u00eda se realizar\u00e1 tambi\u00e9n un abordaje en materia de inmunizaciones, como as\u00ed tambi\u00e9n se lo har\u00e1 desde el \u00e1rea de Bromatolog\u00eda en cuanto a las mascotas.<\/p>\n\n\n\n<p><\/p>\n\n\n\n<p>Este tipo de jornadas territoriales plantean un <strong>abordaje integral<\/strong>, para lo cual se dispone de la participaci\u00f3n del Intendente Municipal y los funcionarios de su Gabinete, junto con personal de las distintas \u00e1reas de gesti\u00f3n municipal: salud, educaci\u00f3n, seguridad, obras p\u00fablicas, desarrollo de la comunidad, defensa al consumidor, asuntos legales, entre otras \u00e1reas. <strong>Asimismo, intervienen trabajadores de empresas como Coopelectric y Transporte Malvinas.<\/strong><\/p>\n\n\n\n<p><\/p>\n\n\n\n<p>Se invita a la comunidad del sector mencionado a ser parte de la propuesta y acercarse a evacuar inquietudes o realizar tr\u00e1mite y gestiones. A la par, se aclara que las personas que llevar\u00e1n a cabo el dispositivo puerta a puerta estar\u00e1n debidamente identificadas.<\/p>\n\n\n\n<p><\/p>\n","protected":false},"excerpt":{"rendered":"<p>Se podr\u00e1n gestionar tr\u00e1mites o acceder en las cercan\u00edas de su domicilio a servicios que se brindan desde distintas oficinas<\/p>\n","protected":false},"author":5,"featured_media":132187,"comment_status":"closed","ping_status":"closed","sticky":false,"template":"","format":"standard","meta":{"_jetpack_memberships_contains_paid_content":false,"footnotes":""},"categories":[5,1],"tags":[],"class_list":["post-132186","post","type-post","status-publish","format-standard","has-post-thumbnail","hentry","category-informacion-general","category-portada"],"jetpack_featured_media_url":"https:\/\/i0.wp.com\/cdnoticias.com\/wp-content\/uploads\/2024\/12\/barrioxbarrio-portada.jpg?fit=800%2C445&ssl=1","jetpack_sharing_enabled":true,"_links":{"self":[{"href":"https:\/\/cdnoticias.com\/index.php\/wp-json\/wp\/v2\/posts\/132186","targetHints":{"allow":["GET"]}}],"collection":[{"href":"https:\/\/cdnoticias.com\/index.php\/wp-json\/wp\/v2\/posts"}],"about":[{"href":"https:\/\/cdnoticias.com\/index.php\/wp-json\/wp\/v2\/types\/post"}],"author":[{"embeddable":true,"href":"https:\/\/cdnoticias.com\/index.php\/wp-json\/wp\/v2\/users\/5"}],"replies":[{"embeddable":true,"href":"https:\/\/cdnoticias.com\/index.php\/wp-json\/wp\/v2\/comments?post=132186"}],"version-history":[{"count":0,"href":"https:\/\/cdnoticias.com\/index.php\/wp-json\/wp\/v2\/posts\/132186\/revisions"}],"wp:featuredmedia":[{"embeddable":true,"href":"https:\/\/cdnoticias.com\/index.php\/wp-json\/wp\/v2\/media\/132187"}],"wp:attachment":[{"href":"https:\/\/cdnoticias.com\/index.php\/wp-json\/wp\/v2\/media?parent=132186"}],"wp:term":[{"taxonomy":"category","embeddable":true,"href":"https:\/\/cdnoticias.com\/index.php\/wp-json\/wp\/v2\/categories?post=132186"},{"taxonomy":"post_tag","embeddable":true,"href":"https:\/\/cdnoticias.com\/index.php\/wp-json\/wp\/v2\/tags?post=132186"}],"curies":[{"name":"wp","href":"https:\/\/api.w.org\/{rel}","templated":true}]}}