{"id":132182,"date":"2024-12-09T11:15:10","date_gmt":"2024-12-09T14:15:10","guid":{"rendered":"https:\/\/cdnoticias.com\/?p=132182"},"modified":"2024-12-09T16:09:29","modified_gmt":"2024-12-09T19:09:29","slug":"kicillof-rechazo-la-venta-de-aerolineas-argentinas-y-dijo-que-la-provincia-podria-tomar-el-control","status":"publish","type":"post","link":"https:\/\/cdnoticias.com\/index.php\/2024\/12\/09\/kicillof-rechazo-la-venta-de-aerolineas-argentinas-y-dijo-que-la-provincia-podria-tomar-el-control\/","title":{"rendered":"Kicillof rechaz\u00f3 la venta de Aerol\u00edneas Argentinas y dijo que la Provincia podr\u00eda tomar el control"},"content":{"rendered":"<p>El gobernador afirm\u00f3 que, en caso de que el Gobierno decida venderla, su administraci\u00f3n tomar\u00e1 medidas para evitar el desguace de la compa\u00f1\u00eda.<!--more--><\/p>\n<hr \/>\n<p><strong>El gobernador bonaerense Axel Kicillof<\/strong> <strong>rechaz\u00f3<\/strong> categ\u00f3ricamente este lunes una eventual <strong>privatizaci\u00f3n de Aerol\u00edneas Argentinas<\/strong>, y desliz\u00f3 que su administraci\u00f3n est\u00e1 interesada en<strong> hacerse cargo del control de la l\u00ednea a\u00e9rea<\/strong> de bandera si el Gobierno de Javier Milei insiste con venderla.<\/p>\n<blockquote><p>\u201cSi el Gobierno nacional quiere vaciar o vender Aerol\u00edneas Argentinas a una empresa extranjera o a un grupo amigo, la Provincia de Buenos Aires no lo va a permitir\u201d, asegur\u00f3 Kicillof durante una conferencia de prensa que dio en la Casa de Gobierno bonaerense.<\/p><\/blockquote>\n<p>En ese sentido, subray\u00f3 que la aerol\u00ednea de bandera<strong> es fundamental para el pa\u00eds<\/strong> y destac\u00f3 su relevancia econ\u00f3mica y social: <strong>\u201cEs un instrumento central para la conectividad de la Argentina<\/strong>, es una fuente de ingresos y de bienestar inconmensurable. <strong>La Provincia s\u00ed la quiere.<\/strong> Esto requiere una serie de pasos institucionales, y hoy expresamos la vocaci\u00f3n de empezar a dar esos pasos\u201d.<\/p>\n<p>\u201cLa Provincia plantea que si hay intenci\u00f3n de transferir<strong> nosotros empezamos un camino con gobernadores y trabajadores<\/strong>: vamos a trabajar tambi\u00e9n con <strong>sector aerocomercial y tur\u00edstico<\/strong> porque creemos que es de las mejores del mundo\u201d, dijo al<strong> anunciar la compra de acciones ante un escenario de venta<\/strong> de la l\u00ednea de bandera.<\/p>\n<p>Asimismo, siempre con cr\u00edticas a las pol\u00edticas de Javier Milei, destac\u00f3: \u201cEl Gobierno nacional ha amenazado con venderla, disolverla, llevarla a la quiebra.<em> Si la Naci\u00f3n plantea venta de paquete accionario o transferencia a trabajadores o declararla en quiebra o disolverla, nosotros lo vamos a impedir<\/em>, en la medida de lo posible\u201d, expres\u00f3 el mandatario bonaerense.<\/p>\n<blockquote><p>\u201cAnte la imposibilidad que tiene el gobierno nacional de gestionar nada queremos que se deje de mentir. No nos podemos dar el lujo para que liquide venda o mal venda a aerol\u00edneas. Si el gobierno plantea liquidarla que sepa que el gobierno de la provincia la va a sostener. Aerol\u00edneas no se vende: hay 21 destinos del interior a los que solo viaja la l\u00ednea de bandera. Destinos a los que llama no rentables\u201d, precis\u00f3. Y ampli\u00f3: \u201cQuieren cerrar vuelos. Estamos en la antesala de una estafa\u201d.<\/p><\/blockquote>\n<p><strong>\u201cHoy estamos a la espera pero prepar\u00e1ndonos para una decisi\u00f3n<\/strong>: la provincia de Buenos Aires empieza a explorar todos los caminos para dar una respuesta. No estamos en condiciones de que el Gobierno destruya Aerol\u00edneas. <strong>No podemos atravesar un vaciamiento ni una estafa. Nosotros vamos a impedir el desastre<\/strong>. La provincia tiene diferentes caminos, algunos necesitan de la Legislatura\u201d, ampli\u00f3 desde la Casa de Gobierno.<\/p>\n<p>Kicillof cuantific\u00f3 los beneficios econ\u00f3micos para la provincia de Buenos Aires en 2.665 millones de d\u00f3lares, sin contar impuestos, contribuciones y tasas. \u201cSi la provincia empieza a perder vuelos esa ser\u00e1 la p\u00e9rdida para la provincia. Hoy llamamos a trabajar junto con los gobernadores y los trabajadores para sacarle m\u00e1s el jugo: <strong>la provincia de Buenos Aires tiene diez millones de pasajes, tiene mucho movimiento. Es fundamental que eso no cese\u201d<\/strong>, cerr\u00f3.<\/p>\n<p>Fuente: <em>Agencia DIB<\/em><\/p>\n","protected":false},"excerpt":{"rendered":"<p>El gobernador afirm\u00f3 que, en caso de que el Gobierno decida venderla, su administraci\u00f3n tomar\u00e1 medidas para evitar el desguace<\/p>\n","protected":false},"author":4,"featured_media":119127,"comment_status":"closed","ping_status":"closed","sticky":false,"template":"","format":"standard","meta":{"_jetpack_memberships_contains_paid_content":false,"footnotes":""},"categories":[6,1],"tags":[],"class_list":["post-132182","post","type-post","status-publish","format-standard","has-post-thumbnail","hentry","category-nacionales","category-portada"],"jetpack_featured_media_url":"https:\/\/i0.wp.com\/cdnoticias.com\/wp-content\/uploads\/2024\/06\/axel-kicillof-01.jpg?fit=800%2C445&ssl=1","jetpack_sharing_enabled":true,"_links":{"self":[{"href":"https:\/\/cdnoticias.com\/index.php\/wp-json\/wp\/v2\/posts\/132182","targetHints":{"allow":["GET"]}}],"collection":[{"href":"https:\/\/cdnoticias.com\/index.php\/wp-json\/wp\/v2\/posts"}],"about":[{"href":"https:\/\/cdnoticias.com\/index.php\/wp-json\/wp\/v2\/types\/post"}],"author":[{"embeddable":true,"href":"https:\/\/cdnoticias.com\/index.php\/wp-json\/wp\/v2\/users\/4"}],"replies":[{"embeddable":true,"href":"https:\/\/cdnoticias.com\/index.php\/wp-json\/wp\/v2\/comments?post=132182"}],"version-history":[{"count":0,"href":"https:\/\/cdnoticias.com\/index.php\/wp-json\/wp\/v2\/posts\/132182\/revisions"}],"wp:featuredmedia":[{"embeddable":true,"href":"https:\/\/cdnoticias.com\/index.php\/wp-json\/wp\/v2\/media\/119127"}],"wp:attachment":[{"href":"https:\/\/cdnoticias.com\/index.php\/wp-json\/wp\/v2\/media?parent=132182"}],"wp:term":[{"taxonomy":"category","embeddable":true,"href":"https:\/\/cdnoticias.com\/index.php\/wp-json\/wp\/v2\/categories?post=132182"},{"taxonomy":"post_tag","embeddable":true,"href":"https:\/\/cdnoticias.com\/index.php\/wp-json\/wp\/v2\/tags?post=132182"}],"curies":[{"name":"wp","href":"https:\/\/api.w.org\/{rel}","templated":true}]}}