{"id":132178,"date":"2024-12-09T10:43:13","date_gmt":"2024-12-09T13:43:13","guid":{"rendered":"https:\/\/cdnoticias.com\/?p=132178"},"modified":"2024-12-09T12:05:08","modified_gmt":"2024-12-09T15:05:08","slug":"con-varias-ausencias-se-realizo-la-sesion-preparatoria-del-hcd","status":"publish","type":"post","link":"https:\/\/cdnoticias.com\/index.php\/2024\/12\/09\/con-varias-ausencias-se-realizo-la-sesion-preparatoria-del-hcd\/","title":{"rendered":"Con varias ausencias, se realiz\u00f3 la sesi\u00f3n preparatoria del HCD"},"content":{"rendered":"<p>Los dos proyectos en debate tuvieron aprobaci\u00f3n por unanimidad. La sesi\u00f3n extraordinaria fue presidida por Mar\u00eda Jos\u00e9 Gonz\u00e1lez. Se realiz\u00f3 en la sede del Concejo, en Alsina y San Mart\u00edn, sin trasmisi\u00f3n online.<!--more--><\/p>\n<hr \/>\n<p>Este jueves<strong> se realiz\u00f3 la sesi\u00f3n extraordinaria<\/strong> en la que <strong>se aprobaron por unanimidad dos ordenanzas preparatorias<\/strong> con modificaciones impositivas impulsadas por el Ejecutivo.<\/p>\n<p>Se trata de la <strong>Ordenanza Fiscal e Impositiva 2025<\/strong> y el <strong>Programa de Lucha Contra la Tucura 2024-2025<\/strong>. Ambos expedientes tendr\u00e1n que tratarse en una asamblea de concejales y mayores contribuyentes para tener aprobaci\u00f3n definitiva.<\/p>\n<p>La sesi\u00f3n se realiz\u00f3 en la<strong> sede del Concejo, en Alsina y San Mart\u00edn, sin trasmisi\u00f3n online<\/strong> como se realiza habitualmente.<\/p>\n<p><img data-recalc-dims=\"1\" loading=\"lazy\" decoding=\"async\" class=\"size-full wp-image-132179 aligncenter\" src=\"https:\/\/i0.wp.com\/cdnoticias.com\/wp-content\/uploads\/2024\/12\/HCD-sesion-preparatoria-00.jpg?resize=800%2C445&#038;ssl=1\" alt=\"\" width=\"800\" height=\"445\" srcset=\"https:\/\/i0.wp.com\/cdnoticias.com\/wp-content\/uploads\/2024\/12\/HCD-sesion-preparatoria-00.jpg?w=1000&amp;ssl=1 1000w, https:\/\/i0.wp.com\/cdnoticias.com\/wp-content\/uploads\/2024\/12\/HCD-sesion-preparatoria-00.jpg?resize=300%2C167&amp;ssl=1 300w, https:\/\/i0.wp.com\/cdnoticias.com\/wp-content\/uploads\/2024\/12\/HCD-sesion-preparatoria-00.jpg?resize=768%2C427&amp;ssl=1 768w, https:\/\/i0.wp.com\/cdnoticias.com\/wp-content\/uploads\/2024\/12\/HCD-sesion-preparatoria-00.jpg?resize=800%2C445&amp;ssl=1 800w\" sizes=\"auto, (max-width: 800px) 100vw, 800px\" \/><\/p>\n<p>Dur\u00f3 escasos minutos y fue <strong>presidida por Mar\u00eda Jos\u00e9 Gonz\u00e1lez (PRO-ERF)<\/strong> en reemplazo de <strong>Guillermo Santell\u00e1n, quien no asisti\u00f3 a la sesi\u00f3n.<\/strong><\/p>\n<p>Tambi\u00e9n estuvieron <strong>ausentes<\/strong> de la bancada oficialista las concejales <strong>Liliana Schwindt y Hosanna Cazola.<\/strong><\/p>\n<p>Asimismo, <strong>pidi\u00f3 licencia la concejal Miriam Mosescu<\/strong> del bloque PRO-ERF quien fue r<strong>eemplazada por Bel\u00e9n Vergel de UCR<\/strong>. La radical volvi\u00f3 al Legislativo y ocupar\u00e1 la banca hasta el 20 el diciembre.<\/p>\n","protected":false},"excerpt":{"rendered":"<p>Los dos proyectos en debate tuvieron aprobaci\u00f3n por unanimidad. La sesi\u00f3n extraordinaria fue presidida por Mar\u00eda Jos\u00e9 Gonz\u00e1lez. Se realiz\u00f3<\/p>\n","protected":false},"author":4,"featured_media":132180,"comment_status":"closed","ping_status":"closed","sticky":false,"template":"","format":"standard","meta":{"_jetpack_memberships_contains_paid_content":false,"footnotes":""},"categories":[4,1],"tags":[],"class_list":["post-132178","post","type-post","status-publish","format-standard","has-post-thumbnail","hentry","category-politica","category-portada"],"jetpack_featured_media_url":"https:\/\/i0.wp.com\/cdnoticias.com\/wp-content\/uploads\/2024\/12\/HCD-sesion-preparatoria-01.jpg?fit=1000%2C556&ssl=1","jetpack_sharing_enabled":true,"_links":{"self":[{"href":"https:\/\/cdnoticias.com\/index.php\/wp-json\/wp\/v2\/posts\/132178","targetHints":{"allow":["GET"]}}],"collection":[{"href":"https:\/\/cdnoticias.com\/index.php\/wp-json\/wp\/v2\/posts"}],"about":[{"href":"https:\/\/cdnoticias.com\/index.php\/wp-json\/wp\/v2\/types\/post"}],"author":[{"embeddable":true,"href":"https:\/\/cdnoticias.com\/index.php\/wp-json\/wp\/v2\/users\/4"}],"replies":[{"embeddable":true,"href":"https:\/\/cdnoticias.com\/index.php\/wp-json\/wp\/v2\/comments?post=132178"}],"version-history":[{"count":0,"href":"https:\/\/cdnoticias.com\/index.php\/wp-json\/wp\/v2\/posts\/132178\/revisions"}],"wp:featuredmedia":[{"embeddable":true,"href":"https:\/\/cdnoticias.com\/index.php\/wp-json\/wp\/v2\/media\/132180"}],"wp:attachment":[{"href":"https:\/\/cdnoticias.com\/index.php\/wp-json\/wp\/v2\/media?parent=132178"}],"wp:term":[{"taxonomy":"category","embeddable":true,"href":"https:\/\/cdnoticias.com\/index.php\/wp-json\/wp\/v2\/categories?post=132178"},{"taxonomy":"post_tag","embeddable":true,"href":"https:\/\/cdnoticias.com\/index.php\/wp-json\/wp\/v2\/tags?post=132178"}],"curies":[{"name":"wp","href":"https:\/\/api.w.org\/{rel}","templated":true}]}}