{"id":132176,"date":"2024-12-10T08:09:18","date_gmt":"2024-12-10T11:09:18","guid":{"rendered":"https:\/\/cdnoticias.com\/?p=132176"},"modified":"2024-12-10T10:27:28","modified_gmt":"2024-12-10T13:27:28","slug":"es-cuestion-de-dias-para-que-comience-a-establecerse-alguna-primera-ola-de-calor","status":"publish","type":"post","link":"https:\/\/cdnoticias.com\/index.php\/2024\/12\/10\/es-cuestion-de-dias-para-que-comience-a-establecerse-alguna-primera-ola-de-calor\/","title":{"rendered":"\u201cEs cuesti\u00f3n de d\u00edas para que comience a establecerse alguna primera ola de calor\u201d"},"content":{"rendered":"\n<p>El meteor\u00f3logo Lucas Berengua habl\u00f3 sobre la tendencia de temperaturas para los meses de diciembre, enero y febrero en el centro de la provincia de Buenos Aires. Las precipitaciones y tormentas durante el verano.<\/p>\n\n\n\n<hr class=\"wp-block-separator has-alpha-channel-opacity\"\/>\n\n\n\n<p>El <strong>meteor\u00f3logo Lucas Berengua<\/strong> sostuvo que \u201ctenemos temporadas bastante m\u00e1s c\u00e1lidas que los habitual pero inclusive adentro de lo que es el calentamiento global se siguen observando inviernos muy fr\u00edos como pas\u00f3 el a\u00f1o pasado\u201d.<\/p>\n\n\n\n<p><\/p>\n\n\n\n<p><strong>\u201cEstamos dentro de un clima cambiante y un clima que se puede confirmar que hay calentamiento global\u201d<\/strong>, expres\u00f3 en di\u00e1logo con el programa <em>Levantate (Radio Sapiens).<\/em><\/p>\n\n\n\n<p><\/p>\n\n\n\n<p>En ese sentido describi\u00f3 que \u201crealmente m\u00e1s de 3 o 4 d\u00edas de 30 grados no ha habido en lo que va del mes de noviembre y diciembre esto tambi\u00e9n marca un poquito la diferencia\u201d pero anticip\u00f3 que <strong>\u201ces cuesti\u00f3n de d\u00edas para que la temperatura ya comience a subir y establecerse alguna primera ola de calor de las que s\u00ed estamos acostumbrados a vivir en los veranos en nuestro hemisferio\u201d.<\/strong><\/p>\n\n\n\n<p><\/p>\n\n\n\n<figure class=\"wp-block-image size-full\"><img data-recalc-dims=\"1\" loading=\"lazy\" decoding=\"async\" width=\"800\" height=\"445\" src=\"https:\/\/i0.wp.com\/cdnoticias.com\/wp-content\/uploads\/2024\/03\/lucas-berengua1.jpg?resize=800%2C445&#038;ssl=1\" alt=\"\" class=\"wp-image-112596\" srcset=\"https:\/\/i0.wp.com\/cdnoticias.com\/wp-content\/uploads\/2024\/03\/lucas-berengua1.jpg?w=1000&amp;ssl=1 1000w, https:\/\/i0.wp.com\/cdnoticias.com\/wp-content\/uploads\/2024\/03\/lucas-berengua1.jpg?resize=300%2C167&amp;ssl=1 300w, https:\/\/i0.wp.com\/cdnoticias.com\/wp-content\/uploads\/2024\/03\/lucas-berengua1.jpg?resize=768%2C427&amp;ssl=1 768w, https:\/\/i0.wp.com\/cdnoticias.com\/wp-content\/uploads\/2024\/03\/lucas-berengua1.jpg?resize=800%2C445&amp;ssl=1 800w\" sizes=\"auto, (max-width: 800px) 100vw, 800px\" \/><\/figure>\n\n\n\n<p><\/p>\n\n\n\n<p>Tambi\u00e9n <strong>derrib\u00f3 la expresi\u00f3n popular que indica que cu\u00e1nto m\u00e1s duro es el invierno, m\u00e1s calor se registrar\u00e1 durante el verano. \u201cEs un mito que no tiene comprobaci\u00f3n cient\u00edfica.<\/strong> Ha habido veranos como el anterior que no fue tan fuerte y sin embargo tuvimos el invierno m\u00e1s crudo en casi 30 a\u00f1os pero no implica que vamos a tener el verano m\u00e1s crudo en 30 a\u00f1os\u201d.<\/p>\n\n\n\n<p><\/p>\n\n\n\n<p>Por otra parte, se\u00f1al\u00f3 que la<strong> tendencia trimestral <\/strong>para la regi\u00f3n centro de la provincia de Buenos Aires, anticipa <strong>\u201ctemperaturas normales o superiores a las normales y precipitaciones normales\u201d<\/strong> por lo que \u201cdeber\u00edamos estar en una tendencia de un diciembre, enero y febrero con temperaturas a las que estamos habituados para estos tres meses\u201d.<\/p>\n\n\n\n<p><\/p>\n\n\n\n<p>Asimismo, indic\u00f3 que para este trimestre se esperan \u201c<strong>lluvias y tormentas dentro de lo esperado. <\/strong>Por supuesto hay tormentas que en esa misma \u00e9poca de verano traen algunos extremos\u201d y respecto a las olas de calor se\u00f1al\u00f3 que \u201cnormalmente se registran entre una y dos olas de calor con algunos extremos de tres o cuatro olas de calor, pero eso no se sabe hasta diez o quince d\u00edas antes\u201d.<\/p>\n\n\n\n<p><\/p>\n\n\n\n<blockquote class=\"wp-block-quote is-layout-flow wp-block-quote-is-layout-flow\">\n<p>\u201cPor ahora vamos camino a la normalidad en todas las variables\u201d y explic\u00f3 que \u201clas precipitaciones normales en un trimestre pueden dar lugar a episodios de tormentas muy fuertes durante el verano que acumulen mucho durante un mes y luego poco los siguientes dos\u201d.<\/p>\n<\/blockquote>\n\n\n\n<p><\/p>\n\n\n\n<p>Es por eso que \u201c<strong>tenemos que estar atentos a lo que es fuera de lo clim\u00e1tico, a lo diario,<\/strong> que ni yo ni nadie te puede decir si va a llover mucho el 15, el 20 o el 3 de marzo\u201d, resalt\u00f3 el profesional.<\/p>\n\n\n\n<p><\/p>\n\n\n\n<p>Por \u00faltimo, se\u00f1al\u00f3 que respecto a los <strong>temporales que se registraron en diciembre del a\u00f1o pasado en Olavarr\u00eda<\/strong> \u201cno hay una regla que si ocurri\u00f3 una vez puede volver a ocurrir. Eso no es real pero s\u00ed puede pasar\u201d.<\/p>\n\n\n\n<p><\/p>\n\n\n\n<p>\u201c<strong>Va a haber tormentas severas como las hay todos los veranos en la provincia de Buenos Aires. <\/strong>Las ha habido incluso la semana pasada, pero ese tipo de pron\u00f3stico se hace de un momento a otro\u201d, concluy\u00f3 Lucas Berengua.<\/p>\n","protected":false},"excerpt":{"rendered":"<p>El meteor\u00f3logo Lucas Berengua habl\u00f3 sobre la tendencia de temperaturas para los meses de diciembre, enero y febrero en el<\/p>\n","protected":false},"author":5,"featured_media":107928,"comment_status":"closed","ping_status":"closed","sticky":false,"template":"","format":"standard","meta":{"_jetpack_memberships_contains_paid_content":false,"footnotes":""},"categories":[5,1],"tags":[],"class_list":["post-132176","post","type-post","status-publish","format-standard","has-post-thumbnail","hentry","category-informacion-general","category-portada"],"jetpack_featured_media_url":"https:\/\/i0.wp.com\/cdnoticias.com\/wp-content\/uploads\/2024\/02\/parque-verano-calor-8-scaled.jpg?fit=2560%2C1424&ssl=1","jetpack_sharing_enabled":true,"_links":{"self":[{"href":"https:\/\/cdnoticias.com\/index.php\/wp-json\/wp\/v2\/posts\/132176","targetHints":{"allow":["GET"]}}],"collection":[{"href":"https:\/\/cdnoticias.com\/index.php\/wp-json\/wp\/v2\/posts"}],"about":[{"href":"https:\/\/cdnoticias.com\/index.php\/wp-json\/wp\/v2\/types\/post"}],"author":[{"embeddable":true,"href":"https:\/\/cdnoticias.com\/index.php\/wp-json\/wp\/v2\/users\/5"}],"replies":[{"embeddable":true,"href":"https:\/\/cdnoticias.com\/index.php\/wp-json\/wp\/v2\/comments?post=132176"}],"version-history":[{"count":0,"href":"https:\/\/cdnoticias.com\/index.php\/wp-json\/wp\/v2\/posts\/132176\/revisions"}],"wp:featuredmedia":[{"embeddable":true,"href":"https:\/\/cdnoticias.com\/index.php\/wp-json\/wp\/v2\/media\/107928"}],"wp:attachment":[{"href":"https:\/\/cdnoticias.com\/index.php\/wp-json\/wp\/v2\/media?parent=132176"}],"wp:term":[{"taxonomy":"category","embeddable":true,"href":"https:\/\/cdnoticias.com\/index.php\/wp-json\/wp\/v2\/categories?post=132176"},{"taxonomy":"post_tag","embeddable":true,"href":"https:\/\/cdnoticias.com\/index.php\/wp-json\/wp\/v2\/tags?post=132176"}],"curies":[{"name":"wp","href":"https:\/\/api.w.org\/{rel}","templated":true}]}}