{"id":132171,"date":"2024-12-09T10:02:40","date_gmt":"2024-12-09T13:02:40","guid":{"rendered":"https:\/\/cdnoticias.com\/?p=132171"},"modified":"2024-12-09T11:15:26","modified_gmt":"2024-12-09T14:15:26","slug":"olavarria-sera-sede-de-la-celebracion-por-el-51o-aniversario-de-la-educacion-de-adultos","status":"publish","type":"post","link":"https:\/\/cdnoticias.com\/index.php\/2024\/12\/09\/olavarria-sera-sede-de-la-celebracion-por-el-51o-aniversario-de-la-educacion-de-adultos\/","title":{"rendered":"Olavarr\u00eda ser\u00e1 sede de la celebraci\u00f3n por el 51\u00ba aniversario de la educaci\u00f3n de adultos"},"content":{"rendered":"<p>El acto se realizar\u00e1 en la escuela de De\u00e1n Funes y \u00c1lvaro Barros desde las 18. Se presentar\u00e1 la bandera de 350 metros de largo y habr\u00e1 un desfile.<!--more--><\/p>\n<hr \/>\n<p>Se realizar\u00e1 en el distrito de Olavarr\u00eda el <strong>acto provincial de celebraci\u00f3n del 51\u00ba Aniversario de la Educaci\u00f3n de Adultos<\/strong> bajo el lema: &#8220;Levantamos en alto nuestras banderas y amasamos la historia&#8221;. El acto se realizar\u00e1 en la Escuela 32 de De\u00e1n Funes y \u00c1lvaro Barros desde las 18 de este lunes.<\/p>\n<p>Tal como se inform\u00f3 desde la Jefatura Regional de Educaci\u00f3n, en este evento<strong> confluir\u00e1n 137 banderas confeccionadas en cada territorio<\/strong> con participaci\u00f3n de todas las propuestas de la modalidad. Se recopilar\u00e1n, adem\u00e1s, los<strong> relatos hist\u00f3ricos producidos por docentes, estudiantes y comunidad educativa<\/strong> de todas nuestras instituciones.<em> \u201cConstruiremos la historia de los \u00faltimos 75 a\u00f1os de la educaci\u00f3n de J\u00f3venes, Adultos y Adultos Mayores\u201d<\/em> se destac\u00f3.<\/p>\n<p>El desarrollo del acto adem\u00e1s de contar con la presencia de autoridades locales, regionales y provinciales tiene previsto la realizaci\u00f3n de un<strong> desfile de instituciones y organizaciones sociales y culturales e instituciones educativas.<\/strong><\/p>\n<blockquote><p>La centralidad del acto estar\u00e1 dada por la presentaci\u00f3n de la bandera provincial de modalidad de adultos que tiene 350 metros de largo y representan a todos los distritos de la provincia de Buenos Aires. Fue confeccionada a partir de las 137 banderas realizadas en cada territorio con participaci\u00f3n de todas las propuestas de la modalidad.<\/p><\/blockquote>\n<p>Adem\u00e1s se han recopilado los relatos hist\u00f3ricos producidos por docentes, estudiantes y comunidad educativa de todas nuestras instituciones lo que permitir\u00e1 <strong>reconstruir historia de los \u00faltimos 75 a\u00f1os de la educaci\u00f3n de J\u00f3venes, Adultos y Adultos Mayores<\/strong>.<\/p>\n<p>Las 12 formaciones se convirtieron al finalizar el recorrido en 7 terminales de los distritos de: Azul, Benito Ju\u00e1rez, Bol\u00edvar, Daireaux, General Lamadrid, Laprida y Tapalqu\u00e9 y hoy se reunir\u00e1n en Olavarr\u00eda en este acto central.<\/p>\n<p>El <strong>cierre del evento tendr\u00e1 a la Murga \u201cArrebatando L\u00e1grimas\u201d<\/strong>; la<strong> inauguraci\u00f3n del mural<\/strong> realizado en articulaci\u00f3n entre la Escuela de Educaci\u00f3n para Adultos y el Centro Educativo de Producci\u00f3n Audiovisual y Comunitaria CEPEAC N\u00b01<\/p>\n<p>Asimismo se dar\u00e1 <strong>apertura al muestreo de la Modalidad en el interior de la Escuela Primaria N\u00b032<\/strong>, que incluye obras de teatro, muestras est\u00e1ticas, talleres, y la invitaci\u00f3n a recorrer la Feria de Educaci\u00f3n Superior y Formaci\u00f3n profesional.<\/p>\n","protected":false},"excerpt":{"rendered":"<p>El acto se realizar\u00e1 en la escuela de De\u00e1n Funes y \u00c1lvaro Barros desde las 18. Se presentar\u00e1 la bandera<\/p>\n","protected":false},"author":4,"featured_media":132172,"comment_status":"closed","ping_status":"closed","sticky":false,"template":"","format":"standard","meta":{"_jetpack_memberships_contains_paid_content":false,"footnotes":""},"categories":[5,1],"tags":[],"class_list":["post-132171","post","type-post","status-publish","format-standard","has-post-thumbnail","hentry","category-informacion-general","category-portada"],"jetpack_featured_media_url":"https:\/\/i0.wp.com\/cdnoticias.com\/wp-content\/uploads\/2024\/12\/escuela-32.jpg?fit=1000%2C556&ssl=1","jetpack_sharing_enabled":true,"_links":{"self":[{"href":"https:\/\/cdnoticias.com\/index.php\/wp-json\/wp\/v2\/posts\/132171","targetHints":{"allow":["GET"]}}],"collection":[{"href":"https:\/\/cdnoticias.com\/index.php\/wp-json\/wp\/v2\/posts"}],"about":[{"href":"https:\/\/cdnoticias.com\/index.php\/wp-json\/wp\/v2\/types\/post"}],"author":[{"embeddable":true,"href":"https:\/\/cdnoticias.com\/index.php\/wp-json\/wp\/v2\/users\/4"}],"replies":[{"embeddable":true,"href":"https:\/\/cdnoticias.com\/index.php\/wp-json\/wp\/v2\/comments?post=132171"}],"version-history":[{"count":0,"href":"https:\/\/cdnoticias.com\/index.php\/wp-json\/wp\/v2\/posts\/132171\/revisions"}],"wp:featuredmedia":[{"embeddable":true,"href":"https:\/\/cdnoticias.com\/index.php\/wp-json\/wp\/v2\/media\/132172"}],"wp:attachment":[{"href":"https:\/\/cdnoticias.com\/index.php\/wp-json\/wp\/v2\/media?parent=132171"}],"wp:term":[{"taxonomy":"category","embeddable":true,"href":"https:\/\/cdnoticias.com\/index.php\/wp-json\/wp\/v2\/categories?post=132171"},{"taxonomy":"post_tag","embeddable":true,"href":"https:\/\/cdnoticias.com\/index.php\/wp-json\/wp\/v2\/tags?post=132171"}],"curies":[{"name":"wp","href":"https:\/\/api.w.org\/{rel}","templated":true}]}}