{"id":13217,"date":"2021-02-07T17:44:52","date_gmt":"2021-02-07T20:44:52","guid":{"rendered":"http:\/\/www.centraldenoticias.com.ar\/?p=13217"},"modified":"2021-02-07T17:44:52","modified_gmt":"2021-02-07T20:44:52","slug":"el-presidente-aviso-que-si-aumenta-el-precio-de-la-carne-podria-subir-retenciones","status":"publish","type":"post","link":"https:\/\/cdnoticias.com\/index.php\/2021\/02\/07\/el-presidente-aviso-que-si-aumenta-el-precio-de-la-carne-podria-subir-retenciones\/","title":{"rendered":"El presidente avis\u00f3 que si aumenta el precio de la carne podr\u00eda subir retenciones"},"content":{"rendered":"<p>Incluso, dej\u00f3 en claro que son opciones que \u201cpreferir\u00eda no usar\u201d pero apelar\u00eda a poner cupos, es decir, frenar las exportaciones. \u201cNo hay mucho m\u00e1s tiempo para que decidan\u201d.<!--more--><\/p>\n<hr \/>\n<p>El presidente <strong>Alberto Fern\u00e1ndez se refiri\u00f3 este domingo, en una entrevista realizada a Pagina 12, a la suba del precio de los alimentos por la demanda internacional, especialmente de la carne<\/strong>, y apost\u00f3 al di\u00e1logo al se\u00f1alar que el Estado tiene la <strong>posibilidad de establecer retenciones o cupos, herramientas que <em>\u201cpreferir\u00eda no usar\u201d.<\/em><\/strong><\/p>\n<p>&nbsp;<\/p>\n<p><em>\u201cQuisiera explicar qu\u00e9 pasa con la carne. Para que la gente me entienda, China era un pa\u00eds que solo importaba carne envasada y hab\u00eda un n\u00famero limitado de frigor\u00edficos que ten\u00edan capacidad de exportar.<strong> Ahora, decidi\u00f3 importar carne con hueso, medias reses y el productor de carne tiene la posibilidad de vend\u00e9rsela al carnicero o vend\u00e9rsela a China a un precio enorme<\/strong>\u201d<\/em>, explic\u00f3 Fern\u00e1ndez.<\/p>\n<p>&nbsp;<\/p>\n<blockquote><p>\u201cYo necesito que ellos exporten porque necesito d\u00f3lares que entren. Pero lo que no pueden es trasladar a los argentinos los precios internacionales porque no producen en precios internacionales. Ellos no producen en d\u00f3lares\u201d.<\/p><\/blockquote>\n<p>&nbsp;<\/p>\n<p>Por las subas, el Presidente dej\u00f3 en claro que <strong><em>\u201cel Estado s\u00f3lo tiene dos canales para resolver el problema, dos herramientas que preferir\u00eda no usar: subir las retenciones (que en este momento est\u00e1n acotadas) o poner cupos, decir esto no se exporta\u201d.<\/em><\/strong><\/p>\n<p>&nbsp;<\/p>\n<p>Y tras aclarar que claramente es un aviso antes de tomar la decisi\u00f3n, les dijo a los productores que <em>\u201cno hay mucho m\u00e1s tiempo para que decidan\u201d. \u201cLes estoy diciendo p\u00fablicamente que no puedo dejar que esto siga pasando, porque el riesgo es que con la pandemia todos estos productos van a seguir creciendo en su precio y no estamos dispuestos a tolerarlo\u201d<\/em>, asegur\u00f3.<\/p>\n<p>&nbsp;<\/p>\n<p>Fern\u00e1ndez destac\u00f3 que los aceiteros<em> \u201clo entendieron y organizaron un fideicomiso\u201d<\/em> para <em>\u201cun mecanismo de compensaci\u00f3n entre ellos\u201d.<strong> \u201cSi no lo entienden, me obligan a resolver el problema y no pueden hacerse los desentendidos. A m\u00ed me votaron para ejercer el poder cuando tengo que ejercerlo. No se puede especular en este contexto, no tienen derecho a lastimar la tranquilidad de la gente\u201d<\/strong><\/em>, consider\u00f3.<\/p>\n<p>&nbsp;<\/p>\n<p>Y se\u00f1al\u00f3: <em>\u201cEstoy feliz de que podamos exportar, pero<strong> no puedo entender c\u00f3mo puede ser que los argentinos convirtamos una oportunidad en un problema\u201d.<\/strong><\/em><\/p>\n","protected":false},"excerpt":{"rendered":"<p>Incluso, dej\u00f3 en claro que son opciones que \u201cpreferir\u00eda no usar\u201d pero apelar\u00eda a poner cupos, es decir, frenar las<\/p>\n","protected":false},"author":2,"featured_media":9910,"comment_status":"closed","ping_status":"closed","sticky":false,"template":"","format":"standard","meta":{"_jetpack_memberships_contains_paid_content":false,"footnotes":""},"categories":[6,1],"tags":[],"class_list":["post-13217","post","type-post","status-publish","format-standard","has-post-thumbnail","hentry","category-nacionales","category-portada"],"jetpack_featured_media_url":"https:\/\/i0.wp.com\/cdnoticias.com\/wp-content\/uploads\/2020\/12\/alberto-fernandez-1.jpg?fit=700%2C394&ssl=1","jetpack_sharing_enabled":true,"_links":{"self":[{"href":"https:\/\/cdnoticias.com\/index.php\/wp-json\/wp\/v2\/posts\/13217","targetHints":{"allow":["GET"]}}],"collection":[{"href":"https:\/\/cdnoticias.com\/index.php\/wp-json\/wp\/v2\/posts"}],"about":[{"href":"https:\/\/cdnoticias.com\/index.php\/wp-json\/wp\/v2\/types\/post"}],"author":[{"embeddable":true,"href":"https:\/\/cdnoticias.com\/index.php\/wp-json\/wp\/v2\/users\/2"}],"replies":[{"embeddable":true,"href":"https:\/\/cdnoticias.com\/index.php\/wp-json\/wp\/v2\/comments?post=13217"}],"version-history":[{"count":0,"href":"https:\/\/cdnoticias.com\/index.php\/wp-json\/wp\/v2\/posts\/13217\/revisions"}],"wp:featuredmedia":[{"embeddable":true,"href":"https:\/\/cdnoticias.com\/index.php\/wp-json\/wp\/v2\/media\/9910"}],"wp:attachment":[{"href":"https:\/\/cdnoticias.com\/index.php\/wp-json\/wp\/v2\/media?parent=13217"}],"wp:term":[{"taxonomy":"category","embeddable":true,"href":"https:\/\/cdnoticias.com\/index.php\/wp-json\/wp\/v2\/categories?post=13217"},{"taxonomy":"post_tag","embeddable":true,"href":"https:\/\/cdnoticias.com\/index.php\/wp-json\/wp\/v2\/tags?post=13217"}],"curies":[{"name":"wp","href":"https:\/\/api.w.org\/{rel}","templated":true}]}}