{"id":132160,"date":"2024-12-09T09:23:37","date_gmt":"2024-12-09T12:23:37","guid":{"rendered":"https:\/\/cdnoticias.com\/?p=132160"},"modified":"2024-12-09T10:03:05","modified_gmt":"2024-12-09T13:03:05","slug":"sesion-extraordinaria-del-hcd-para-tratar-cambios-impositivos","status":"publish","type":"post","link":"https:\/\/cdnoticias.com\/index.php\/2024\/12\/09\/sesion-extraordinaria-del-hcd-para-tratar-cambios-impositivos\/","title":{"rendered":"Sesi\u00f3n extraordinaria del HCD para tratar cambios impositivos"},"content":{"rendered":"<p>Desde las 9 estar\u00e1n en tratamiento dos proyectos impulsados por el Ejecutivo. Reingresar\u00e1 Bel\u00e9n Vergel al cuerpo, en reemplazo de Miriam Mosescu.<!--more--><\/p>\n<hr \/>\n<p><a href=\"https:\/\/cdnoticias.com\/index.php\/2024\/12\/07\/hcd-habra-sesion-preparatoria-y-se-debatira-la-campana-contra-la-tucura\/\" target=\"_blank\" rel=\"noopener\">Tal como se adelant\u00f3<\/a>, este lunes se realizar\u00e1 una <strong>sesi\u00f3n extraordinaria en el Concejo Deliberante<\/strong> donde se pondr\u00e1n en debate<strong> dos proyectos<\/strong> impulsados por el Ejecutivo. A diferencia de lo que habitualmente se realiza, en esta oportunidad <strong>no habr\u00e1 trasmisi\u00f3n en vivo<\/strong>.<\/p>\n<p><strong>A partir de las 9<\/strong> de la ma\u00f1ana en la sede del HCD se tratar\u00e1n <strong>modificaciones a la Ordenanza Fiscal e Impositiva 2025<\/strong> y el <strong>Programa de Lucha Contra la Tucura 2024-2025.<\/strong><\/p>\n<p>De aprobarse, ambas iniciativas requerir\u00e1n ser tratadas en una <strong>asamblea de concejales y mayores contribuyentes<\/strong> para tener aprobaci\u00f3n definitiva y aplicaci\u00f3n.<\/p>\n<p>Para la sesi\u00f3n de este jueves<strong> se espera tambi\u00e9n un cambio en la composici\u00f3n del cuerpo<\/strong>: la bancada radical sumar\u00e1 un integrante. La concejal <strong>Miriam Mosescu del bloque PRO-ERF solicit\u00f3 licencia desde este lunes y hasta el 20 el diciembre<\/strong>, con lo que corresponde su <strong>reemplazo por Bel\u00e9n Vergel de UCR.<\/strong><\/p>\n","protected":false},"excerpt":{"rendered":"<p>Desde las 9 estar\u00e1n en tratamiento dos proyectos impulsados por el Ejecutivo. Reingresar\u00e1 Bel\u00e9n Vergel al cuerpo, en reemplazo de<\/p>\n","protected":false},"author":4,"featured_media":129339,"comment_status":"closed","ping_status":"closed","sticky":false,"template":"","format":"standard","meta":{"_jetpack_memberships_contains_paid_content":false,"footnotes":""},"categories":[4],"tags":[],"class_list":["post-132160","post","type-post","status-publish","format-standard","has-post-thumbnail","hentry","category-politica"],"jetpack_featured_media_url":"https:\/\/i0.wp.com\/cdnoticias.com\/wp-content\/uploads\/2024\/11\/hcd-sesion-especial-calle-agua-00.jpg?fit=800%2C445&ssl=1","jetpack_sharing_enabled":true,"_links":{"self":[{"href":"https:\/\/cdnoticias.com\/index.php\/wp-json\/wp\/v2\/posts\/132160","targetHints":{"allow":["GET"]}}],"collection":[{"href":"https:\/\/cdnoticias.com\/index.php\/wp-json\/wp\/v2\/posts"}],"about":[{"href":"https:\/\/cdnoticias.com\/index.php\/wp-json\/wp\/v2\/types\/post"}],"author":[{"embeddable":true,"href":"https:\/\/cdnoticias.com\/index.php\/wp-json\/wp\/v2\/users\/4"}],"replies":[{"embeddable":true,"href":"https:\/\/cdnoticias.com\/index.php\/wp-json\/wp\/v2\/comments?post=132160"}],"version-history":[{"count":0,"href":"https:\/\/cdnoticias.com\/index.php\/wp-json\/wp\/v2\/posts\/132160\/revisions"}],"wp:featuredmedia":[{"embeddable":true,"href":"https:\/\/cdnoticias.com\/index.php\/wp-json\/wp\/v2\/media\/129339"}],"wp:attachment":[{"href":"https:\/\/cdnoticias.com\/index.php\/wp-json\/wp\/v2\/media?parent=132160"}],"wp:term":[{"taxonomy":"category","embeddable":true,"href":"https:\/\/cdnoticias.com\/index.php\/wp-json\/wp\/v2\/categories?post=132160"},{"taxonomy":"post_tag","embeddable":true,"href":"https:\/\/cdnoticias.com\/index.php\/wp-json\/wp\/v2\/tags?post=132160"}],"curies":[{"name":"wp","href":"https:\/\/api.w.org\/{rel}","templated":true}]}}