{"id":132154,"date":"2024-12-09T08:26:57","date_gmt":"2024-12-09T11:26:57","guid":{"rendered":"https:\/\/cdnoticias.com\/?p=132154"},"modified":"2024-12-09T10:44:18","modified_gmt":"2024-12-09T13:44:18","slug":"desde-este-lunes-los-bancos-cambian-su-horario-de-atencion","status":"publish","type":"post","link":"https:\/\/cdnoticias.com\/index.php\/2024\/12\/09\/desde-este-lunes-los-bancos-cambian-su-horario-de-atencion\/","title":{"rendered":"Desde este lunes los bancos cambian su horario de atenci\u00f3n"},"content":{"rendered":"<p>Ocurre, como todos los a\u00f1os, en la mayor\u00eda de los municipios bonaerenses entre ellos Olavarr\u00eda. Hasta fines de marzo, los bancos atender\u00e1n de 8 a 13.<!--more--><\/p>\n<hr \/>\n<p>Los <strong>bancos de Olavarr\u00eda y otras 107 localidades<\/strong> de la provincia de Buenos Aires <strong>comenzaron desde este lunes<\/strong> con el horario tradicional de verano: <strong>de 8 a 13 horas.<\/strong><\/p>\n<p>La medida fue <strong>avalada por el gobernador Axel Kicillof<\/strong> pese a la presi\u00f3n de comerciantes en algunos sectores.<\/p>\n<p>El nuevo horario <strong>se extender\u00e1 hasta el 24 de marzo.<\/strong><\/p>\n<p><a href=\"https:\/\/cdnoticias.com\/index.php\/2024\/12\/06\/en-olavarria-banco-provincia-se-suma-al-horario-de-verano\/\" target=\"_blank\" rel=\"noopener\">El mandatario acept\u00f3 el pedido elevado por el gremio La Bancaria<\/a>, que solicit\u00f3, como en a\u00f1os anteriores, cambiar el habitual horario de atenci\u00f3n de 10 a 15 por el de 8 a 13 debido a las altas temperaturas en esa \u00e9poca del a\u00f1o.<\/p>\n<p>Si bien este a\u00f1o el cambio de horario iba a empezar antes, la queja de distintas c\u00e1maras de comercio de la provincia de Buenos Aires hizo que el nuevo horario se efectivizara a partir de este lunes y hasta el lunes 24 de marzo del a\u00f1o que viene. Pero como ese d\u00eda es feriado, los bancos volver\u00e1n a su atenci\u00f3n habitual el martes 25 de ese mes.<\/p>\n","protected":false},"excerpt":{"rendered":"<p>Ocurre, como todos los a\u00f1os, en la mayor\u00eda de los municipios bonaerenses entre ellos Olavarr\u00eda. Hasta fines de marzo, los<\/p>\n","protected":false},"author":4,"featured_media":39501,"comment_status":"closed","ping_status":"closed","sticky":false,"template":"","format":"standard","meta":{"_jetpack_memberships_contains_paid_content":false,"footnotes":""},"categories":[5,1],"tags":[],"class_list":["post-132154","post","type-post","status-publish","format-standard","has-post-thumbnail","hentry","category-informacion-general","category-portada"],"jetpack_featured_media_url":"https:\/\/i0.wp.com\/cdnoticias.com\/wp-content\/uploads\/2021\/11\/banco-1.jpg?fit=800%2C445&ssl=1","jetpack_sharing_enabled":true,"_links":{"self":[{"href":"https:\/\/cdnoticias.com\/index.php\/wp-json\/wp\/v2\/posts\/132154","targetHints":{"allow":["GET"]}}],"collection":[{"href":"https:\/\/cdnoticias.com\/index.php\/wp-json\/wp\/v2\/posts"}],"about":[{"href":"https:\/\/cdnoticias.com\/index.php\/wp-json\/wp\/v2\/types\/post"}],"author":[{"embeddable":true,"href":"https:\/\/cdnoticias.com\/index.php\/wp-json\/wp\/v2\/users\/4"}],"replies":[{"embeddable":true,"href":"https:\/\/cdnoticias.com\/index.php\/wp-json\/wp\/v2\/comments?post=132154"}],"version-history":[{"count":0,"href":"https:\/\/cdnoticias.com\/index.php\/wp-json\/wp\/v2\/posts\/132154\/revisions"}],"wp:featuredmedia":[{"embeddable":true,"href":"https:\/\/cdnoticias.com\/index.php\/wp-json\/wp\/v2\/media\/39501"}],"wp:attachment":[{"href":"https:\/\/cdnoticias.com\/index.php\/wp-json\/wp\/v2\/media?parent=132154"}],"wp:term":[{"taxonomy":"category","embeddable":true,"href":"https:\/\/cdnoticias.com\/index.php\/wp-json\/wp\/v2\/categories?post=132154"},{"taxonomy":"post_tag","embeddable":true,"href":"https:\/\/cdnoticias.com\/index.php\/wp-json\/wp\/v2\/tags?post=132154"}],"curies":[{"name":"wp","href":"https:\/\/api.w.org\/{rel}","templated":true}]}}