{"id":132143,"date":"2024-12-08T18:57:14","date_gmt":"2024-12-08T21:57:14","guid":{"rendered":"https:\/\/cdnoticias.com\/?p=132143"},"modified":"2024-12-08T18:57:16","modified_gmt":"2024-12-08T21:57:16","slug":"se-realizo-la-cena-de-fin-de-ano-de-tiro-federal-y-subcomision-de-tejo","status":"publish","type":"post","link":"https:\/\/cdnoticias.com\/index.php\/2024\/12\/08\/se-realizo-la-cena-de-fin-de-ano-de-tiro-federal-y-subcomision-de-tejo\/","title":{"rendered":"Se realiz\u00f3 la cena de fin de a\u00f1o de Tiro Federal y Subcomisi\u00f3n de Tejo"},"content":{"rendered":"\n<p>Hubo acompa\u00f1amiento de autoridades, socios y colaboradores.<\/p>\n\n\n\n<hr class=\"wp-block-separator aligncenter has-alpha-channel-opacity\"\/>\n\n\n\n<p>Con gran \u00e9xito, <strong>se realiz\u00f3 en las \u00faltimas horas la cena de fin de a\u00f1o del Tiro Federal y Subcomisi\u00f3n de Tejo.<\/strong><\/p>\n\n\n\n<figure class=\"wp-block-image size-full\"><img data-recalc-dims=\"1\" loading=\"lazy\" decoding=\"async\" width=\"720\" height=\"400\" src=\"https:\/\/i0.wp.com\/cdnoticias.com\/wp-content\/uploads\/2024\/12\/Imagen-de-WhatsApp-2024-12-08-a-las-15.17.48_b11d8263.jpg?resize=720%2C400&#038;ssl=1\" alt=\"\" class=\"wp-image-132148\" srcset=\"https:\/\/i0.wp.com\/cdnoticias.com\/wp-content\/uploads\/2024\/12\/Imagen-de-WhatsApp-2024-12-08-a-las-15.17.48_b11d8263.jpg?w=720&amp;ssl=1 720w, https:\/\/i0.wp.com\/cdnoticias.com\/wp-content\/uploads\/2024\/12\/Imagen-de-WhatsApp-2024-12-08-a-las-15.17.48_b11d8263.jpg?resize=300%2C167&amp;ssl=1 300w\" sizes=\"auto, (max-width: 720px) 100vw, 720px\" \/><\/figure>\n\n\n\n<figure class=\"wp-block-image size-full\"><img data-recalc-dims=\"1\" loading=\"lazy\" decoding=\"async\" width=\"720\" height=\"400\" src=\"https:\/\/i0.wp.com\/cdnoticias.com\/wp-content\/uploads\/2024\/12\/Imagen-de-WhatsApp-2024-12-08-a-las-15.17.48_1576ea57.jpg?resize=720%2C400&#038;ssl=1\" alt=\"\" class=\"wp-image-132147\" srcset=\"https:\/\/i0.wp.com\/cdnoticias.com\/wp-content\/uploads\/2024\/12\/Imagen-de-WhatsApp-2024-12-08-a-las-15.17.48_1576ea57.jpg?w=720&amp;ssl=1 720w, https:\/\/i0.wp.com\/cdnoticias.com\/wp-content\/uploads\/2024\/12\/Imagen-de-WhatsApp-2024-12-08-a-las-15.17.48_1576ea57.jpg?resize=300%2C167&amp;ssl=1 300w\" sizes=\"auto, (max-width: 720px) 100vw, 720px\" \/><\/figure>\n\n\n\n<p>Participaron, adem\u00e1s del presidente Gerardo Reyes y en encargado del \u00e1rea de tejo, Horacio Clar, socios y colaboradores del club y la actividad.<\/p>\n\n\n\n<p>Los presentes <strong>disfrutaron al ritmo de Dulce Morena y contaron con la colaboraci\u00f3n de servicio de mozos La Criolla<\/strong>.<\/p>\n\n\n\n<figure class=\"wp-block-image size-full\"><img data-recalc-dims=\"1\" loading=\"lazy\" decoding=\"async\" width=\"720\" height=\"400\" src=\"https:\/\/i0.wp.com\/cdnoticias.com\/wp-content\/uploads\/2024\/12\/Imagen-de-WhatsApp-2024-12-08-a-las-15.17.47_709021db.jpg?resize=720%2C400&#038;ssl=1\" alt=\"\" class=\"wp-image-132145\" srcset=\"https:\/\/i0.wp.com\/cdnoticias.com\/wp-content\/uploads\/2024\/12\/Imagen-de-WhatsApp-2024-12-08-a-las-15.17.47_709021db.jpg?w=720&amp;ssl=1 720w, https:\/\/i0.wp.com\/cdnoticias.com\/wp-content\/uploads\/2024\/12\/Imagen-de-WhatsApp-2024-12-08-a-las-15.17.47_709021db.jpg?resize=300%2C167&amp;ssl=1 300w\" sizes=\"auto, (max-width: 720px) 100vw, 720px\" \/><\/figure>\n\n\n\n<figure class=\"wp-block-image size-full\"><img data-recalc-dims=\"1\" loading=\"lazy\" decoding=\"async\" width=\"720\" height=\"400\" src=\"https:\/\/i0.wp.com\/cdnoticias.com\/wp-content\/uploads\/2024\/12\/Imagen-de-WhatsApp-2024-12-08-a-las-15.17.47_d792de07.jpg?resize=720%2C400&#038;ssl=1\" alt=\"\" class=\"wp-image-132146\" srcset=\"https:\/\/i0.wp.com\/cdnoticias.com\/wp-content\/uploads\/2024\/12\/Imagen-de-WhatsApp-2024-12-08-a-las-15.17.47_d792de07.jpg?w=720&amp;ssl=1 720w, https:\/\/i0.wp.com\/cdnoticias.com\/wp-content\/uploads\/2024\/12\/Imagen-de-WhatsApp-2024-12-08-a-las-15.17.47_d792de07.jpg?resize=300%2C167&amp;ssl=1 300w\" sizes=\"auto, (max-width: 720px) 100vw, 720px\" \/><\/figure>\n\n\n\n<p>Desde Tiro Federal agradecieron a socios, colaboradores y amigos<em><strong> \u201cpor acompa\u00f1arnos en nuestra noche\u201d.<\/strong><\/em><\/p>\n","protected":false},"excerpt":{"rendered":"<p>Hubo acompa\u00f1amiento de autoridades, socios y colaboradores. Con gran \u00e9xito, se realiz\u00f3 en las \u00faltimas horas la cena de fin<\/p>\n","protected":false},"author":2,"featured_media":132144,"comment_status":"closed","ping_status":"closed","sticky":false,"template":"","format":"standard","meta":{"_jetpack_memberships_contains_paid_content":false,"footnotes":""},"categories":[5,1],"tags":[],"class_list":["post-132143","post","type-post","status-publish","format-standard","has-post-thumbnail","hentry","category-informacion-general","category-portada"],"jetpack_featured_media_url":"https:\/\/i0.wp.com\/cdnoticias.com\/wp-content\/uploads\/2024\/12\/Imagen-de-WhatsApp-2024-12-08-a-las-15.17.47_5e6fca47.jpg?fit=1280%2C712&ssl=1","jetpack_sharing_enabled":true,"_links":{"self":[{"href":"https:\/\/cdnoticias.com\/index.php\/wp-json\/wp\/v2\/posts\/132143","targetHints":{"allow":["GET"]}}],"collection":[{"href":"https:\/\/cdnoticias.com\/index.php\/wp-json\/wp\/v2\/posts"}],"about":[{"href":"https:\/\/cdnoticias.com\/index.php\/wp-json\/wp\/v2\/types\/post"}],"author":[{"embeddable":true,"href":"https:\/\/cdnoticias.com\/index.php\/wp-json\/wp\/v2\/users\/2"}],"replies":[{"embeddable":true,"href":"https:\/\/cdnoticias.com\/index.php\/wp-json\/wp\/v2\/comments?post=132143"}],"version-history":[{"count":0,"href":"https:\/\/cdnoticias.com\/index.php\/wp-json\/wp\/v2\/posts\/132143\/revisions"}],"wp:featuredmedia":[{"embeddable":true,"href":"https:\/\/cdnoticias.com\/index.php\/wp-json\/wp\/v2\/media\/132144"}],"wp:attachment":[{"href":"https:\/\/cdnoticias.com\/index.php\/wp-json\/wp\/v2\/media?parent=132143"}],"wp:term":[{"taxonomy":"category","embeddable":true,"href":"https:\/\/cdnoticias.com\/index.php\/wp-json\/wp\/v2\/categories?post=132143"},{"taxonomy":"post_tag","embeddable":true,"href":"https:\/\/cdnoticias.com\/index.php\/wp-json\/wp\/v2\/tags?post=132143"}],"curies":[{"name":"wp","href":"https:\/\/api.w.org\/{rel}","templated":true}]}}