{"id":132123,"date":"2024-12-08T11:53:43","date_gmt":"2024-12-08T14:53:43","guid":{"rendered":"https:\/\/cdnoticias.com\/?p=132123"},"modified":"2024-12-08T19:15:18","modified_gmt":"2024-12-08T22:15:18","slug":"crimen-de-marcela-gomez-me-voy-a-encargar-de-que-siempre-sea-recordada","status":"publish","type":"post","link":"https:\/\/cdnoticias.com\/index.php\/2024\/12\/08\/crimen-de-marcela-gomez-me-voy-a-encargar-de-que-siempre-sea-recordada\/","title":{"rendered":"Crimen de Marcela G\u00f3mez: \u201cMe voy a encargar de que siempre sea recordada\u201d"},"content":{"rendered":"\n<p>Mar\u00eda Jos\u00e9 Barrera, habl\u00f3 tras la condena de 12 a\u00f1os impuesta al asesino de su hija, Juan Horacio Baez. Los cambios en la causa y la situaci\u00f3n familiar que llev\u00f3 a rechazar un juicio por jurados.<\/p>\n\n\n\n<hr class=\"wp-block-separator has-alpha-channel-opacity\"\/>\n\n\n\n<p><a href=\"https:\/\/cdnoticias.com\/index.php\/2024\/12\/02\/condenaron-a-12-anos-de-prision-a-un-olavarriense-acusado-de-asesinar-a-su-cunada\/\" data-type=\"link\" data-id=\"https:\/\/cdnoticias.com\/index.php\/2024\/12\/02\/condenaron-a-12-anos-de-prision-a-un-olavarriense-acusado-de-asesinar-a-su-cunada\/\">Juan Horacio Baez fue condenando a 12 a\u00f1os de prisi\u00f3n <\/a>por el asesinato de Marcela G\u00f3mez, de 18 a\u00f1os. El crimen ocurri\u00f3 durante la madrugada del 6 de marzo de 2022 cuando el olavarriense apu\u00f1al\u00f3 a su cu\u00f1ada.<\/p>\n\n\n\n<p><\/p>\n\n\n\n<p><strong>La mam\u00e1 de Marcela G\u00f3mez, Mar\u00eda Jos\u00e9 Barrera,<\/strong> habl\u00f3 en Radio Universidad (FM 90.1) a ra\u00edz del dictamen que se resolvi\u00f3 luego de llegar a un acuerdo de juicio abreviado y no en un juicio por jurados como se hab\u00eda indicado en un primer momento.<\/p>\n\n\n\n<p><\/p>\n\n\n\n<p>Si bien <strong>se esperaba que Baez fuera sometido a un juicio por jurados que dar\u00eda inicio el pasado 5 de noviembre, las partes acordaron de manera previa un juicio abreviado<\/strong>, que fue presentado en el mes de octubre ante el TOC N.\u00ba 1 de Azul.<\/p>\n\n\n\n<p><\/p>\n\n\n\n<p>Barrera resalt\u00f3 que \u201c<strong>un juicio por jurados es muy crudo,<\/strong> sab\u00edamos que ven\u00eda un juicio muy duro, pens\u00e1bamos que est\u00e1bamos preparados, pero nunca terminas de prepararte\u201d.<\/p>\n\n\n\n<p><\/p>\n\n\n\n<p>\u201c<strong>No quer\u00eda que mi nieto tenga que volver a vivir todo eso. <\/strong>Me dieron la opci\u00f3n de un juicio abreviado que iba a ser por m\u00e1s a\u00f1os por lo que ellos me dec\u00edan. La fiscal tuvo una reuni\u00f3n con mi hijo y con mi hija. Yo con la fiscal nunca tuve una entrevista, solamente telef\u00f3nicamente en la que le dije que quiero priorizar la integridad de mis hijos y de mi nieto, no quiero otra cosa, pero quiero una justicia justa\u201d, detall\u00f3 Mar\u00eda Jos\u00e9 Barrera. <\/p>\n\n\n\n<p><\/p>\n\n\n<p><iframe loading=\"lazy\" src=\"https:\/\/www.facebook.com\/plugins\/post.php?href=https%3A%2F%2Fwww.facebook.com%2Fpermalink.php%3Fstory_fbid%3Dpfbid0WdTWZDw1EnDTgCJJFrvoWjZtKiTAdiW4XY3r8TvdCKy76MAob12GfYpzBW6hdoo4l%26id%3D61555921800844&#038;show_text=true&#038;width=500\" width=\"500\" height=\"674\" style=\"border:none;overflow:hidden\" scrolling=\"no\" frameborder=\"0\" allowfullscreen=\"true\" allow=\"autoplay; clipboard-write; encrypted-media; picture-in-picture; web-share\"><\/iframe><\/p>\n\n\n<p><\/p>\n\n\n\n<p>\u201cEllos me propon\u00edan que (la pena) era de 14 a\u00f1os fuera de las causas que tiene por intento de femicidio hacia Sabrina y de intento de homicidio a Lihuen\u201d cont\u00f3 y agreg\u00f3 que finalmente<strong> \u201cme llaman de fiscal\u00eda que estaba determinado que eran 12 a\u00f1os porque no lo toman como femicidio porque Marcela no era la pareja\u201d.<\/strong><\/p>\n\n\n\n<p><\/p>\n\n\n\n<blockquote class=\"wp-block-quote is-layout-flow wp-block-quote-is-layout-flow\">\n<p>\u201cLo toman como <strong>homicidio culposo <\/strong>que son 8 a\u00f1os; 2 a\u00f1os por intento de femicidio hacia Sabrina y dos a\u00f1os por intento de homicidio hacia Lihuen\u201d, indic\u00f3.<\/p>\n<\/blockquote>\n\n\n\n<p><\/p>\n\n\n\n<p><strong>En el fallo se conden\u00f3 a Baez a la pena de doce a\u00f1os de prisi\u00f3n de efectivo cumplimiento,<\/strong> por resultar autor penalmente responsable del delito de \u201cagresi\u00f3n con arma agravada, coacci\u00f3n agravada por el uso de armas y lesiones leves agravadas por haber sido provocadas por un hombre hacia una mujer mediando violencia de g\u00e9nero -todo en concurso real- (hecho 1) en concurso real con homicidio (hecho 2) y amenazas agravadas por el uso de arma (hecho 3)\u201d. Los primeros hechos corresponden a las agresiones ocurridas a fines de diciembre del a\u00f1o 2021, de las que fuera v\u00edctima Sabrina G\u00f3mez, ex pareja del acusado, y los restantes sucedieron en las primeras horas del 6 de marzo de 2022, cuando en un domicilio de calle 11 al 3500 asesin\u00f3 a Marcela G\u00f3mez y amenaz\u00f3 de muerte a su hermano, Ignacio Lihuen G\u00f3mez.<\/p>\n\n\n\n<p><\/p>\n\n\n\n<p>Respecto a la situaci\u00f3n de Horacio Baez, Barrera se\u00f1al\u00f3 que<strong> \u201c\u00e9l tiene el cinismo de vivir pidiendo beneficios. Y qu\u00e9 beneficio tengo yo, de ir a ver a mi hija un domingo al cementerio y poder llevarle un ramo de flores\u201d <\/strong>y concluy\u00f3: <strong>\u201cElla va a ser recordada siempre, yo me voy a encargar de que siempre sea recordada\u201d.<\/strong><\/p>\n\n\n\n<p><\/p>\n\n\n\n<figure class=\"wp-block-embed is-type-wp-embed is-provider-central-de-noticias-olavarr-a wp-block-embed-central-de-noticias-olavarr-a\"><div class=\"wp-block-embed__wrapper\">\n<blockquote class=\"wp-embedded-content\" data-secret=\"OCsDUtfFo9\"><a href=\"https:\/\/cdnoticias.com\/index.php\/2024\/12\/02\/condenaron-a-12-anos-de-prision-a-un-olavarriense-acusado-de-asesinar-a-su-cunada\/\">Condenaron a 12 a\u00f1os de prisi\u00f3n a un olavarriense acusado de asesinar a su cu\u00f1ada<\/a><\/blockquote><iframe loading=\"lazy\" class=\"wp-embedded-content\" sandbox=\"allow-scripts\" security=\"restricted\" style=\"position: absolute; visibility: hidden;\" title=\"&#8220;Condenaron a 12 a\u00f1os de prisi\u00f3n a un olavarriense acusado de asesinar a su cu\u00f1ada&#8221; &#8212; Central de Noticias | Olavarr\u00eda\" src=\"https:\/\/cdnoticias.com\/index.php\/2024\/12\/02\/condenaron-a-12-anos-de-prision-a-un-olavarriense-acusado-de-asesinar-a-su-cunada\/embed\/#?secret=OPrLklbcPf#?secret=OCsDUtfFo9\" data-secret=\"OCsDUtfFo9\" width=\"600\" height=\"338\" frameborder=\"0\" marginwidth=\"0\" marginheight=\"0\" scrolling=\"no\"><\/iframe>\n<\/div><\/figure>\n","protected":false},"excerpt":{"rendered":"<p>Mar\u00eda Jos\u00e9 Barrera, habl\u00f3 tras la condena de 12 a\u00f1os impuesta al asesino de su hija, Juan Horacio Baez. Los<\/p>\n","protected":false},"author":2,"featured_media":78930,"comment_status":"closed","ping_status":"closed","sticky":false,"template":"","format":"standard","meta":{"_jetpack_memberships_contains_paid_content":false,"footnotes":""},"categories":[3,1],"tags":[],"class_list":["post-132123","post","type-post","status-publish","format-standard","has-post-thumbnail","hentry","category-genero","category-portada"],"jetpack_featured_media_url":"https:\/\/i0.wp.com\/cdnoticias.com\/wp-content\/uploads\/2023\/03\/marcela-gomez.jpg?fit=1402%2C780&ssl=1","jetpack_sharing_enabled":true,"_links":{"self":[{"href":"https:\/\/cdnoticias.com\/index.php\/wp-json\/wp\/v2\/posts\/132123","targetHints":{"allow":["GET"]}}],"collection":[{"href":"https:\/\/cdnoticias.com\/index.php\/wp-json\/wp\/v2\/posts"}],"about":[{"href":"https:\/\/cdnoticias.com\/index.php\/wp-json\/wp\/v2\/types\/post"}],"author":[{"embeddable":true,"href":"https:\/\/cdnoticias.com\/index.php\/wp-json\/wp\/v2\/users\/2"}],"replies":[{"embeddable":true,"href":"https:\/\/cdnoticias.com\/index.php\/wp-json\/wp\/v2\/comments?post=132123"}],"version-history":[{"count":0,"href":"https:\/\/cdnoticias.com\/index.php\/wp-json\/wp\/v2\/posts\/132123\/revisions"}],"wp:featuredmedia":[{"embeddable":true,"href":"https:\/\/cdnoticias.com\/index.php\/wp-json\/wp\/v2\/media\/78930"}],"wp:attachment":[{"href":"https:\/\/cdnoticias.com\/index.php\/wp-json\/wp\/v2\/media?parent=132123"}],"wp:term":[{"taxonomy":"category","embeddable":true,"href":"https:\/\/cdnoticias.com\/index.php\/wp-json\/wp\/v2\/categories?post=132123"},{"taxonomy":"post_tag","embeddable":true,"href":"https:\/\/cdnoticias.com\/index.php\/wp-json\/wp\/v2\/tags?post=132123"}],"curies":[{"name":"wp","href":"https:\/\/api.w.org\/{rel}","templated":true}]}}