{"id":132112,"date":"2024-12-08T10:12:19","date_gmt":"2024-12-08T13:12:19","guid":{"rendered":"https:\/\/cdnoticias.com\/?p=132112"},"modified":"2024-12-08T11:53:55","modified_gmt":"2024-12-08T14:53:55","slug":"olavarria-se-abrio-a-la-fe","status":"publish","type":"post","link":"https:\/\/cdnoticias.com\/index.php\/2024\/12\/08\/olavarria-se-abrio-a-la-fe\/","title":{"rendered":"\u201cOlavarr\u00eda se abri\u00f3 a la fe\u201d"},"content":{"rendered":"\n<p>Lo asegur\u00f3 el ap\u00f3stol Diego Hojman en el marco del encuentro que se realiz\u00f3 este s\u00e1bado en el Teatro Municipal. La b\u00fasqueda en tiempos de crisis y el trabajo con los diferentes sectores de la ciudad.<\/p>\n\n\n\n<hr class=\"wp-block-separator has-alpha-channel-opacity\"\/>\n\n\n\n<p>Este s\u00e1bado en el Teatro Municipal se realiz\u00f3 un encuentro con entrada libre y gratuita impulsado por el <strong>Ministerio Internacional Herederos de la Promesa.<\/strong> El <strong>ap\u00f3stol Diego Hojman \u2013 a cargo del evento junto con la pastora Roxana Hojman-<\/strong> resalt\u00f3 que <strong>\u201cla ciudad no est\u00e1 descre\u00edda, la ciudad tiene m\u00e1s fe que nunca\u201d.<\/strong><\/p>\n\n\n\n<p><\/p>\n\n\n\n<p>\u201cEstoy feliz, yo soy oriundo de Olavarr\u00eda, lo cual es un desaf\u00edo doble. La mayor\u00eda de la gente me conoce en la ciudad y bueno, <strong>nos ha sorprendido la apertura que la ciudad tiene hacia Dios<\/strong>, porque no estamos ni promoviendo un hombre, ni una religi\u00f3n, ni estamos hablando de cuestiones pol\u00edticas. Estamos hablando de la bendici\u00f3n de Dios sobre la familia\u201d, indic\u00f3 en di\u00e1logo con Central de Noticias.<\/p>\n\n\n\n<p><\/p>\n\n\n\n<p>En lo personal, se\u00f1al\u00f3 que \u201chemos encontrado algo que nos cambi\u00f3 la vida, hemos encontrado a Dios, no una religi\u00f3n, hemos encontrado una relaci\u00f3n con Dios, lo hemos visto tan vivo, tan presente\u201d.<\/p>\n\n\n\n<p><\/p>\n\n\n\n<figure class=\"wp-block-image size-full\"><img data-recalc-dims=\"1\" loading=\"lazy\" decoding=\"async\" width=\"800\" height=\"445\" src=\"https:\/\/i0.wp.com\/cdnoticias.com\/wp-content\/uploads\/2024\/12\/hojman-bendicion-de-la-familia-01.jpg?resize=800%2C445&#038;ssl=1\" alt=\"\" class=\"wp-image-132114\" srcset=\"https:\/\/i0.wp.com\/cdnoticias.com\/wp-content\/uploads\/2024\/12\/hojman-bendicion-de-la-familia-01.jpg?w=800&amp;ssl=1 800w, https:\/\/i0.wp.com\/cdnoticias.com\/wp-content\/uploads\/2024\/12\/hojman-bendicion-de-la-familia-01.jpg?resize=300%2C167&amp;ssl=1 300w, https:\/\/i0.wp.com\/cdnoticias.com\/wp-content\/uploads\/2024\/12\/hojman-bendicion-de-la-familia-01.jpg?resize=768%2C427&amp;ssl=1 768w\" sizes=\"auto, (max-width: 800px) 100vw, 800px\" \/><\/figure>\n\n\n\n<p><\/p>\n\n\n\n<p>Por otra parte, asegur\u00f3 que <strong>en tiempos de crisis <\/strong>es notorio como \u201cla gente llega ya porque prob\u00f3 mil cosas y dice, no le encontr\u00e9 la vuelta o me funcion\u00f3 por un tiempo. Entonces dice \u2018es Dios\u2019 porque cuando uno encuentra a Dios y empieza a caminar con Dios no es que se terminan los problemas, lo que tenemos es la fuerza y la fe adentro para superar lo que sea\u201d.<\/p>\n\n\n\n<p><\/p>\n\n\n\n<p>\u201c<strong>He visto mucha soledad, mucha depresi\u00f3n, mucha gente triste, mucha gente rodeada de gente, pero solos al fin<\/strong> y aqu\u00ed ya no estamos hablando de posiciones econ\u00f3micas o estatus sociales yo hablo del ser humano olavarriense\u201d, indic\u00f3 Hojman y agreg\u00f3: \u201cDios va a trabajar fortaleciendo la identidad, sanando el coraz\u00f3n, quitando el abandono, quitando la soledad, d\u00e1ndole una identidad fuerte\u201d.<\/p>\n\n\n\n<p><\/p>\n\n\n\n<figure class=\"wp-block-image size-full\"><img data-recalc-dims=\"1\" loading=\"lazy\" decoding=\"async\" width=\"800\" height=\"445\" src=\"https:\/\/i0.wp.com\/cdnoticias.com\/wp-content\/uploads\/2024\/12\/hojman-bendicion-de-la-familia-02.jpg?resize=800%2C445&#038;ssl=1\" alt=\"\" class=\"wp-image-132115\" srcset=\"https:\/\/i0.wp.com\/cdnoticias.com\/wp-content\/uploads\/2024\/12\/hojman-bendicion-de-la-familia-02.jpg?w=800&amp;ssl=1 800w, https:\/\/i0.wp.com\/cdnoticias.com\/wp-content\/uploads\/2024\/12\/hojman-bendicion-de-la-familia-02.jpg?resize=300%2C167&amp;ssl=1 300w, https:\/\/i0.wp.com\/cdnoticias.com\/wp-content\/uploads\/2024\/12\/hojman-bendicion-de-la-familia-02.jpg?resize=768%2C427&amp;ssl=1 768w\" sizes=\"auto, (max-width: 800px) 100vw, 800px\" \/><\/figure>\n\n\n\n<p><\/p>\n\n\n\n<p>Respecto al alcance del encuentro y al contacto con las distintas instituciones de la comunidad, destac\u00f3 que \u201cDios nos ha dado gracia con las diferentes instituciones de la ciudad, Municipio, empresarios, puestos jer\u00e1rquicos, asistentes sociales, con todos los estratos de la ciudad. Lo que ha pasado es que<strong> se ha visto el trabajo de la Iglesia,<\/strong> es inevitable y la Iglesia dej\u00f3 de ser solamente de la gente extremadamente carenciada que encuentra a Dios\u201d.<\/p>\n\n\n\n<p><\/p>\n\n\n\n<p>Y ampli\u00f3 \u201cest\u00e1 esa gente, est\u00e1n los empresarios, los profesionales, el que sale de la c\u00e1rcel, el que deja la adicci\u00f3n, el que restaura su matrimonio. Hoy est\u00e1 tomando un estatus la Iglesia, y cuando hablo de la Iglesia hablo de la vida de Cristo, de la fe\u201d.<\/p>\n\n\n\n<p><\/p>\n\n\n\n<p>\u201c<strong>Olavarr\u00eda se abri\u00f3 a la fe.<\/strong> Es una apertura linda, creo que hay mucho para trabajar,<strong> somos apol\u00edticos, no tenemos un partido pol\u00edtico, pero creo que hay mucho para trabajar, mucho para hacer juntos<\/strong>\u201d, concluy\u00f3 el ap\u00f3stol Diego Hojman.<\/p>\n","protected":false},"excerpt":{"rendered":"<p>Lo asegur\u00f3 el ap\u00f3stol Diego Hojman en el marco del encuentro que se realiz\u00f3 este s\u00e1bado en el Teatro Municipal.<\/p>\n","protected":false},"author":2,"featured_media":132116,"comment_status":"closed","ping_status":"closed","sticky":false,"template":"","format":"standard","meta":{"_jetpack_memberships_contains_paid_content":false,"footnotes":""},"categories":[5,1],"tags":[],"class_list":["post-132112","post","type-post","status-publish","format-standard","has-post-thumbnail","hentry","category-informacion-general","category-portada"],"jetpack_featured_media_url":"https:\/\/i0.wp.com\/cdnoticias.com\/wp-content\/uploads\/2024\/12\/hojman-bendicion-de-la-familia-03.jpg?fit=800%2C445&ssl=1","jetpack_sharing_enabled":true,"_links":{"self":[{"href":"https:\/\/cdnoticias.com\/index.php\/wp-json\/wp\/v2\/posts\/132112","targetHints":{"allow":["GET"]}}],"collection":[{"href":"https:\/\/cdnoticias.com\/index.php\/wp-json\/wp\/v2\/posts"}],"about":[{"href":"https:\/\/cdnoticias.com\/index.php\/wp-json\/wp\/v2\/types\/post"}],"author":[{"embeddable":true,"href":"https:\/\/cdnoticias.com\/index.php\/wp-json\/wp\/v2\/users\/2"}],"replies":[{"embeddable":true,"href":"https:\/\/cdnoticias.com\/index.php\/wp-json\/wp\/v2\/comments?post=132112"}],"version-history":[{"count":0,"href":"https:\/\/cdnoticias.com\/index.php\/wp-json\/wp\/v2\/posts\/132112\/revisions"}],"wp:featuredmedia":[{"embeddable":true,"href":"https:\/\/cdnoticias.com\/index.php\/wp-json\/wp\/v2\/media\/132116"}],"wp:attachment":[{"href":"https:\/\/cdnoticias.com\/index.php\/wp-json\/wp\/v2\/media?parent=132112"}],"wp:term":[{"taxonomy":"category","embeddable":true,"href":"https:\/\/cdnoticias.com\/index.php\/wp-json\/wp\/v2\/categories?post=132112"},{"taxonomy":"post_tag","embeddable":true,"href":"https:\/\/cdnoticias.com\/index.php\/wp-json\/wp\/v2\/tags?post=132112"}],"curies":[{"name":"wp","href":"https:\/\/api.w.org\/{rel}","templated":true}]}}