{"id":13208,"date":"2021-02-07T17:18:54","date_gmt":"2021-02-07T20:18:54","guid":{"rendered":"http:\/\/www.centraldenoticias.com.ar\/?p=13208"},"modified":"2021-02-07T18:22:28","modified_gmt":"2021-02-07T21:22:28","slug":"la-ciudad-del-futuro","status":"publish","type":"post","link":"https:\/\/cdnoticias.com\/index.php\/2021\/02\/07\/la-ciudad-del-futuro\/","title":{"rendered":"La ciudad del futuro"},"content":{"rendered":"<p>Por Marcos Pascua (*)\u00a0<!--more--><\/p>\n<hr \/>\n<p>\u00a1Hola! \u00bfC\u00f3mo est\u00e1s?, gracias por leer esta columna, ya sea si lo ven\u00eds haciendo hace varios domingos o si es la primera vez. Es necesario que podamos hablar de seguridad vial, dar los debates que las sociedades modernas necesitan plantearse para <strong>dejar de perder vidas en el tr\u00e1nsito<\/strong>. Hoy vamos a hablar de las <strong>ciudades del futuro<\/strong>, o al menos de un modelo de ciudad en la que a m\u00ed me gustar\u00eda vivir.<\/p>\n<p>&nbsp;<\/p>\n<p>Claro que estamos muy lejos de reemplazar nuestros veh\u00edculos por naves como la de Los Supers\u00f3nicos, tampoco la soluci\u00f3n ser\u00e1n los autos el\u00e9ctricos o aut\u00f3nomos, el futuro necesita planificaci\u00f3n, voluntad pol\u00edtica, un cambio cultural y acompa\u00f1amiento social. Bueno, dicho as\u00ed parece dif\u00edcil.<\/p>\n<p>&nbsp;<\/p>\n<p><strong>Reducci\u00f3n de la velocidad<\/strong><\/p>\n<p>&nbsp;<\/p>\n<p>Bueno, debe ser la en\u00e9sima vez que menciono la velocidad, es que es uno de los mayores problemas en nuestra sociedad en general y en Olavarr\u00eda en particular. Por empezar, se debe dar una se\u00f1al clara en este sentido y la evidencia se\u00f1ala que <strong>reducir la velocidad de circulaci\u00f3n en calles a 30 km\/h y en avenidas a 50 km\/h no s\u00f3lo salva vidas, reduce las consecuencias de un siniestro vial<\/strong>, s\u00f3lo porque se circula m\u00e1s despacio.<\/p>\n<p>&nbsp;<\/p>\n<p>Tel\u00e9fono para quienes legislan.<\/p>\n<p>&nbsp;<\/p>\n<p><img data-recalc-dims=\"1\" loading=\"lazy\" decoding=\"async\" class=\"alignnone size-full wp-image-13214\" src=\"https:\/\/i0.wp.com\/cdnoticias.com\/wp-content\/uploads\/2021\/02\/Imagen-1-2.jpg?resize=580%2C380&#038;ssl=1\" alt=\"\" width=\"580\" height=\"380\" srcset=\"https:\/\/i0.wp.com\/cdnoticias.com\/wp-content\/uploads\/2021\/02\/Imagen-1-2.jpg?w=580&amp;ssl=1 580w, https:\/\/i0.wp.com\/cdnoticias.com\/wp-content\/uploads\/2021\/02\/Imagen-1-2.jpg?resize=300%2C197&amp;ssl=1 300w\" sizes=\"auto, (max-width: 580px) 100vw, 580px\" \/><\/p>\n<p>&nbsp;<\/p>\n<p><strong>Controles de velocidad<\/strong><\/p>\n<p>&nbsp;<\/p>\n<p>Claro, con legislar no alcanza, es primordial <strong>controlar<\/strong>. S\u00ed, los tan odiados radares, fijos y m\u00f3viles, de esta manera en los cruces m\u00e1s peligrosos o donde m\u00e1s siniestros ocurren como consecuencia del exceso de velocidad se pueden colocar radares fijos, mientras que en otras zonas se puede controlar con radares m\u00f3viles, con penalizaciones econ\u00f3micas y por tiempo.<\/p>\n<p>&nbsp;<\/p>\n<p><img data-recalc-dims=\"1\" loading=\"lazy\" decoding=\"async\" class=\"alignnone size-full wp-image-13213\" src=\"https:\/\/i0.wp.com\/cdnoticias.com\/wp-content\/uploads\/2021\/02\/Imagen-2-2.jpg?resize=515%2C343&#038;ssl=1\" alt=\"\" width=\"515\" height=\"343\" srcset=\"https:\/\/i0.wp.com\/cdnoticias.com\/wp-content\/uploads\/2021\/02\/Imagen-2-2.jpg?w=515&amp;ssl=1 515w, https:\/\/i0.wp.com\/cdnoticias.com\/wp-content\/uploads\/2021\/02\/Imagen-2-2.jpg?resize=300%2C200&amp;ssl=1 300w, https:\/\/i0.wp.com\/cdnoticias.com\/wp-content\/uploads\/2021\/02\/Imagen-2-2.jpg?resize=272%2C182&amp;ssl=1 272w\" sizes=\"auto, (max-width: 515px) 100vw, 515px\" \/><\/p>\n<p>&nbsp;<\/p>\n<p><strong>Infraestructura<\/strong><\/p>\n<p>&nbsp;<\/p>\n<p>No, no hablo de reductores de velocidad, existen opciones que no apuntan a da\u00f1ar al autom\u00f3vil y son m\u00e1s efectivas, como obras que estrechan calzadas u otras opciones como las \u201csupermanzanas\u201d, de estas \u00faltimas ya hablamos en una <a href=\"https:\/\/cdnoticias.com\/index.php\/2020\/11\/15\/la-infraestructura-no-es-todo-pero-como-ayuda\/\">columna anterior<\/a>. Si hablamos de estrechar carriles, podemos destinar ese espacio a la creaci\u00f3n de carriles exclusivos para bicicletas, carriles exclusivos para el transporte p\u00fablico, estacionamientos para bicicletas, \u00e1reas peatonalizadas, zonas seguras para el cruce de peatones o d\u00e1rsenas.<\/p>\n<p>&nbsp;<\/p>\n<p><strong><img data-recalc-dims=\"1\" loading=\"lazy\" decoding=\"async\" class=\"alignnone size-full wp-image-13212\" src=\"https:\/\/i0.wp.com\/cdnoticias.com\/wp-content\/uploads\/2021\/02\/Imagen-3-1.jpg?resize=800%2C456&#038;ssl=1\" alt=\"\" width=\"800\" height=\"456\" srcset=\"https:\/\/i0.wp.com\/cdnoticias.com\/wp-content\/uploads\/2021\/02\/Imagen-3-1.jpg?w=1105&amp;ssl=1 1105w, https:\/\/i0.wp.com\/cdnoticias.com\/wp-content\/uploads\/2021\/02\/Imagen-3-1.jpg?resize=300%2C171&amp;ssl=1 300w, https:\/\/i0.wp.com\/cdnoticias.com\/wp-content\/uploads\/2021\/02\/Imagen-3-1.jpg?resize=768%2C438&amp;ssl=1 768w, https:\/\/i0.wp.com\/cdnoticias.com\/wp-content\/uploads\/2021\/02\/Imagen-3-1.jpg?resize=1024%2C584&amp;ssl=1 1024w\" sizes=\"auto, (max-width: 800px) 100vw, 800px\" \/><\/strong><\/p>\n<p>&nbsp;<\/p>\n<p><img data-recalc-dims=\"1\" loading=\"lazy\" decoding=\"async\" class=\"alignnone size-full wp-image-13211\" src=\"https:\/\/i0.wp.com\/cdnoticias.com\/wp-content\/uploads\/2021\/02\/Imagen-4-1.jpg?resize=800%2C400&#038;ssl=1\" alt=\"\" width=\"800\" height=\"400\" srcset=\"https:\/\/i0.wp.com\/cdnoticias.com\/wp-content\/uploads\/2021\/02\/Imagen-4-1.jpg?w=2000&amp;ssl=1 2000w, https:\/\/i0.wp.com\/cdnoticias.com\/wp-content\/uploads\/2021\/02\/Imagen-4-1.jpg?resize=300%2C150&amp;ssl=1 300w, https:\/\/i0.wp.com\/cdnoticias.com\/wp-content\/uploads\/2021\/02\/Imagen-4-1.jpg?resize=768%2C384&amp;ssl=1 768w, https:\/\/i0.wp.com\/cdnoticias.com\/wp-content\/uploads\/2021\/02\/Imagen-4-1.jpg?resize=1024%2C512&amp;ssl=1 1024w, https:\/\/i0.wp.com\/cdnoticias.com\/wp-content\/uploads\/2021\/02\/Imagen-4-1.jpg?w=1600&amp;ssl=1 1600w\" sizes=\"auto, (max-width: 800px) 100vw, 800px\" \/><\/p>\n<p>&nbsp;<\/p>\n<p><img data-recalc-dims=\"1\" loading=\"lazy\" decoding=\"async\" class=\"alignnone size-full wp-image-13209\" src=\"https:\/\/i0.wp.com\/cdnoticias.com\/wp-content\/uploads\/2021\/02\/Imagen-5-1.jpg?resize=570%2C380&#038;ssl=1\" alt=\"\" width=\"570\" height=\"380\" srcset=\"https:\/\/i0.wp.com\/cdnoticias.com\/wp-content\/uploads\/2021\/02\/Imagen-5-1.jpg?w=570&amp;ssl=1 570w, https:\/\/i0.wp.com\/cdnoticias.com\/wp-content\/uploads\/2021\/02\/Imagen-5-1.jpg?resize=300%2C200&amp;ssl=1 300w, https:\/\/i0.wp.com\/cdnoticias.com\/wp-content\/uploads\/2021\/02\/Imagen-5-1.jpg?resize=272%2C182&amp;ssl=1 272w\" sizes=\"auto, (max-width: 570px) 100vw, 570px\" \/><\/p>\n<p>&nbsp;<\/p>\n<p><strong>Redise\u00f1o de las ciudades<\/strong><\/p>\n<p>&nbsp;<\/p>\n<p>Las ciudades del siglo XX fueron dise\u00f1adas para los autos, olvidando que en las ciudades tambi\u00e9n circulan bicicletas, personas a pie o el transporte p\u00fablico. Es necesario repensarlas para <strong>dar prioridad a formas de circular m\u00e1s seguras, sostenibles e inclusivas,<\/strong> si el modelo actual hace que cada a\u00f1o se pierdan millones de vidas, tal vez debamos <strong>repensar el modelo<\/strong>, tal vez sea necesario generar espacios para otras opciones. Desde carriles o calles exclusivas para bicicletas o peatones, a limitar los horarios de ingresos con autom\u00f3viles a las zonas de mayor afluencia, controlar la velocidad, limitar la circulaci\u00f3n de aquellos veh\u00edculos que tantos problemas nos traen.<\/p>\n<p>&nbsp;<\/p>\n<p>Adem\u00e1s, si queremos generar ciudades inclusivas tenemos que incluir en esa planificaci\u00f3n a ni\u00f1os y ni\u00f1as, a las personas mayores, a adolescentes, porque <strong>vivimos en ciudades para adultos pensadas por adultos<\/strong>, con el objetivo de que el espacio p\u00fablico sea un lugar de encuentro para cualquier etapa de nuestras vidas.<\/p>\n<p>&nbsp;<\/p>\n<p><img data-recalc-dims=\"1\" loading=\"lazy\" decoding=\"async\" class=\"alignnone size-full wp-image-13210\" src=\"https:\/\/i0.wp.com\/cdnoticias.com\/wp-content\/uploads\/2021\/02\/Imagen-6.jpg?resize=680%2C680&#038;ssl=1\" alt=\"\" width=\"680\" height=\"680\" srcset=\"https:\/\/i0.wp.com\/cdnoticias.com\/wp-content\/uploads\/2021\/02\/Imagen-6.jpg?w=680&amp;ssl=1 680w, https:\/\/i0.wp.com\/cdnoticias.com\/wp-content\/uploads\/2021\/02\/Imagen-6.jpg?resize=150%2C150&amp;ssl=1 150w, https:\/\/i0.wp.com\/cdnoticias.com\/wp-content\/uploads\/2021\/02\/Imagen-6.jpg?resize=300%2C300&amp;ssl=1 300w\" sizes=\"auto, (max-width: 680px) 100vw, 680px\" \/><\/p>\n<p>&nbsp;<\/p>\n<p><strong>Otros beneficios<\/strong><\/p>\n<p>&nbsp;<\/p>\n<p>Adoptando estas medidas, no s\u00f3lo se reducir\u00edan las consecuencias de los siniestros viales, tambi\u00e9n se reduce la contaminaci\u00f3n ambiental, la contaminaci\u00f3n ac\u00fastica y mejora la calidad de vida de las personas.<\/p>\n<p>&nbsp;<\/p>\n<p>\u00bfQu\u00e9 te parece esta idea?<\/p>\n<p>&nbsp;<\/p>\n<p>A m\u00ed me parece que vale la pena animarse a vivir en mejores ciudades, despu\u00e9s de todo, <strong>es donde pasamos la mayor parte de nuestro tiempo<\/strong>.<\/p>\n<p>&nbsp;<\/p>\n<p>En 15 d\u00edas nos volvemos a leer.<\/p>\n<p>&nbsp;<\/p>\n<p><em>(*)\u00a0Ingeniero Civil-Tesista en Seguridad Vial- Promotor Comunitario de Seguridad Vial<\/em><\/p>\n","protected":false},"excerpt":{"rendered":"<p>Por Marcos Pascua (*)\u00a0<\/p>\n","protected":false},"author":2,"featured_media":13215,"comment_status":"closed","ping_status":"closed","sticky":false,"template":"","format":"standard","meta":{"_jetpack_memberships_contains_paid_content":false,"footnotes":""},"categories":[5,1],"tags":[],"class_list":["post-13208","post","type-post","status-publish","format-standard","has-post-thumbnail","hentry","category-informacion-general","category-portada"],"jetpack_featured_media_url":"https:\/\/i0.wp.com\/cdnoticias.com\/wp-content\/uploads\/2021\/02\/ciudades-del-futuro-cdn.jpg?fit=945%2C532&ssl=1","jetpack_sharing_enabled":true,"_links":{"self":[{"href":"https:\/\/cdnoticias.com\/index.php\/wp-json\/wp\/v2\/posts\/13208","targetHints":{"allow":["GET"]}}],"collection":[{"href":"https:\/\/cdnoticias.com\/index.php\/wp-json\/wp\/v2\/posts"}],"about":[{"href":"https:\/\/cdnoticias.com\/index.php\/wp-json\/wp\/v2\/types\/post"}],"author":[{"embeddable":true,"href":"https:\/\/cdnoticias.com\/index.php\/wp-json\/wp\/v2\/users\/2"}],"replies":[{"embeddable":true,"href":"https:\/\/cdnoticias.com\/index.php\/wp-json\/wp\/v2\/comments?post=13208"}],"version-history":[{"count":0,"href":"https:\/\/cdnoticias.com\/index.php\/wp-json\/wp\/v2\/posts\/13208\/revisions"}],"wp:featuredmedia":[{"embeddable":true,"href":"https:\/\/cdnoticias.com\/index.php\/wp-json\/wp\/v2\/media\/13215"}],"wp:attachment":[{"href":"https:\/\/cdnoticias.com\/index.php\/wp-json\/wp\/v2\/media?parent=13208"}],"wp:term":[{"taxonomy":"category","embeddable":true,"href":"https:\/\/cdnoticias.com\/index.php\/wp-json\/wp\/v2\/categories?post=13208"},{"taxonomy":"post_tag","embeddable":true,"href":"https:\/\/cdnoticias.com\/index.php\/wp-json\/wp\/v2\/tags?post=13208"}],"curies":[{"name":"wp","href":"https:\/\/api.w.org\/{rel}","templated":true}]}}