{"id":132065,"date":"2024-12-07T09:53:37","date_gmt":"2024-12-07T12:53:37","guid":{"rendered":"https:\/\/cdnoticias.com\/?p=132065"},"modified":"2024-12-07T11:54:09","modified_gmt":"2024-12-07T14:54:09","slug":"fatal-accidente-en-bolivar-un-joven-fallecido-y-cinco-heridos","status":"publish","type":"post","link":"https:\/\/cdnoticias.com\/index.php\/2024\/12\/07\/fatal-accidente-en-bolivar-un-joven-fallecido-y-cinco-heridos\/","title":{"rendered":"Fatal accidente en Bol\u00edvar: un joven fallecido y cinco heridos"},"content":{"rendered":"\n<p>Tres de los cinco heridos \u2013de gravedad- son menores de edad. El siniestro vial se produjo en ruta provincial 65, cerca de la bajada de Ibarra. Fue un impacto de frente entre dos autos.<\/p>\n\n\n\n<hr class=\"wp-block-separator aligncenter has-alpha-channel-opacity\"\/>\n\n\n\n<p>Un<strong> tr\u00e1gico accidente se produjo en la madrugada de este s\u00e1bado sobre la Ruta Provincial 65,<\/strong> cerca de la bajada a la localidad de Ibarra, partido de Bol\u00edvar. <strong>Un joven perdi\u00f3 la vida tras un impacto frontal entre dos autos,<\/strong> mientras que otras cinco personas resultaron heridas, entre ellas tres menores de edad.<\/p>\n\n\n\n<p>Seg\u00fan inform\u00f3 el portal <strong>Presente Noticias,<\/strong> de la vecina localidad, el siniestro involucr\u00f3 a un <strong>Volkswagen Gol y un Volkswagen Bora<\/strong>. En el Bora circulaba un joven, presuntamente en direcci\u00f3n hacia Bol\u00edvar, mientras que en el Gol viajaban un hombre y una mujer, ambos j\u00f3venes, acompa\u00f1ados por tres menores, en sentido contrario.<\/p>\n\n\n\n<p>Como consecuencia del choque,<strong> el conductor del Gol, identificado como Daniel Ezequiel Sotelo, falleci\u00f3 en el lugar. Los dem\u00e1s ocupantes del veh\u00edculo, junto con el conductor del Bora, fueron trasladados de urgencia al hospital Miguel Capredoni, donde permanec\u00edan internados en estado reservado hasta esta ma\u00f1ana.<\/strong><\/p>\n\n\n\n<p>El accidente gener\u00f3 un importante despliegue de servicios de emergencia. <strong>Dos ambulancias del servicio 107 acudieron al lugar, al igual que efectivos de los Bomberos Voluntarios de Bol\u00edvar y de Urdampilleta, agentes de Protecci\u00f3n Ciudadana y personal de la Polic\u00eda de Bol\u00edvar e Ibarra.<\/strong><\/p>\n\n\n\n<p>Peritos de la Divisi\u00f3n Cient\u00edfica de la Polic\u00eda de la Provincia trabajaron en la escena del accidente para realizar las diligencias correspondientes. <strong>Finalizadas las pericias, el veh\u00edculo de la v\u00edctima fatal fue trasladado en un carret\u00f3n al destacamento de Ibarra.<\/strong><\/p>\n\n\n\n<p><strong>La Ruta Provincial 65 estuvo cortada durante la madrugada <\/strong>a la altura de la rotonda que la conecta con la Ruta Nacional 226 y en el acceso a la localidad de Urdampilleta.<\/p>\n","protected":false},"excerpt":{"rendered":"<p>Tres de los cinco heridos \u2013de gravedad- son menores de edad. El siniestro vial se produjo en ruta provincial 65,<\/p>\n","protected":false},"author":2,"featured_media":132066,"comment_status":"closed","ping_status":"closed","sticky":false,"template":"","format":"standard","meta":{"_jetpack_memberships_contains_paid_content":false,"footnotes":""},"categories":[14,1],"tags":[],"class_list":["post-132065","post","type-post","status-publish","format-standard","has-post-thumbnail","hentry","category-policiales","category-portada"],"jetpack_featured_media_url":"https:\/\/i0.wp.com\/cdnoticias.com\/wp-content\/uploads\/2024\/12\/accidente-bolivar.jpg?fit=987%2C604&ssl=1","jetpack_sharing_enabled":true,"_links":{"self":[{"href":"https:\/\/cdnoticias.com\/index.php\/wp-json\/wp\/v2\/posts\/132065","targetHints":{"allow":["GET"]}}],"collection":[{"href":"https:\/\/cdnoticias.com\/index.php\/wp-json\/wp\/v2\/posts"}],"about":[{"href":"https:\/\/cdnoticias.com\/index.php\/wp-json\/wp\/v2\/types\/post"}],"author":[{"embeddable":true,"href":"https:\/\/cdnoticias.com\/index.php\/wp-json\/wp\/v2\/users\/2"}],"replies":[{"embeddable":true,"href":"https:\/\/cdnoticias.com\/index.php\/wp-json\/wp\/v2\/comments?post=132065"}],"version-history":[{"count":0,"href":"https:\/\/cdnoticias.com\/index.php\/wp-json\/wp\/v2\/posts\/132065\/revisions"}],"wp:featuredmedia":[{"embeddable":true,"href":"https:\/\/cdnoticias.com\/index.php\/wp-json\/wp\/v2\/media\/132066"}],"wp:attachment":[{"href":"https:\/\/cdnoticias.com\/index.php\/wp-json\/wp\/v2\/media?parent=132065"}],"wp:term":[{"taxonomy":"category","embeddable":true,"href":"https:\/\/cdnoticias.com\/index.php\/wp-json\/wp\/v2\/categories?post=132065"},{"taxonomy":"post_tag","embeddable":true,"href":"https:\/\/cdnoticias.com\/index.php\/wp-json\/wp\/v2\/tags?post=132065"}],"curies":[{"name":"wp","href":"https:\/\/api.w.org\/{rel}","templated":true}]}}