{"id":132006,"date":"2024-12-07T08:55:23","date_gmt":"2024-12-07T11:55:23","guid":{"rendered":"https:\/\/cdnoticias.com\/?p=132006"},"modified":"2024-12-07T08:55:24","modified_gmt":"2024-12-07T11:55:24","slug":"este-domingo-habra-feria-de-la-capitana-en-el-ceco-ii","status":"publish","type":"post","link":"https:\/\/cdnoticias.com\/index.php\/2024\/12\/07\/este-domingo-habra-feria-de-la-capitana-en-el-ceco-ii\/","title":{"rendered":"Este domingo habr\u00e1 feria de La Capitana en el CECO II"},"content":{"rendered":"\n<p>Estar\u00e1 junto al cami\u00f3n de la econom\u00eda popular en la plaza del barrio (avenida Trabajadores y Laprida).<\/p>\n\n\n\n<hr class=\"wp-block-separator has-alpha-channel-opacity\"\/>\n\n\n\n<p>Este <strong>domingo 8 de diciembre<\/strong> se realizar\u00e1 una gran feria de la econom\u00eda popular en la plaza del <strong>barrio CECO II (avenida Trabajadores y Laprida) en el horario de 10:00 a 20:00.<\/strong><\/p>\n\n\n\n<p><\/p>\n\n\n\n<p>El <strong>Mercado Popular La Capitana<\/strong> naci\u00f3 en el a\u00f1o 2022 y est\u00e1 integrado por mujeres y disidencias que producen y comercializan diferentes productos y servicios.<\/p>\n\n\n\n<p><\/p>\n\n\n\n<p>Es una iniciativa que nace del<strong> Frente de Mujeres del Movimiento Evita <\/strong>como respuesta organizativa y consecuencia de la imposibilidad de acceso al mercado formal de trabajo para la poblaci\u00f3n antes mencionada.<\/p>\n\n\n\n<p><\/p>\n\n\n\n<p>La feria de la Econom\u00eda Popular<strong> contar\u00e1 con 30 feriantes<\/strong> de diferentes rubros y la llegada del <strong>Cami\u00f3n de la Econom\u00eda Popular<\/strong>, el cual comercializa pastas, l\u00e1cteos, productos de almac\u00e9n, embutidos, entre otros. El mismo cuenta con la promoci\u00f3n del 40% de descuento con Cuenta DNI. Se recomienda a la comunidad llevar bolsa.<\/p>\n","protected":false},"excerpt":{"rendered":"<p>Estar\u00e1 junto al cami\u00f3n de la econom\u00eda popular en la plaza del barrio (avenida Trabajadores y Laprida). Este domingo 8<\/p>\n","protected":false},"author":2,"featured_media":100847,"comment_status":"closed","ping_status":"closed","sticky":false,"template":"","format":"standard","meta":{"_jetpack_memberships_contains_paid_content":false,"footnotes":""},"categories":[5,1],"tags":[],"class_list":["post-132006","post","type-post","status-publish","format-standard","has-post-thumbnail","hentry","category-informacion-general","category-portada"],"jetpack_featured_media_url":"https:\/\/i0.wp.com\/cdnoticias.com\/wp-content\/uploads\/2023\/11\/la-capitana1.jpg?fit=1000%2C665&ssl=1","jetpack_sharing_enabled":true,"_links":{"self":[{"href":"https:\/\/cdnoticias.com\/index.php\/wp-json\/wp\/v2\/posts\/132006","targetHints":{"allow":["GET"]}}],"collection":[{"href":"https:\/\/cdnoticias.com\/index.php\/wp-json\/wp\/v2\/posts"}],"about":[{"href":"https:\/\/cdnoticias.com\/index.php\/wp-json\/wp\/v2\/types\/post"}],"author":[{"embeddable":true,"href":"https:\/\/cdnoticias.com\/index.php\/wp-json\/wp\/v2\/users\/2"}],"replies":[{"embeddable":true,"href":"https:\/\/cdnoticias.com\/index.php\/wp-json\/wp\/v2\/comments?post=132006"}],"version-history":[{"count":0,"href":"https:\/\/cdnoticias.com\/index.php\/wp-json\/wp\/v2\/posts\/132006\/revisions"}],"wp:featuredmedia":[{"embeddable":true,"href":"https:\/\/cdnoticias.com\/index.php\/wp-json\/wp\/v2\/media\/100847"}],"wp:attachment":[{"href":"https:\/\/cdnoticias.com\/index.php\/wp-json\/wp\/v2\/media?parent=132006"}],"wp:term":[{"taxonomy":"category","embeddable":true,"href":"https:\/\/cdnoticias.com\/index.php\/wp-json\/wp\/v2\/categories?post=132006"},{"taxonomy":"post_tag","embeddable":true,"href":"https:\/\/cdnoticias.com\/index.php\/wp-json\/wp\/v2\/tags?post=132006"}],"curies":[{"name":"wp","href":"https:\/\/api.w.org\/{rel}","templated":true}]}}