{"id":131985,"date":"2024-12-06T07:54:53","date_gmt":"2024-12-06T10:54:53","guid":{"rendered":"https:\/\/cdnoticias.com\/?p=131985"},"modified":"2024-12-06T09:24:41","modified_gmt":"2024-12-06T12:24:41","slug":"continua-vigente-una-alerta-amarilla-por-vientos-para-este-viernes","status":"publish","type":"post","link":"https:\/\/cdnoticias.com\/index.php\/2024\/12\/06\/continua-vigente-una-alerta-amarilla-por-vientos-para-este-viernes\/","title":{"rendered":"Contin\u00faa vigente una alerta amarilla por vientos para este viernes"},"content":{"rendered":"\n<p>Rige para Olavarr\u00eda y la zona. Prev\u00e9n vientos del sector sur con r\u00e1fagas que pueden superar los 65 km\/h.<\/p>\n\n\n\n<hr class=\"wp-block-separator has-alpha-channel-opacity\"\/>\n\n\n\n<p>El Servicio Meteorol\u00f3gico Nacional emiti\u00f3 una <strong>alerta de color amarillo para Olavarr\u00eda, General La Madrid y Laprida.<\/strong><\/p>\n\n\n\n<p><\/p>\n\n\n\n<p>Seg\u00fan indic\u00f3 el organismo nacional, <strong>durante la tarde y noche de este viernes<\/strong>, el \u00e1rea ser\u00e1 afectada por <strong>vientos del sector sur<\/strong>, con velocidades<strong> entre 35 y 50 km\/h y r\u00e1fagas que pueden superar los 65 km\/h.<\/strong><\/p>\n\n\n\n<p><\/p>\n\n\n\n<p>Ante esta advertencia se recomienda: evitar actividades al aire libre; asegurar los elementos que puedan volarse y mantenerse informado por autoridades.<\/p>\n\n\n\n<p><\/p>\n\n\n\n<figure class=\"wp-block-image size-full\"><img data-recalc-dims=\"1\" loading=\"lazy\" decoding=\"async\" width=\"718\" height=\"306\" src=\"https:\/\/i0.wp.com\/cdnoticias.com\/wp-content\/uploads\/2024\/12\/image-1.png?resize=718%2C306&#038;ssl=1\" alt=\"\" class=\"wp-image-131986\" srcset=\"https:\/\/i0.wp.com\/cdnoticias.com\/wp-content\/uploads\/2024\/12\/image-1.png?w=718&amp;ssl=1 718w, https:\/\/i0.wp.com\/cdnoticias.com\/wp-content\/uploads\/2024\/12\/image-1.png?resize=300%2C128&amp;ssl=1 300w\" sizes=\"auto, (max-width: 718px) 100vw, 718px\" \/><\/figure>\n","protected":false},"excerpt":{"rendered":"<p>Rige para Olavarr\u00eda y la zona. Prev\u00e9n vientos del sector sur con r\u00e1fagas que pueden superar los 65 km\/h. El<\/p>\n","protected":false},"author":2,"featured_media":129538,"comment_status":"closed","ping_status":"closed","sticky":false,"template":"","format":"standard","meta":{"_jetpack_memberships_contains_paid_content":false,"footnotes":""},"categories":[5,1],"tags":[],"class_list":["post-131985","post","type-post","status-publish","format-standard","has-post-thumbnail","hentry","category-informacion-general","category-portada"],"jetpack_featured_media_url":"https:\/\/i0.wp.com\/cdnoticias.com\/wp-content\/uploads\/2024\/11\/tormenta-lluvia-viento-00.jpg?fit=1000%2C555&ssl=1","jetpack_sharing_enabled":true,"_links":{"self":[{"href":"https:\/\/cdnoticias.com\/index.php\/wp-json\/wp\/v2\/posts\/131985","targetHints":{"allow":["GET"]}}],"collection":[{"href":"https:\/\/cdnoticias.com\/index.php\/wp-json\/wp\/v2\/posts"}],"about":[{"href":"https:\/\/cdnoticias.com\/index.php\/wp-json\/wp\/v2\/types\/post"}],"author":[{"embeddable":true,"href":"https:\/\/cdnoticias.com\/index.php\/wp-json\/wp\/v2\/users\/2"}],"replies":[{"embeddable":true,"href":"https:\/\/cdnoticias.com\/index.php\/wp-json\/wp\/v2\/comments?post=131985"}],"version-history":[{"count":0,"href":"https:\/\/cdnoticias.com\/index.php\/wp-json\/wp\/v2\/posts\/131985\/revisions"}],"wp:featuredmedia":[{"embeddable":true,"href":"https:\/\/cdnoticias.com\/index.php\/wp-json\/wp\/v2\/media\/129538"}],"wp:attachment":[{"href":"https:\/\/cdnoticias.com\/index.php\/wp-json\/wp\/v2\/media?parent=131985"}],"wp:term":[{"taxonomy":"category","embeddable":true,"href":"https:\/\/cdnoticias.com\/index.php\/wp-json\/wp\/v2\/categories?post=131985"},{"taxonomy":"post_tag","embeddable":true,"href":"https:\/\/cdnoticias.com\/index.php\/wp-json\/wp\/v2\/tags?post=131985"}],"curies":[{"name":"wp","href":"https:\/\/api.w.org\/{rel}","templated":true}]}}