{"id":131983,"date":"2024-12-06T07:35:08","date_gmt":"2024-12-06T10:35:08","guid":{"rendered":"https:\/\/cdnoticias.com\/?p=131983"},"modified":"2024-12-06T07:35:10","modified_gmt":"2024-12-06T10:35:10","slug":"jose-luis-patronelli-el-patro-q-e-p-d","status":"publish","type":"post","link":"https:\/\/cdnoticias.com\/index.php\/2024\/12\/06\/jose-luis-patronelli-el-patro-q-e-p-d\/","title":{"rendered":"Jos\u00e9 Luis Patronelli \u201cEl Patro\u201d (Q.E.P.D.)"},"content":{"rendered":"\n<p>Falleci\u00f3 en CABA el 3 de diciembre de 2024 a los 56 a\u00f1os de edad. Su esposa: Irma Marsiglia. Sus hijas: Mariana y Macarena Patronelli. Sus hijos pol\u00edticos: Pato Bajeneta y Carlitos Gonz\u00e1lez. Sus nietos: Mateo, Bautista, Mia, Aina e Itzae. Sus hermanos, hermanos pol\u00edticos, sobrinos e Iglesia Bautista Pueblo Nuevo de Olavarr\u00eda y dem\u00e1s familiares participan su fallecimiento.<\/p>\n\n\n\n<p><\/p>\n\n\n\n<p>Sus restos son velados en Espa\u00f1a 2942, Departamento \u201cE\u201d, de 8:00 a 14:00, y ser\u00e1n cremados en crematorio Pinos de Paz en d\u00eda y horario a confirmar, previo responso en la capilla ardiente.<\/p>\n\n\n\n<p><\/p>\n\n\n\n<p>No enviar flores y destinar su importe al Hospital de Oncolog\u00eda. Vecino de barrio Hipolito Yrigoyen. Nacido en Olavarr\u00eda. Pintor jubilado.<\/p>\n","protected":false},"excerpt":{"rendered":"<p>Falleci\u00f3 en CABA el 3 de diciembre de 2024 a los 56 a\u00f1os de edad. Su esposa: Irma Marsiglia. Sus<\/p>\n","protected":false},"author":2,"featured_media":100390,"comment_status":"closed","ping_status":"closed","sticky":false,"template":"","format":"standard","meta":{"_jetpack_memberships_contains_paid_content":false,"footnotes":""},"categories":[10],"tags":[],"class_list":["post-131983","post","type-post","status-publish","format-standard","has-post-thumbnail","hentry","category-necrologicas"],"jetpack_featured_media_url":"https:\/\/i0.wp.com\/cdnoticias.com\/wp-content\/uploads\/2023\/10\/necrologicas-390-x-240.jpg?fit=390%2C240&ssl=1","jetpack_sharing_enabled":true,"_links":{"self":[{"href":"https:\/\/cdnoticias.com\/index.php\/wp-json\/wp\/v2\/posts\/131983","targetHints":{"allow":["GET"]}}],"collection":[{"href":"https:\/\/cdnoticias.com\/index.php\/wp-json\/wp\/v2\/posts"}],"about":[{"href":"https:\/\/cdnoticias.com\/index.php\/wp-json\/wp\/v2\/types\/post"}],"author":[{"embeddable":true,"href":"https:\/\/cdnoticias.com\/index.php\/wp-json\/wp\/v2\/users\/2"}],"replies":[{"embeddable":true,"href":"https:\/\/cdnoticias.com\/index.php\/wp-json\/wp\/v2\/comments?post=131983"}],"version-history":[{"count":0,"href":"https:\/\/cdnoticias.com\/index.php\/wp-json\/wp\/v2\/posts\/131983\/revisions"}],"wp:featuredmedia":[{"embeddable":true,"href":"https:\/\/cdnoticias.com\/index.php\/wp-json\/wp\/v2\/media\/100390"}],"wp:attachment":[{"href":"https:\/\/cdnoticias.com\/index.php\/wp-json\/wp\/v2\/media?parent=131983"}],"wp:term":[{"taxonomy":"category","embeddable":true,"href":"https:\/\/cdnoticias.com\/index.php\/wp-json\/wp\/v2\/categories?post=131983"},{"taxonomy":"post_tag","embeddable":true,"href":"https:\/\/cdnoticias.com\/index.php\/wp-json\/wp\/v2\/tags?post=131983"}],"curies":[{"name":"wp","href":"https:\/\/api.w.org\/{rel}","templated":true}]}}