{"id":131961,"date":"2024-12-05T18:31:36","date_gmt":"2024-12-05T21:31:36","guid":{"rendered":"https:\/\/cdnoticias.com\/?p=131961"},"modified":"2024-12-05T18:31:37","modified_gmt":"2024-12-05T21:31:37","slug":"jornadas-sobre-abordaje-integral-de-las-infecciones-de-transmision-sexual","status":"publish","type":"post","link":"https:\/\/cdnoticias.com\/index.php\/2024\/12\/05\/jornadas-sobre-abordaje-integral-de-las-infecciones-de-transmision-sexual\/","title":{"rendered":"Jornadas sobre abordaje integral de las Infecciones de Transmisi\u00f3n Sexual"},"content":{"rendered":"\n<p>Las capacitaciones se destinaron a trabajadoras sociales, a todos los equipos del primer nivel de atenci\u00f3n, m\u00e9dicos, enfermeros, administrativos y personal de obras y servicios.&nbsp;<\/p>\n\n\n\n<hr class=\"wp-block-separator aligncenter has-alpha-channel-opacity\"\/>\n\n\n\n<p>Culminaron los<strong> encuentros de actualizaci\u00f3n sobre abordaje integral de las Infecciones de Transmisi\u00f3n Sexual <\/strong>programados para el corriente a\u00f1o. El \u00faltimo encuentro tuvo lugar el pasado mi\u00e9rcoles en el SUM del Servicio Municipal Territorial N\u00b0 2, ubicado en Alberdi y Coronel Su\u00e1rez.<\/p>\n\n\n\n<p><\/p>\n\n\n\n<p>La propuesta estuvo articulada entre el <strong>Programa de VIH, ITS y Hepatitis Virales de la Regi\u00f3n Sanitaria IX (RS IX) y el Programa Municipal de Salud Sexual y Reproductiva <\/strong>(PMSSyR). <\/p>\n\n\n\n<p><\/p>\n\n\n\n<blockquote class=\"wp-block-quote is-layout-flow wp-block-quote-is-layout-flow\">\n<p>El objetivo del encuentro fue la generaci\u00f3n de dispositivos y herramientas pensados y consensuados en conjunto para establecer estrategias de abordaje integral, interdisciplinarias e intersectoriales para acompa\u00f1ar, alojar y realizar seguimientos de los procesos de las personas transitando una Infecci\u00f3n de Transmisi\u00f3n Sexual (ITS).<\/p>\n<\/blockquote>\n\n\n\n<p><\/p>\n\n\n\n<p>El ciclo de capacitaciones dio inicio con un primer encuentro de actualizaci\u00f3n y escucha, dirigida a profesionales de Trabajo Social dependientes de la Secretar\u00eda de Desarrollo de la Comunidad, que se desempe\u00f1an en los diferentes Centros de Atenci\u00f3n Primaria de la Salud (CAPS) dependientes de la Subsecretar\u00eda de APS.<\/p>\n\n\n\n<p><\/p>\n\n\n\n<p>Luego de esta primera experiencia y, junto a un trabajo articulado con la mencionada Subsecretar\u00eda, se llevaron adelante dos encuentros m\u00e1s destinados a equipos de los CAPS incluyendo personal administrativo, de limpieza, de enfermer\u00eda, de medicina y de salud mental.<\/p>\n\n\n\n<p><\/p>\n\n\n\n<blockquote class=\"wp-block-quote is-layout-flow wp-block-quote-is-layout-flow\">\n<p>Frente al aumento exponencial de casos de S\u00edfilis y VIH, se consider\u00f3 necesario generar articulaciones entre los espacios de salud y desarrollo social por los que transcurren las personas del Partido de Olavarr\u00eda, facilitando el acceso de la poblaci\u00f3n, en general, al cuidado del cuerpo, al control de su Salud Sexual y al ejercicio pleno de los derechos sexuales, reproductivos y no reproductivos en el marco de lo establecido en las Ordenanzas Municipales 3365\/10 (de creaci\u00f3n del PMSSyR) y 4343\/18 (su modificatoria).<\/p>\n<\/blockquote>\n\n\n\n<p><\/p>\n\n\n\n<p>Florencia Lestrada, subsecretaria de APS, defini\u00f3 a este tipo de jornadas en el marco de <strong><em>\u201cacciones pol\u00edticas que presenten impacto en las principales problem\u00e1ticas de la sociedad, como lo son las enfermedades de transmisi\u00f3n sexual\u201d.<\/em><\/strong><\/p>\n\n\n\n<p><\/p>\n\n\n\n<p>\u201cLas capacitaciones se destinaron a todas las trabajadoras sociales, a todos los equipos del primer nivel de atenci\u00f3n, y dentro de\u00a0 este \u00faltimo, se capacit\u00f3 tanto a m\u00e9dicos, enfermeros, como administrativos y personal de obras y servicios, para que todos puedan brindar contenci\u00f3n a las personas que circulan por los distintos espacios\u201d cerr\u00f3 la funcionaria.<\/p>\n\n\n\n<p><\/p>\n","protected":false},"excerpt":{"rendered":"<p>Las capacitaciones se destinaron a trabajadoras sociales, a todos los equipos del primer nivel de atenci\u00f3n, m\u00e9dicos, enfermeros, administrativos y<\/p>\n","protected":false},"author":6,"featured_media":131963,"comment_status":"closed","ping_status":"closed","sticky":false,"template":"","format":"standard","meta":{"_jetpack_memberships_contains_paid_content":false,"footnotes":""},"categories":[5,1],"tags":[],"class_list":["post-131961","post","type-post","status-publish","format-standard","has-post-thumbnail","hentry","category-informacion-general","category-portada"],"jetpack_featured_media_url":"https:\/\/i0.wp.com\/cdnoticias.com\/wp-content\/uploads\/2024\/12\/capacitaciones-its.png?fit=891%2C459&ssl=1","jetpack_sharing_enabled":true,"_links":{"self":[{"href":"https:\/\/cdnoticias.com\/index.php\/wp-json\/wp\/v2\/posts\/131961","targetHints":{"allow":["GET"]}}],"collection":[{"href":"https:\/\/cdnoticias.com\/index.php\/wp-json\/wp\/v2\/posts"}],"about":[{"href":"https:\/\/cdnoticias.com\/index.php\/wp-json\/wp\/v2\/types\/post"}],"author":[{"embeddable":true,"href":"https:\/\/cdnoticias.com\/index.php\/wp-json\/wp\/v2\/users\/6"}],"replies":[{"embeddable":true,"href":"https:\/\/cdnoticias.com\/index.php\/wp-json\/wp\/v2\/comments?post=131961"}],"version-history":[{"count":0,"href":"https:\/\/cdnoticias.com\/index.php\/wp-json\/wp\/v2\/posts\/131961\/revisions"}],"wp:featuredmedia":[{"embeddable":true,"href":"https:\/\/cdnoticias.com\/index.php\/wp-json\/wp\/v2\/media\/131963"}],"wp:attachment":[{"href":"https:\/\/cdnoticias.com\/index.php\/wp-json\/wp\/v2\/media?parent=131961"}],"wp:term":[{"taxonomy":"category","embeddable":true,"href":"https:\/\/cdnoticias.com\/index.php\/wp-json\/wp\/v2\/categories?post=131961"},{"taxonomy":"post_tag","embeddable":true,"href":"https:\/\/cdnoticias.com\/index.php\/wp-json\/wp\/v2\/tags?post=131961"}],"curies":[{"name":"wp","href":"https:\/\/api.w.org\/{rel}","templated":true}]}}