{"id":131959,"date":"2024-12-08T07:22:12","date_gmt":"2024-12-08T10:22:12","guid":{"rendered":"https:\/\/cdnoticias.com\/?p=131959"},"modified":"2024-12-08T11:22:47","modified_gmt":"2024-12-08T14:22:47","slug":"concierto-imperdible-la-banda-hugo-bazzano-junto-a-la-big-band-regional","status":"publish","type":"post","link":"https:\/\/cdnoticias.com\/index.php\/2024\/12\/08\/concierto-imperdible-la-banda-hugo-bazzano-junto-a-la-big-band-regional\/","title":{"rendered":"Concierto imperdible: la banda \u201cHugo Bazzano\u201d junto a la Big Band Regional"},"content":{"rendered":"\n<p>El show ser\u00e1 el domingo 8 con entrada libre y gratuita en la Casa del Bicentenario.&nbsp;<\/p>\n\n\n\n<hr class=\"wp-block-separator aligncenter has-alpha-channel-opacity\"\/>\n\n\n\n<p>Este <strong>domingo 8<\/strong> se llevar\u00e1 a cabo un concierto imperdible con las<strong> presentaciones de la Big Band Regional y la Banda Municipal \u201cHugo Bazzano\u201d, <\/strong>en las escalinatas de la <strong>Casa del Bicentenario.<\/strong><\/p>\n\n\n\n<p><\/p>\n\n\n\n<p>Ser\u00e1 <strong>desde las 19 horas, con entrada libre y gratuita.<\/strong> El evento contar\u00e1 adem\u00e1s con la <strong>presencia del director y compositor uruguayo Agust\u00edn Pardo Motz<\/strong> radicado actualmente en la ciudad de Hamburgo (Alemania).<\/p>\n\n\n\n<p><\/p>\n\n\n\n<blockquote class=\"wp-block-quote is-layout-flow wp-block-quote-is-layout-flow\">\n<p>Como cierre de las actividades realizadas en Olavarr\u00eda en 2024, la Big Band presentar\u00e1 un repertorio innovador y ecl\u00e9ctico de la mano del Director Invitado. Con m\u00e1s de 20 m\u00fasicos en escena provenientes de las ciudades de Olavarr\u00eda, Tandil, Azul, Gonz\u00e1lez Chaves y Tres Arroyos se interpretar\u00e1n distintos repertorios, de Agust\u00edn Pardo Motz y composiciones propias de la Big Band Regional.<\/p>\n<\/blockquote>\n\n\n\n<p><\/p>\n\n\n\n<p>En tanto que la Banda Municipal \u201cHugo Bazzano\u201d forma parte de un programa cultural que se basa en la educaci\u00f3n no formal, se desarrolla como un conjunto de actividades organizadas y sistem\u00e1ticas, realizadas fuera del \u00e1mbito oficial, que apela a facilitar el aprendizaje musical.<\/p>\n\n\n\n<p><\/p>\n\n\n\n<p class=\"has-medium-font-size\"><strong>Sobre Agust\u00edn Pardo Motz (Uruguay- Alemania)<\/strong><\/p>\n\n\n\n<p>M\u00fasico, compositor, arreglador y director uruguayo. Actualmente residente de Alemania, se dedica principalmente a la escritura para ensambles de gran tama\u00f1o, tales como Big Bands, Orquestas y Bandas Sinf\u00f3nicas. Su m\u00fasica busca establecer un di\u00e1logo entre las tradiciones musicales sudamericanas, el jazz, la m\u00fasica contempor\u00e1nea acad\u00e9mica y la tradici\u00f3n sinf\u00f3nica.<\/p>\n\n\n\n<p><\/p>\n\n\n\n<p>Compositor multipremiado, cursa actualmente un Doctorado en M\u00fasica en la Hochschule f\u00fcr Musik und Theater Hamburgo y posgrado en Rhythmical Ensemble Conducting en la Norwegian Academy of Music en Oslo.<\/p>\n","protected":false},"excerpt":{"rendered":"<p>El show ser\u00e1 el domingo 8 con entrada libre y gratuita en la Casa del Bicentenario.&nbsp; Este domingo 8 se<\/p>\n","protected":false},"author":6,"featured_media":41078,"comment_status":"closed","ping_status":"closed","sticky":false,"template":"","format":"standard","meta":{"_jetpack_memberships_contains_paid_content":false,"footnotes":""},"categories":[9,1],"tags":[],"class_list":["post-131959","post","type-post","status-publish","format-standard","has-post-thumbnail","hentry","category-cultura","category-portada"],"jetpack_featured_media_url":"https:\/\/i0.wp.com\/cdnoticias.com\/wp-content\/uploads\/2021\/12\/Cultura-La-Big-Band-Regional-1024x683.jpg?fit=1024%2C683&ssl=1","jetpack_sharing_enabled":true,"_links":{"self":[{"href":"https:\/\/cdnoticias.com\/index.php\/wp-json\/wp\/v2\/posts\/131959","targetHints":{"allow":["GET"]}}],"collection":[{"href":"https:\/\/cdnoticias.com\/index.php\/wp-json\/wp\/v2\/posts"}],"about":[{"href":"https:\/\/cdnoticias.com\/index.php\/wp-json\/wp\/v2\/types\/post"}],"author":[{"embeddable":true,"href":"https:\/\/cdnoticias.com\/index.php\/wp-json\/wp\/v2\/users\/6"}],"replies":[{"embeddable":true,"href":"https:\/\/cdnoticias.com\/index.php\/wp-json\/wp\/v2\/comments?post=131959"}],"version-history":[{"count":0,"href":"https:\/\/cdnoticias.com\/index.php\/wp-json\/wp\/v2\/posts\/131959\/revisions"}],"wp:featuredmedia":[{"embeddable":true,"href":"https:\/\/cdnoticias.com\/index.php\/wp-json\/wp\/v2\/media\/41078"}],"wp:attachment":[{"href":"https:\/\/cdnoticias.com\/index.php\/wp-json\/wp\/v2\/media?parent=131959"}],"wp:term":[{"taxonomy":"category","embeddable":true,"href":"https:\/\/cdnoticias.com\/index.php\/wp-json\/wp\/v2\/categories?post=131959"},{"taxonomy":"post_tag","embeddable":true,"href":"https:\/\/cdnoticias.com\/index.php\/wp-json\/wp\/v2\/tags?post=131959"}],"curies":[{"name":"wp","href":"https:\/\/api.w.org\/{rel}","templated":true}]}}