{"id":131955,"date":"2024-12-06T17:30:37","date_gmt":"2024-12-06T20:30:37","guid":{"rendered":"https:\/\/cdnoticias.com\/?p=131955"},"modified":"2024-12-06T17:30:39","modified_gmt":"2024-12-06T20:30:39","slug":"el-museo-municipal-de-colonia-san-miguel-celebra-un-nuevo-aniversario","status":"publish","type":"post","link":"https:\/\/cdnoticias.com\/index.php\/2024\/12\/06\/el-museo-municipal-de-colonia-san-miguel-celebra-un-nuevo-aniversario\/","title":{"rendered":"El Museo Municipal de Colonia San Miguel celebra un nuevo aniversario"},"content":{"rendered":"\n<p>Ser\u00e1 este domingo 8, fecha en la que el museo fue inaugurado pero del a\u00f1o 2000. Habr\u00e1 paseo de artesanos, presentaciones de libros, homenajes, danzas y m\u00e1s.&nbsp;<\/p>\n\n\n\n<hr class=\"wp-block-separator aligncenter has-alpha-channel-opacity\"\/>\n\n\n\n<p>El <strong>Museo Municipal \u201cMiguel Stoessel M\u00fcller\u201d de Colonia San Miguel<\/strong> fue <strong>inaugurado un 8 de diciembre de 2000,<\/strong> con la misi\u00f3n fundamental de dar testimonio y exhibir elementos que constituyen la identidad de la comunidad de la colonia.<\/p>\n\n\n\n<p><\/p>\n\n\n\n<p>Este <strong>domingo 8 de diciembre<\/strong> celebrar\u00e1 su vig\u00e9simo cuarto aniversario con una jornada comunitaria en el patio del museo que <strong>se iniciar\u00e1 a partir de las 16 horas.<\/strong><\/p>\n\n\n\n<p><\/p>\n\n\n\n<blockquote class=\"wp-block-quote is-layout-flow wp-block-quote-is-layout-flow\">\n<p>Habr\u00e1 paseo de artesanos, presentaci\u00f3n del libro digital de Rodrigo Stoessel, homenaje a Tusnelda Heiland, lectura de trabajos por parte del taller literario, danzas alemanas, danzas \u00e1rabe, danza folcl\u00f3rica, Los hermanos Martell, Tomas Beltramella (versos criollos) y Arrebol.<\/p>\n<\/blockquote>\n\n\n\n<p><\/p>\n\n\n\n<p>Desde su creaci\u00f3n, el objetivo del museo fue que <strong>la comunidad pudiera contar con un lugar que resguardara su historia,<\/strong> algo que fue posible gracias a la donaci\u00f3n de la antigua y t\u00edpica casa -donde se encuentra emplazado- que pertenec\u00eda a los ocho hijos de Miguel Stoessel M\u00fcller, uno de los primeros pobladores de Colonia San Miguel.<\/p>\n\n\n\n<p><\/p>\n\n\n\n<p>El Museo supo convertirse en punto de encuentro de autos antiguos, as\u00ed como tambi\u00e9n formar parte de uno de los rallyes de motos antiguas m\u00e1s importante del pa\u00eds. Tambi\u00e9n ha itinerado, trasladando muestras a otros lugares, compartiendo y transmitiendo su identidad, nutri\u00e9ndose de las historias de inmigraci\u00f3n de los otros pueblos que componen el Partido de Olavarr\u00eda.<\/p>\n","protected":false},"excerpt":{"rendered":"<p>Ser\u00e1 este domingo 8, fecha en la que el museo fue inaugurado pero del a\u00f1o 2000. Habr\u00e1 paseo de artesanos,<\/p>\n","protected":false},"author":6,"featured_media":50282,"comment_status":"closed","ping_status":"closed","sticky":false,"template":"","format":"standard","meta":{"_jetpack_memberships_contains_paid_content":false,"footnotes":""},"categories":[5,1],"tags":[],"class_list":["post-131955","post","type-post","status-publish","format-standard","has-post-thumbnail","hentry","category-informacion-general","category-portada"],"jetpack_featured_media_url":"https:\/\/i0.wp.com\/cdnoticias.com\/wp-content\/uploads\/2022\/03\/colonia-san-miguel-800x445-1.jpg?fit=800%2C445&ssl=1","jetpack_sharing_enabled":true,"_links":{"self":[{"href":"https:\/\/cdnoticias.com\/index.php\/wp-json\/wp\/v2\/posts\/131955","targetHints":{"allow":["GET"]}}],"collection":[{"href":"https:\/\/cdnoticias.com\/index.php\/wp-json\/wp\/v2\/posts"}],"about":[{"href":"https:\/\/cdnoticias.com\/index.php\/wp-json\/wp\/v2\/types\/post"}],"author":[{"embeddable":true,"href":"https:\/\/cdnoticias.com\/index.php\/wp-json\/wp\/v2\/users\/6"}],"replies":[{"embeddable":true,"href":"https:\/\/cdnoticias.com\/index.php\/wp-json\/wp\/v2\/comments?post=131955"}],"version-history":[{"count":0,"href":"https:\/\/cdnoticias.com\/index.php\/wp-json\/wp\/v2\/posts\/131955\/revisions"}],"wp:featuredmedia":[{"embeddable":true,"href":"https:\/\/cdnoticias.com\/index.php\/wp-json\/wp\/v2\/media\/50282"}],"wp:attachment":[{"href":"https:\/\/cdnoticias.com\/index.php\/wp-json\/wp\/v2\/media?parent=131955"}],"wp:term":[{"taxonomy":"category","embeddable":true,"href":"https:\/\/cdnoticias.com\/index.php\/wp-json\/wp\/v2\/categories?post=131955"},{"taxonomy":"post_tag","embeddable":true,"href":"https:\/\/cdnoticias.com\/index.php\/wp-json\/wp\/v2\/tags?post=131955"}],"curies":[{"name":"wp","href":"https:\/\/api.w.org\/{rel}","templated":true}]}}