{"id":131949,"date":"2024-12-05T18:53:10","date_gmt":"2024-12-05T21:53:10","guid":{"rendered":"https:\/\/cdnoticias.com\/?p=131949"},"modified":"2024-12-05T18:53:12","modified_gmt":"2024-12-05T21:53:12","slug":"la-fio-se-posiciona-a-escala-internacional-con-proyectos-sobre-logistica-integral-sostenible","status":"publish","type":"post","link":"https:\/\/cdnoticias.com\/index.php\/2024\/12\/05\/la-fio-se-posiciona-a-escala-internacional-con-proyectos-sobre-logistica-integral-sostenible\/","title":{"rendered":"La FIO se posiciona a escala internacional con proyectos sobre log\u00edstica integral sostenible"},"content":{"rendered":"\n<p>Docentes e investigadores del Departamento de Ingenier\u00eda Industrial presentaron avances significativos en investigaciones vinculadas con cadenas de suministro Lean y Green, aplicable a pymes, en busca mejorar su eficiencia y sostenibilidad. Lo hicieron en Uruguay y Mendoza, fortaleciendo la colaboraci\u00f3n acad\u00e9mica y el impacto en el sector productivo.<\/p>\n\n\n\n<hr class=\"wp-block-separator aligncenter has-alpha-channel-opacity\"\/>\n\n\n\n<p>Desde la <strong>Facultad de Ingenier\u00eda<\/strong> buscan <strong>desarrollar una plataforma de colaboraci\u00f3n que ayude a las empresas a lograr procesos mas eficientes y sostenibles<\/strong> en el marco de su cadena de suministros y as\u00ed plantear organizaciones que incorporen estas pr\u00e1cticas.\u00a0<\/p>\n\n\n\n<p><\/p>\n\n\n\n<p>Ese es el objetivo de la investigaci\u00f3n que impulsan las <strong>docentes del Departamento de Ingenier\u00eda Industrial, Ing. Claudia Rohvein y Lic. Romina Baldi, <\/strong>que expusieron en el Food &amp; Wine Supply Chain Conference 2024, celebrado en la Universidad Nacional de Cuyo, Mendoza.<\/p>\n\n\n\n<p><\/p>\n\n\n\n<blockquote class=\"wp-block-quote is-layout-flow wp-block-quote-is-layout-flow\">\n<p>Durante este encuentro internacional, presentaron los resultados del proyecto de investigaci\u00f3n, a trav\u00e9s del trabajo \u201cAportes de enfoques Green y Lean a la gesti\u00f3n de la cadena de suministro\u201d, recibiendo comentarios constructivos y siendo invitadas a formar parte de una red de trabajo con UNCuyo para futuras capacitaciones e investigaciones conjuntas.<\/p>\n<\/blockquote>\n\n\n\n<p><\/p>\n\n\n\n<figure class=\"wp-block-image aligncenter size-full\"><img data-recalc-dims=\"1\" loading=\"lazy\" decoding=\"async\" width=\"800\" height=\"375\" src=\"https:\/\/i0.wp.com\/cdnoticias.com\/wp-content\/uploads\/2024\/12\/fio-congreso-mendoza-uruguay1.jpg?resize=800%2C375&#038;ssl=1\" alt=\"\" class=\"wp-image-131952\" srcset=\"https:\/\/i0.wp.com\/cdnoticias.com\/wp-content\/uploads\/2024\/12\/fio-congreso-mendoza-uruguay1.jpg?w=900&amp;ssl=1 900w, https:\/\/i0.wp.com\/cdnoticias.com\/wp-content\/uploads\/2024\/12\/fio-congreso-mendoza-uruguay1.jpg?resize=300%2C141&amp;ssl=1 300w, https:\/\/i0.wp.com\/cdnoticias.com\/wp-content\/uploads\/2024\/12\/fio-congreso-mendoza-uruguay1.jpg?resize=768%2C360&amp;ssl=1 768w\" sizes=\"auto, (max-width: 800px) 100vw, 800px\" \/><\/figure>\n\n\n\n<p><\/p>\n\n\n\n<p>Por otro lado, <strong>el director del departamento y docente Ing. Franco Chiodi<\/strong>, tambi\u00e9n integrante del mismo proyecto, particip\u00f3 en el evento 22\u00aa Conferencia Sudamericana de Ingenier\u00eda Industrial, de Producci\u00f3n y Mec\u00e1nica Seprosul, realizado en noviembre en la Universidad de la Rep\u00fablica (UDELAR) en <strong>Montevideo, Uruguay.<\/strong><\/p>\n\n\n\n<p><\/p>\n\n\n\n<p>En este congreso internacional, present\u00f3 el trabajo \u201c<strong><em>Hacia un modelo de madurez de Lean Supply Chain Management, enfocado en PYMES<\/em><\/strong>\u201d, con la participaci\u00f3n de colegas de Uruguay, Brasil y Argentina, bajo la coordinaci\u00f3n de la Asociaci\u00f3n de Universidades del Grupo Montevideo (AUGM).<\/p>\n\n\n\n<p><br>Estos logros reflejan la <strong>excelencia acad\u00e9mica y cient\u00edfica de la Facultad de Ingenier\u00eda<\/strong>, posicion\u00e1ndola como una instituci\u00f3n referente en la investigaci\u00f3n aplicada y en la colaboraci\u00f3n internacional.<\/p>\n\n\n\n<p><\/p>\n\n\n\n<figure class=\"wp-block-image aligncenter size-full\"><img data-recalc-dims=\"1\" loading=\"lazy\" decoding=\"async\" width=\"800\" height=\"437\" src=\"https:\/\/i0.wp.com\/cdnoticias.com\/wp-content\/uploads\/2024\/12\/fio-congreso-mendoza-uruguay2.png?resize=800%2C437&#038;ssl=1\" alt=\"\" class=\"wp-image-131951\" srcset=\"https:\/\/i0.wp.com\/cdnoticias.com\/wp-content\/uploads\/2024\/12\/fio-congreso-mendoza-uruguay2.png?w=874&amp;ssl=1 874w, https:\/\/i0.wp.com\/cdnoticias.com\/wp-content\/uploads\/2024\/12\/fio-congreso-mendoza-uruguay2.png?resize=300%2C164&amp;ssl=1 300w, https:\/\/i0.wp.com\/cdnoticias.com\/wp-content\/uploads\/2024\/12\/fio-congreso-mendoza-uruguay2.png?resize=768%2C419&amp;ssl=1 768w\" sizes=\"auto, (max-width: 800px) 100vw, 800px\" \/><\/figure>\n\n\n\n<p><\/p>\n\n\n\n<p class=\"has-medium-font-size\"><strong>En qu\u00e9 consiste<\/strong><\/p>\n\n\n\n<p>El proyecto tiene como objetivo dise\u00f1ar un modelo de madurez de la cadena de suministro, incorporando enfoques Lean y Green, y su implementaci\u00f3n en pymes de la regi\u00f3n. <\/p>\n\n\n\n<p><\/p>\n\n\n\n<p>Tanto el enfoque Lean como el Green aportan una mayor complejidad al estudio de las cadenas de suministros, buscando eficiencia y sostenibilidad a cada uno de los integrantes de estas cadenas, creando una red de organizaciones referentes en uso de pr\u00e1cticas sostenibles.<\/p>\n\n\n\n<p><\/p>\n\n\n\n<blockquote class=\"wp-block-quote is-layout-flow wp-block-quote-is-layout-flow\">\n<p>Actualmente, el proyecto se encuentra en la etapa de dise\u00f1o metodol\u00f3gico del modelo, basado en una revisi\u00f3n bibliogr\u00e1fica que se llev\u00f3 a cabo durante 2024. La pr\u00f3xima fase del proyecto consiste en el trabajo de campo, vinculando el modelo con el entramado pyme regional, a ejecutarse en 2025. <\/p>\n<\/blockquote>\n\n\n\n<p><\/p>\n\n\n\n<p>Este trabajo tambi\u00e9n servir\u00e1 como base para proyectos finales de carrera de ingenier\u00eda industrial en la Facultad de Ingenier\u00eda, reafirmando su compromiso con la formaci\u00f3n de profesionales altamente capacitados y con la innovaci\u00f3n en el \u00e1mbito industrial.<\/p>\n\n\n\n<p><\/p>\n\n\n\n<h3 class=\"wp-block-heading\"><\/h3>\n","protected":false},"excerpt":{"rendered":"<p>Docentes e investigadores del Departamento de Ingenier\u00eda Industrial presentaron avances significativos en investigaciones vinculadas con cadenas de suministro Lean y<\/p>\n","protected":false},"author":6,"featured_media":131953,"comment_status":"closed","ping_status":"closed","sticky":false,"template":"","format":"standard","meta":{"_jetpack_memberships_contains_paid_content":false,"footnotes":""},"categories":[5,1],"tags":[],"class_list":["post-131949","post","type-post","status-publish","format-standard","has-post-thumbnail","hentry","category-informacion-general","category-portada"],"jetpack_featured_media_url":"https:\/\/i0.wp.com\/cdnoticias.com\/wp-content\/uploads\/2024\/12\/fio-congreso-mendoza-uruguay.jpg?fit=900%2C506&ssl=1","jetpack_sharing_enabled":true,"_links":{"self":[{"href":"https:\/\/cdnoticias.com\/index.php\/wp-json\/wp\/v2\/posts\/131949","targetHints":{"allow":["GET"]}}],"collection":[{"href":"https:\/\/cdnoticias.com\/index.php\/wp-json\/wp\/v2\/posts"}],"about":[{"href":"https:\/\/cdnoticias.com\/index.php\/wp-json\/wp\/v2\/types\/post"}],"author":[{"embeddable":true,"href":"https:\/\/cdnoticias.com\/index.php\/wp-json\/wp\/v2\/users\/6"}],"replies":[{"embeddable":true,"href":"https:\/\/cdnoticias.com\/index.php\/wp-json\/wp\/v2\/comments?post=131949"}],"version-history":[{"count":0,"href":"https:\/\/cdnoticias.com\/index.php\/wp-json\/wp\/v2\/posts\/131949\/revisions"}],"wp:featuredmedia":[{"embeddable":true,"href":"https:\/\/cdnoticias.com\/index.php\/wp-json\/wp\/v2\/media\/131953"}],"wp:attachment":[{"href":"https:\/\/cdnoticias.com\/index.php\/wp-json\/wp\/v2\/media?parent=131949"}],"wp:term":[{"taxonomy":"category","embeddable":true,"href":"https:\/\/cdnoticias.com\/index.php\/wp-json\/wp\/v2\/categories?post=131949"},{"taxonomy":"post_tag","embeddable":true,"href":"https:\/\/cdnoticias.com\/index.php\/wp-json\/wp\/v2\/tags?post=131949"}],"curies":[{"name":"wp","href":"https:\/\/api.w.org\/{rel}","templated":true}]}}