{"id":131920,"date":"2024-12-05T10:58:21","date_gmt":"2024-12-05T13:58:21","guid":{"rendered":"https:\/\/cdnoticias.com\/?p=131920"},"modified":"2024-12-19T10:43:58","modified_gmt":"2024-12-19T13:43:58","slug":"wesner-participo-de-la-presentacion-del-informe-local-de-muna","status":"publish","type":"post","link":"https:\/\/cdnoticias.com\/index.php\/2024\/12\/05\/wesner-participo-de-la-presentacion-del-informe-local-de-muna\/","title":{"rendered":"Wesner particip\u00f3 de la presentaci\u00f3n del informe local de MUNA"},"content":{"rendered":"\n<p>Fue en el marco de la firma que se realiz\u00f3 meses atr\u00e1s entre el Municipio y UNICEF. Participaron referentes provinciales, de UNICEF y autoridades y equipo t\u00e9cnico del municipio.<\/p>\n\n\n\n<hr class=\"wp-block-separator has-alpha-channel-opacity\"\/>\n\n\n\n<p>El Intendente Municipal Maximiliano Wesner encabez\u00f3 la<strong> presentaci\u00f3n del relevamiento local sobre ni\u00f1eces y adolescencias ante UNICEF,<\/strong> <strong>en el marco del programa MUNA \u2013 Municipio Unido por la Ni\u00f1ez y la Adolescencia.<\/strong><\/p>\n\n\n\n<p><\/p>\n\n\n\n<p>Dicha presentaci\u00f3n tuvo lugar este mi\u00e9rcoles en el Sal\u00f3n Blanco del Palacio San Mart\u00edn y cont\u00f3 con la presencia de la secretaria de Desarrollo de la Comunidad Mar\u00eda Laura Gamberini, la subsecretaria de Protecci\u00f3n Integral de Derechos Malena Pianciola (referente MUNA), la referente provincial MUNA por el Ministerio de Desarrollo de la Comunidad Natalia Lima y por UNICEF Argentina el consultor del Equipo de Coordinaci\u00f3n MUNA Mart\u00edn de Paula.<\/p>\n\n\n\n<p><\/p>\n\n\n\n<p>En el marco del <strong>Programa de Pa\u00eds de UNICEF en Argentina para el periodo 2021-2025 se puso en marcha la iniciativa MUNA,<\/strong> donde meses atr\u00e1s se firma el convenio y el municipio se compromete a conformar un equipo de trabajo con representantes de diferentes \u00e1reas de la administraci\u00f3n local vinculadas a la ni\u00f1ez y la adolescencia para la realizaci\u00f3n de un proceso de autodiagn\u00f3stico, con monitoreo externo.<\/p>\n\n\n\n<p><\/p>\n\n\n\n<p>En el encuentro se realiz\u00f3 la <strong>presentaci\u00f3n institucional de los resultados preliminares del proceso de autodiagn\u00f3stico <\/strong>que ha llevado adelante el equipo municipal, sentando las bases para las futuras acciones de capacitaci\u00f3n y planificaci\u00f3n que comenzar\u00e1n a desarrollarse el pr\u00f3ximo a\u00f1o.<\/p>\n\n\n\n<p><\/p>\n\n\n\n<figure class=\"wp-block-image size-full\"><img data-recalc-dims=\"1\" loading=\"lazy\" decoding=\"async\" width=\"800\" height=\"445\" src=\"https:\/\/i0.wp.com\/cdnoticias.com\/wp-content\/uploads\/2024\/12\/WhatsApp-Image-2024-12-04-at-12.22.40-1.jpeg?resize=800%2C445&#038;ssl=1\" alt=\"\" class=\"wp-image-131923\" srcset=\"https:\/\/i0.wp.com\/cdnoticias.com\/wp-content\/uploads\/2024\/12\/WhatsApp-Image-2024-12-04-at-12.22.40-1.jpeg?w=800&amp;ssl=1 800w, https:\/\/i0.wp.com\/cdnoticias.com\/wp-content\/uploads\/2024\/12\/WhatsApp-Image-2024-12-04-at-12.22.40-1.jpeg?resize=300%2C167&amp;ssl=1 300w, https:\/\/i0.wp.com\/cdnoticias.com\/wp-content\/uploads\/2024\/12\/WhatsApp-Image-2024-12-04-at-12.22.40-1.jpeg?resize=768%2C427&amp;ssl=1 768w\" sizes=\"auto, (max-width: 800px) 100vw, 800px\" \/><\/figure>\n\n\n\n<p><\/p>\n\n\n\n<blockquote class=\"wp-block-quote is-layout-flow wp-block-quote-is-layout-flow\">\n<p>En ese sentido el Intendente Wesner destac\u00f3 \u201cesta mesa integra dos estamentos del Estado, el Estado Provincial y el Estado Municipal, quienes trabajaron mancomunadamente para lograr este informe que sentar\u00e1 las bases para la ejecuci\u00f3n de pol\u00edticas p\u00fablicas\u201d.<\/p>\n<\/blockquote>\n\n\n\n<p><\/p>\n\n\n\n<p>En ese contexto se\u00f1al\u00f3 \u201clo que veo, por sobre todas las cuestiones, es un com\u00fan denominador, un sentido y un norte, que no tengo dudas que da este diagn\u00f3stico, y por sobre todas las cosas veo compromiso, veo ganas. Yo creo que eso es lo m\u00e1s importante, el expertise puede estar o no, pero lo que hay que valorar son las ganas, el compromiso, el cuidado de nuestras infancias, de nuestros ni\u00f1os, ni\u00f1as y adolescentes, y el compromiso, reci\u00e9n se mencionaba, est\u00e1 en <strong>garantizar la permanencia en un hogar, en un espacio adolescente o en un jard\u00edn maternal, en la cuesti\u00f3n edilicia que estamos abordando, en garantizar alimentos de calidad para nuestras infancias<\/strong>; eso es proteger, que no nos d\u00e9 lo mismo, yo creo que es por ah\u00ed, que es ese el camino, que ese es el norte de esta gesti\u00f3n municipal\u201d.<\/p>\n\n\n\n<p><\/p>\n\n\n\n<p>Por su parte, las \u00e1reas de Desarrollo de la Comunidad y Promoci\u00f3n y Protecci\u00f3n de Derechos del Municipio, quienes encabezaron este equipo de trabajo, indicaron que el presente relevamiento <strong>permitir\u00e1 dise\u00f1ar, implementar, monitorear y evaluar las pol\u00edticas asociadas a la infancia y a la adolescencia en nuestra ciudad. <\/strong>Esto nos marcar\u00e1 cu\u00e1les son aquellas herramientas y aquellas acciones con las que se cuenta a nivel local para este equipo de trabajo.<\/p>\n\n\n\n<p><\/p>\n\n\n\n<figure class=\"wp-block-image size-full\"><img data-recalc-dims=\"1\" loading=\"lazy\" decoding=\"async\" width=\"800\" height=\"445\" src=\"https:\/\/i0.wp.com\/cdnoticias.com\/wp-content\/uploads\/2024\/12\/WhatsApp-Image-2024-12-04-at-12.22.39-1.jpeg?resize=800%2C445&#038;ssl=1\" alt=\"\" class=\"wp-image-131922\" srcset=\"https:\/\/i0.wp.com\/cdnoticias.com\/wp-content\/uploads\/2024\/12\/WhatsApp-Image-2024-12-04-at-12.22.39-1.jpeg?w=800&amp;ssl=1 800w, https:\/\/i0.wp.com\/cdnoticias.com\/wp-content\/uploads\/2024\/12\/WhatsApp-Image-2024-12-04-at-12.22.39-1.jpeg?resize=300%2C167&amp;ssl=1 300w, https:\/\/i0.wp.com\/cdnoticias.com\/wp-content\/uploads\/2024\/12\/WhatsApp-Image-2024-12-04-at-12.22.39-1.jpeg?resize=768%2C427&amp;ssl=1 768w\" sizes=\"auto, (max-width: 800px) 100vw, 800px\" \/><\/figure>\n\n\n\n<p><\/p>\n\n\n\n<p>Este relevamiento es resultado del acompa\u00f1amiento de todas las \u00e1reas, tanto municipales como provinciales, y organizaciones de la sociedad civil cuyos referentes se hicieron presentes en la jornada. Durante el transcurso de la misma se hizo referencia a la importancia de <strong>poder evaluar las variables de tipo sociodemogr\u00e1fica, de acceso a la salud, de entornos saludables, de participaci\u00f3n adolescente, de estructura presupuestaria; <\/strong>cuestiones cuantitativas y cualitativas que permiten un momento de s\u00edntesis y de reflexi\u00f3n acerca del panorama local respecto a la infancia y a la adolescencia.<\/p>\n\n\n\n<p><\/p>\n\n\n\n<p>Al adherirse a MUNA, <strong>los municipios se comprometen a invertir sus recursos y voluntad pol\u00edtica para implementar esta iniciativa, mientras que UNICEF proporciona el marco de trabajo, genera instancias de fortalecimiento de capacidades y visibiliza los avances a trav\u00e9s de sus canales de comunicaci\u00f3n. <\/strong>A su vez, los municipios tienen oportunidades de establecer contactos e intercambiar experiencias con gobiernos de otras ciudades y localidades. Grupo Pharos opera como \u201csocio implementador\u201d en esta jurisdicci\u00f3n y, como parte de ese rol, brinda asistencia t\u00e9cnica y acompa\u00f1amiento a los municipios que ingresan a MUNA.<\/p>\n\n\n\n<p><\/p>\n\n\n\n<p>Esta etapa de trabajo supone motorizar un<strong> proceso orientado a reflexionar en forma colectiva acerca de la situaci\u00f3n de la ni\u00f1ez y la adolescencia en el municipio <\/strong>y las respuestas que se est\u00e1n dando para abordar las principales problem\u00e1ticas que los afectan.<\/p>\n","protected":false},"excerpt":{"rendered":"<p>Fue en el marco de la firma que se realiz\u00f3 meses atr\u00e1s entre el Municipio y UNICEF. Participaron referentes provinciales,<\/p>\n","protected":false},"author":2,"featured_media":131921,"comment_status":"closed","ping_status":"closed","sticky":false,"template":"","format":"standard","meta":{"_jetpack_memberships_contains_paid_content":false,"footnotes":""},"categories":[5,1],"tags":[],"class_list":["post-131920","post","type-post","status-publish","format-standard","has-post-thumbnail","hentry","category-informacion-general","category-portada"],"jetpack_featured_media_url":"https:\/\/i0.wp.com\/cdnoticias.com\/wp-content\/uploads\/2024\/12\/WhatsApp-Image-2024-12-04-at-12.22.39.jpeg?fit=800%2C445&ssl=1","jetpack_sharing_enabled":true,"_links":{"self":[{"href":"https:\/\/cdnoticias.com\/index.php\/wp-json\/wp\/v2\/posts\/131920","targetHints":{"allow":["GET"]}}],"collection":[{"href":"https:\/\/cdnoticias.com\/index.php\/wp-json\/wp\/v2\/posts"}],"about":[{"href":"https:\/\/cdnoticias.com\/index.php\/wp-json\/wp\/v2\/types\/post"}],"author":[{"embeddable":true,"href":"https:\/\/cdnoticias.com\/index.php\/wp-json\/wp\/v2\/users\/2"}],"replies":[{"embeddable":true,"href":"https:\/\/cdnoticias.com\/index.php\/wp-json\/wp\/v2\/comments?post=131920"}],"version-history":[{"count":0,"href":"https:\/\/cdnoticias.com\/index.php\/wp-json\/wp\/v2\/posts\/131920\/revisions"}],"wp:featuredmedia":[{"embeddable":true,"href":"https:\/\/cdnoticias.com\/index.php\/wp-json\/wp\/v2\/media\/131921"}],"wp:attachment":[{"href":"https:\/\/cdnoticias.com\/index.php\/wp-json\/wp\/v2\/media?parent=131920"}],"wp:term":[{"taxonomy":"category","embeddable":true,"href":"https:\/\/cdnoticias.com\/index.php\/wp-json\/wp\/v2\/categories?post=131920"},{"taxonomy":"post_tag","embeddable":true,"href":"https:\/\/cdnoticias.com\/index.php\/wp-json\/wp\/v2\/tags?post=131920"}],"curies":[{"name":"wp","href":"https:\/\/api.w.org\/{rel}","templated":true}]}}