{"id":131914,"date":"2024-12-05T07:34:08","date_gmt":"2024-12-05T10:34:08","guid":{"rendered":"https:\/\/cdnoticias.com\/?p=131914"},"modified":"2024-12-05T15:13:08","modified_gmt":"2024-12-05T18:13:08","slug":"alertas-amarillas-por-tormentas-y-viento-para-olavarria","status":"publish","type":"post","link":"https:\/\/cdnoticias.com\/index.php\/2024\/12\/05\/alertas-amarillas-por-tormentas-y-viento-para-olavarria\/","title":{"rendered":"Alertas amarillas por tormentas y viento para Olavarr\u00eda"},"content":{"rendered":"\n<p>El Servicio Meteorol\u00f3gico Nacional lanz\u00f3 las advertencias para este jueves por la tarde y el viernes por la noche.<\/p>\n\n\n\n<hr class=\"wp-block-separator has-alpha-channel-opacity\"\/>\n\n\n\n<p>El Servicio Meteorol\u00f3gico Nacional (SMN) emiti\u00f3 <strong>dos alertas amarillas por tormentas y viento para este jueves por la tarde y el viernes por la noche<\/strong> en Olavarr\u00eda y la zona.<\/p>\n\n\n\n<p><\/p>\n\n\n\n<p>Seg\u00fan indic\u00f3 el organismo nacional,<strong> este jueves en el horario de la tarde Olavarr\u00eda se ver\u00e1 afectada por tormentas, algunas localmente fuertes.<\/strong> Podr\u00e1n estar acompa\u00f1adas por r\u00e1fagas fuertes, ca\u00edda de granizo, intensa actividad el\u00e9ctrica y abundante ca\u00edda de agua en cortos per\u00edodos.<\/p>\n\n\n\n<p><\/p>\n\n\n\n<p>Se prev\u00e9n <strong>valores de precipitaci\u00f3n acumulada entre 30 y 60 mm, pudiendo ser superados en forma puntual.<\/strong><\/p>\n\n\n\n<p><\/p>\n\n\n\n<p>En tanto,<strong> para el viernes por la noche<\/strong>, el SMN anticip\u00f3 que <strong>el \u00e1rea ser\u00e1 afectada por vientos del sur<\/strong>, con velocidades entre 30 y 50 km\/h y r\u00e1fagas de hasta 65 km\/h, pudiendo ser superadas localmente.<\/p>\n\n\n\n<p><\/p>\n\n\n\n<figure class=\"wp-block-image size-full\"><img data-recalc-dims=\"1\" loading=\"lazy\" decoding=\"async\" width=\"719\" height=\"307\" src=\"https:\/\/i0.wp.com\/cdnoticias.com\/wp-content\/uploads\/2024\/12\/image.png?resize=719%2C307&#038;ssl=1\" alt=\"\" class=\"wp-image-131915\" srcset=\"https:\/\/i0.wp.com\/cdnoticias.com\/wp-content\/uploads\/2024\/12\/image.png?w=719&amp;ssl=1 719w, https:\/\/i0.wp.com\/cdnoticias.com\/wp-content\/uploads\/2024\/12\/image.png?resize=300%2C128&amp;ssl=1 300w\" sizes=\"auto, (max-width: 719px) 100vw, 719px\" \/><\/figure>\n","protected":false},"excerpt":{"rendered":"<p>El Servicio Meteorol\u00f3gico Nacional lanz\u00f3 las advertencias para este jueves por la tarde y el viernes por la noche. El<\/p>\n","protected":false},"author":2,"featured_media":108155,"comment_status":"closed","ping_status":"closed","sticky":false,"template":"","format":"standard","meta":{"_jetpack_memberships_contains_paid_content":false,"footnotes":""},"categories":[5,1],"tags":[],"class_list":["post-131914","post","type-post","status-publish","format-standard","has-post-thumbnail","hentry","category-informacion-general","category-portada"],"jetpack_featured_media_url":"https:\/\/i0.wp.com\/cdnoticias.com\/wp-content\/uploads\/2024\/02\/tormenta-tiempo-clima.jpg?fit=800%2C445&ssl=1","jetpack_sharing_enabled":true,"_links":{"self":[{"href":"https:\/\/cdnoticias.com\/index.php\/wp-json\/wp\/v2\/posts\/131914","targetHints":{"allow":["GET"]}}],"collection":[{"href":"https:\/\/cdnoticias.com\/index.php\/wp-json\/wp\/v2\/posts"}],"about":[{"href":"https:\/\/cdnoticias.com\/index.php\/wp-json\/wp\/v2\/types\/post"}],"author":[{"embeddable":true,"href":"https:\/\/cdnoticias.com\/index.php\/wp-json\/wp\/v2\/users\/2"}],"replies":[{"embeddable":true,"href":"https:\/\/cdnoticias.com\/index.php\/wp-json\/wp\/v2\/comments?post=131914"}],"version-history":[{"count":0,"href":"https:\/\/cdnoticias.com\/index.php\/wp-json\/wp\/v2\/posts\/131914\/revisions"}],"wp:featuredmedia":[{"embeddable":true,"href":"https:\/\/cdnoticias.com\/index.php\/wp-json\/wp\/v2\/media\/108155"}],"wp:attachment":[{"href":"https:\/\/cdnoticias.com\/index.php\/wp-json\/wp\/v2\/media?parent=131914"}],"wp:term":[{"taxonomy":"category","embeddable":true,"href":"https:\/\/cdnoticias.com\/index.php\/wp-json\/wp\/v2\/categories?post=131914"},{"taxonomy":"post_tag","embeddable":true,"href":"https:\/\/cdnoticias.com\/index.php\/wp-json\/wp\/v2\/tags?post=131914"}],"curies":[{"name":"wp","href":"https:\/\/api.w.org\/{rel}","templated":true}]}}