{"id":131768,"date":"2024-12-03T17:02:00","date_gmt":"2024-12-03T20:02:00","guid":{"rendered":"https:\/\/cdnoticias.com\/?p=131768"},"modified":"2024-12-03T17:02:02","modified_gmt":"2024-12-03T20:02:02","slug":"laboratorio-de-idiomas-de-la-facso-curso-de-italiano-para-viajeros","status":"publish","type":"post","link":"https:\/\/cdnoticias.com\/index.php\/2024\/12\/03\/laboratorio-de-idiomas-de-la-facso-curso-de-italiano-para-viajeros\/","title":{"rendered":"Laboratorio de Idiomas de la FACSO: curso de italiano para viajeros\u00a0"},"content":{"rendered":"\n<p>El curso ser\u00e1 entre los meses de enero y marzo de 2025 con modalidad virtual.\u00a0<\/p>\n\n\n\n<hr class=\"wp-block-separator aligncenter has-alpha-channel-opacity\"\/>\n\n\n\n<p>La <strong>Facultad de Ciencias Sociales ofrecer\u00e1 en el verano pr\u00f3ximo<\/strong> el <strong>curso intensivo de Italiano para viajeros, <\/strong>propuesta enmarcada en el Laboratorio de Idiomas que anualmente brinda propuestas de idiomas de gran inter\u00e9s para la comunidad.<\/p>\n\n\n\n<p><\/p>\n\n\n\n<p>Los contenidos de los cursos del Laboratorio de Idiomas est\u00e1n estandarizados con el Marco Com\u00fan Europeo de Referencia por lo cual<strong> las certificaciones son reconocidas por diversas instituciones de todo el mundo.<\/strong><\/p>\n\n\n\n<p><\/p>\n\n\n\n<blockquote class=\"wp-block-quote is-layout-flow wp-block-quote-is-layout-flow\">\n<p>El curso de Italiano para viajeros es intensivo y con modalidad virtual. Se extender\u00e1 desde el martes 7 de enero hasta mediados de marzo del 2025 y se dictar\u00e1 los d\u00edas martes y jueves de 19 a 20:30 horas, a cargo del Profesor Mart\u00edn Senyar.<\/p>\n<\/blockquote>\n\n\n\n<p><\/p>\n\n\n\n<p>El taller est\u00e1 <strong>destinado a personas que sienten la necesidad de comunicarse en modo simple<\/strong>: para turistas que planean conocer \u201c<em>il bel paese<\/em>\u201d y quieren desenvolverse con eficacia en situaciones cotidianas, o para estudiantes que planean pasar un tiempo en Italia por motivos tur\u00edsticos, intereses culturales, estudio o trabajo.<\/p>\n\n\n\n<p><\/p>\n\n\n\n<p>Las clases est\u00e1n preparadas para que el estudiante sea capaz de<strong> llevar adelante situaciones comunicativas t\u00edpicas de la vida cotidiana <\/strong>(hacer las compras, pedir direcciones, comprar un ticket de colectivo, etc.).Por inscripci\u00f3n y tarifas es posible ingresar a <a href=\"https:\/\/www.soc.unicen.edu.ar\/index.php\/noticias\/5741-curso-de-verano-italiano-para-viajeros\">www.soc.unicen.edu.ar<\/a> o comunicarse a idiomas@soc.unicen.edu.ar o por Whatsapp al 2284-500331.<\/p>\n\n\n\n<p><\/p>\n","protected":false},"excerpt":{"rendered":"<p>El curso ser\u00e1 entre los meses de enero y marzo de 2025 con modalidad virtual.\u00a0 La Facultad de Ciencias Sociales<\/p>\n","protected":false},"author":6,"featured_media":83263,"comment_status":"closed","ping_status":"closed","sticky":false,"template":"","format":"standard","meta":{"_jetpack_memberships_contains_paid_content":false,"footnotes":""},"categories":[5,1],"tags":[],"class_list":["post-131768","post","type-post","status-publish","format-standard","has-post-thumbnail","hentry","category-informacion-general","category-portada"],"jetpack_featured_media_url":"https:\/\/i0.wp.com\/cdnoticias.com\/wp-content\/uploads\/2023\/04\/Facultad-de-Ciencias-Sociales-1.jpg?fit=2000%2C1159&ssl=1","jetpack_sharing_enabled":true,"_links":{"self":[{"href":"https:\/\/cdnoticias.com\/index.php\/wp-json\/wp\/v2\/posts\/131768","targetHints":{"allow":["GET"]}}],"collection":[{"href":"https:\/\/cdnoticias.com\/index.php\/wp-json\/wp\/v2\/posts"}],"about":[{"href":"https:\/\/cdnoticias.com\/index.php\/wp-json\/wp\/v2\/types\/post"}],"author":[{"embeddable":true,"href":"https:\/\/cdnoticias.com\/index.php\/wp-json\/wp\/v2\/users\/6"}],"replies":[{"embeddable":true,"href":"https:\/\/cdnoticias.com\/index.php\/wp-json\/wp\/v2\/comments?post=131768"}],"version-history":[{"count":0,"href":"https:\/\/cdnoticias.com\/index.php\/wp-json\/wp\/v2\/posts\/131768\/revisions"}],"wp:featuredmedia":[{"embeddable":true,"href":"https:\/\/cdnoticias.com\/index.php\/wp-json\/wp\/v2\/media\/83263"}],"wp:attachment":[{"href":"https:\/\/cdnoticias.com\/index.php\/wp-json\/wp\/v2\/media?parent=131768"}],"wp:term":[{"taxonomy":"category","embeddable":true,"href":"https:\/\/cdnoticias.com\/index.php\/wp-json\/wp\/v2\/categories?post=131768"},{"taxonomy":"post_tag","embeddable":true,"href":"https:\/\/cdnoticias.com\/index.php\/wp-json\/wp\/v2\/tags?post=131768"}],"curies":[{"name":"wp","href":"https:\/\/api.w.org\/{rel}","templated":true}]}}