{"id":131737,"date":"2024-12-02T09:40:36","date_gmt":"2024-12-02T12:40:36","guid":{"rendered":"https:\/\/cdnoticias.com\/?p=131737"},"modified":"2024-12-02T14:23:20","modified_gmt":"2024-12-02T17:23:20","slug":"el-circulo-medico-volvio-a-poner-en-debate-si-aceptan-el-convenio-ioma-coceba","status":"publish","type":"post","link":"https:\/\/cdnoticias.com\/index.php\/2024\/12\/02\/el-circulo-medico-volvio-a-poner-en-debate-si-aceptan-el-convenio-ioma-coceba\/","title":{"rendered":"El C\u00edrculo M\u00e9dico volvi\u00f3 a poner en debate si aceptan el convenio IOMA-Coceba"},"content":{"rendered":"\n<p>Lo confirm\u00f3 el presidente de la entidad, Andr\u00e9s Stratta. Dijo que \u201clos afiliados necesitan ser atendidos, y los m\u00e9dicos necesitan trabajar\u201d. Adelant\u00f3 que podr\u00eda definirse esta semana.<\/p>\n\n\n\n<hr class=\"wp-block-separator aligncenter has-alpha-channel-opacity\"\/>\n\n\n\n<p>Luego de largas negociaciones y m\u00e1s de <strong>dos meses de ruptura del convenio entre IOMA y Femeba, el presidente del C\u00edrculo M\u00e9dico de Olavarr\u00eda, Andr\u00e9s Stratta, confirm\u00f3 que volvieron a poner a consideraci\u00f3n si los m\u00e9dicos aceptan el convenio entre IOMA y Coceba.<\/strong><\/p>\n\n\n\n<p>Lo dijo en di\u00e1logo con <strong>Mart\u00edn Rodr\u00edguez en Radio Olavarr\u00eda<\/strong>. Tras varios rumores durante el fin de semana, aclar\u00f3 que<em><strong> \u201cno firmamos el convenio con Coceba\u201d <\/strong><\/em>y record\u00f3 que <em>\u201cIOMA cort\u00f3 con Femeba y por lo tanto con el C\u00edrculo M\u00e9dico, raz\u00f3n por la que se dej\u00f3 sin prestaci\u00f3n a los afiliados\u201d.<\/em><\/p>\n\n\n\n<figure class=\"wp-block-embed is-type-video is-provider-youtube wp-block-embed-youtube wp-embed-aspect-16-9 wp-has-aspect-ratio\"><div class=\"wp-block-embed__wrapper\">\n<iframe loading=\"lazy\" title=\"Andr\u00e9s Stratta en Entre Amigos 2\/12\" width=\"800\" height=\"450\" src=\"https:\/\/www.youtube.com\/embed\/-VeE9-iYGCM?start=614&#038;feature=oembed\" frameborder=\"0\" allow=\"accelerometer; autoplay; clipboard-write; encrypted-media; gyroscope; picture-in-picture; web-share\" referrerpolicy=\"strict-origin-when-cross-origin\" allowfullscreen><\/iframe>\n<\/div><\/figure>\n\n\n\n<p>En estos dos meses<em> \u201cel afiliado necesita ser atendido, y lo ha hecho de forma particular\u201d <\/em>y especific\u00f3:<em> \u201cLa mayor\u00eda es una poblaci\u00f3n cautiva que le descuentan todos los meses y tiene que ir al m\u00e9dico y pagar\u201d.<\/em> Por otro lado, <em><strong>\u201cel C\u00edrculo M\u00e9dico son sus socios y hay mucha gente que tiene una poblaci\u00f3n de pacientes alta que tiene IOMA y necesitan trabajar\u201d.<\/strong><\/em><\/p>\n\n\n\n<p>Si bien hay especialidades m\u00e9dicas <em>\u201cque muchos no trabajan por IOMA o tienen especialidades que no lo hacen\u201d <\/em>en paralelo \u201c<em><strong>hay muchos que gran parte de sus ingresos dependen de IOMA. Est\u00e1n cortados porque hay gente que puede pagar una consulta pero no un estudio. Es complicado, para el afiliado y nuestros socios\u201d <\/strong><\/em>valor\u00f3 Stratta.<\/p>\n\n\n\n<p>En este punto<strong> admiti\u00f3 avances con Coceba, y es por ello que <\/strong><em><strong>\u201cmandamos un mail a nuestros asociados que hemos avanzado en las negociaciones. Porque despu\u00e9s de aquella asamblea que se dijo que no a Coceba, hay socios que quieren y necesitan trabajar a trav\u00e9s de Coceba con IOMA\u201d<\/strong> <\/em>y volvi\u00f3 a aclarar que \u201cnunca tuvimos la posibilidad de conveniar con IOMA directo. Est\u00e1 claro ac\u00e1 en la ciudad\u201d.<\/p>\n\n\n\n<blockquote class=\"wp-block-quote is-layout-flow wp-block-quote-is-layout-flow\">\n<p>\u201cPor eso mandamos ese mail, para ver cu\u00e1ntos de nuestros m\u00e9dicos quieren adherir. Si es la mayor\u00eda firmarlo y que se trabaje por adhesi\u00f3n voluntaria. Siempre a trav\u00e9s del C\u00edrculo M\u00e9dico\u201d inform\u00f3. Adelant\u00f3 que en las pr\u00f3ximas horas podr\u00eda haber importantes novedades.<\/p>\n<\/blockquote>\n\n\n\n<p><em>\u201cNosotros queremos trabajar, los valores de IOMA y Coceba son similares, y \u00bfpor qu\u00e9 Coceba? No lo sabemos, ni es algo que es tan importante para m\u00ed al menos. El m\u00e9dico que necesita atender a pacientes por IOMA lo tiene que hacer porque van dos meses, y el afiliado necesita tener opciones de atenci\u00f3n\u201d.<\/em><\/p>\n\n\n\n<p>De hecho, <strong>dijo que <em>\u201cno le interesa\u201d<\/em> si Coceba se queda con una parte de los fondos<\/strong>:<em> \u201cla idea es que tengamos un convenio donde se respete lo convenido&#8221;.<\/em><\/p>\n\n\n\n<p>Inform\u00f3, a su vez, que<em><strong> \u201clos valores que ofrece Coceba son similares a los que ofrece IOMA y en consultas particulares es hasta un poco mejor\u201d.<\/strong><\/em><\/p>\n\n\n\n<blockquote class=\"wp-block-quote is-layout-flow wp-block-quote-is-layout-flow\">\n<p>\u201cQueremos que se termine de una buena vez por todas. Hay compa\u00f1eros del Hospital que est\u00e1n sin atenci\u00f3n gracias a IOMA. Queremos firmar un convenio y cuidar a nuestros socios\u201d.<\/p>\n<\/blockquote>\n\n\n\n<p>Para cerrar, descart\u00f3 de plano que se deje de pagar el famoso \u201ccopago\u201d: <em><strong>\u201cIOMA paga poco, menos que muchas otras obras sociales. Es una realidad. Le cont\u00e1s a los pacientes y no lo pueden creer\u201d<\/strong><\/em> finaliz\u00f3 Stratta.<\/p>\n\n\n\n<p><\/p>\n","protected":false},"excerpt":{"rendered":"<p>Lo confirm\u00f3 el presidente de la entidad, Andr\u00e9s Stratta. Dijo que \u201clos afiliados necesitan ser atendidos, y los m\u00e9dicos necesitan<\/p>\n","protected":false},"author":2,"featured_media":131738,"comment_status":"closed","ping_status":"closed","sticky":false,"template":"","format":"standard","meta":{"_jetpack_memberships_contains_paid_content":false,"footnotes":""},"categories":[5,1],"tags":[],"class_list":["post-131737","post","type-post","status-publish","format-standard","has-post-thumbnail","hentry","category-informacion-general","category-portada"],"jetpack_featured_media_url":"https:\/\/i0.wp.com\/cdnoticias.com\/wp-content\/uploads\/2024\/12\/andres-stratta-circulo-medico-olavarria.jpg?fit=1000%2C600&ssl=1","jetpack_sharing_enabled":true,"_links":{"self":[{"href":"https:\/\/cdnoticias.com\/index.php\/wp-json\/wp\/v2\/posts\/131737","targetHints":{"allow":["GET"]}}],"collection":[{"href":"https:\/\/cdnoticias.com\/index.php\/wp-json\/wp\/v2\/posts"}],"about":[{"href":"https:\/\/cdnoticias.com\/index.php\/wp-json\/wp\/v2\/types\/post"}],"author":[{"embeddable":true,"href":"https:\/\/cdnoticias.com\/index.php\/wp-json\/wp\/v2\/users\/2"}],"replies":[{"embeddable":true,"href":"https:\/\/cdnoticias.com\/index.php\/wp-json\/wp\/v2\/comments?post=131737"}],"version-history":[{"count":0,"href":"https:\/\/cdnoticias.com\/index.php\/wp-json\/wp\/v2\/posts\/131737\/revisions"}],"wp:featuredmedia":[{"embeddable":true,"href":"https:\/\/cdnoticias.com\/index.php\/wp-json\/wp\/v2\/media\/131738"}],"wp:attachment":[{"href":"https:\/\/cdnoticias.com\/index.php\/wp-json\/wp\/v2\/media?parent=131737"}],"wp:term":[{"taxonomy":"category","embeddable":true,"href":"https:\/\/cdnoticias.com\/index.php\/wp-json\/wp\/v2\/categories?post=131737"},{"taxonomy":"post_tag","embeddable":true,"href":"https:\/\/cdnoticias.com\/index.php\/wp-json\/wp\/v2\/tags?post=131737"}],"curies":[{"name":"wp","href":"https:\/\/api.w.org\/{rel}","templated":true}]}}