{"id":131680,"date":"2024-12-01T18:04:56","date_gmt":"2024-12-01T21:04:56","guid":{"rendered":"https:\/\/cdnoticias.com\/?p=131680"},"modified":"2024-12-01T19:33:51","modified_gmt":"2024-12-01T22:33:51","slug":"bancarios-piden-a-kicillof-cambiar-la-hora-de-atencion-en-verano-y-comerciantes-resisten","status":"publish","type":"post","link":"https:\/\/cdnoticias.com\/index.php\/2024\/12\/01\/bancarios-piden-a-kicillof-cambiar-la-hora-de-atencion-en-verano-y-comerciantes-resisten\/","title":{"rendered":"Bancarios piden a Kicillof cambiar la hora de atenci\u00f3n en verano y comerciantes resisten"},"content":{"rendered":"\n<p>La Asociaci\u00f3n Bancaria elev\u00f3 el pedido para que por cuatro meses la atenci\u00f3n sea de 8 a 13. Por ahora el decreto del gobernador est\u00e1 frenado.&nbsp;<\/p>\n\n\n\n<hr class=\"wp-block-separator aligncenter has-alpha-channel-opacity\"\/>\n\n\n\n<p>El gobernador bonaerense <strong>Axel Kicillof qued\u00f3 en medio de una disputa <\/strong>entre dos sectores:<strong> los bancarios y los comerciantes.\u00a0<\/strong><\/p>\n\n\n\n<p><\/p>\n\n\n\n<blockquote class=\"wp-block-quote is-layout-flow wp-block-quote-is-layout-flow\">\n<p>Los bancarios quieren que, como cada verano, se cambie el horario de atenci\u00f3n de los bancos de 8 a 13 horas. Sin embargo, los comerciantes, presionan para que eso no pase, sobre la base de un a\u00f1o muy cr\u00edtico en las ventas para el sector.\u00a0\u00a0<\/p>\n<\/blockquote>\n\n\n\n<p><\/p>\n\n\n\n<p>Frente a estas dos posiciones est\u00e1 Kicillof, quien tiene a la firma el decreto para poder cambiar el horario. Sin embargo, lo que se esperaba para la semana pasada, a\u00fan no lleg\u00f3.&nbsp;&nbsp;<\/p>\n\n\n\n<p><\/p>\n\n\n\n<p>Desde <strong>el gremio de La Bancaria<\/strong> se solicit\u00f3, como en a\u00f1os anteriores, <strong>cambiar el habitual horario de atenci\u00f3n de 10 a 15 por el de 8 a 13 debido a las altas temperaturas en esa \u00e9poca del a\u00f1o.\u00a0<\/strong>El pedido comenzaba el lunes 25 de noviembre y se extend\u00eda hasta el lunes 24 de marzo del a\u00f1o que viene en casi todos los municipios de la provincia de Buenos Aires.<\/p>\n\n\n\n<p><\/p>\n\n\n\n<p>En ese sentido, el secretario general de La Bancaria Jun\u00edn, Abel Bueno, reconoci\u00f3 que <strong>estaba todo acordado de palabras pero hasta ahora no hay novedades. <\/strong>\u201c(Sergio) Palazzo (titular nacional del gremio) habl\u00f3 con el gobernador, pero hasta que no tengamos un decreto de \u00e9l con el cambio de horario seguimos as\u00ed\u201d, se\u00f1al\u00f3 en declaraciones al Grupo La Verdad.<\/p>\n\n\n\n<p><\/p>\n\n\n\n<p>No obstante, distintas <strong>entidades que agrupan a los comerciantes <\/strong>le solicitaron a Kicillof que en esta ocasi\u00f3n <strong>mantenga el horario de atenci\u00f3n bancaria tal como hasta ahora y no la modifique <\/strong>y para ello han recurrido a concejos deliberantes locales en busca del apoyo de la oposici\u00f3n.<\/p>\n\n\n\n<p><\/p>\n\n\n\n<p>En ese sentido, lo justifican en que los comerciantes<strong> \u201cactualmente enfrentan una situaci\u00f3n compleja en cuanto a actividad y competitividad en el contexto econ\u00f3mico actual\u201d<\/strong> y que, a su entender, mantener el horario de atenci\u00f3n actual coincidir\u00eda con \u201clos momentos de mayor movimiento comercial en nuestra zona, permitiendo as\u00ed que los comerciantes y clientes puedan realizar sus operaciones en horarios m\u00e1s acordes con sus jornadas laborales y necesidades\u201d.<\/p>\n\n\n\n<p><\/p>\n\n\n\n<p><em>Fuente: DIB<\/em><\/p>\n","protected":false},"excerpt":{"rendered":"<p>La Asociaci\u00f3n Bancaria elev\u00f3 el pedido para que por cuatro meses la atenci\u00f3n sea de 8 a 13. Por ahora<\/p>\n","protected":false},"author":6,"featured_media":2757,"comment_status":"closed","ping_status":"closed","sticky":false,"template":"","format":"standard","meta":{"_jetpack_memberships_contains_paid_content":false,"footnotes":""},"categories":[6,1],"tags":[],"class_list":["post-131680","post","type-post","status-publish","format-standard","has-post-thumbnail","hentry","category-nacionales","category-portada"],"jetpack_featured_media_url":"https:\/\/i0.wp.com\/cdnoticias.com\/wp-content\/uploads\/2020\/09\/WhatsApp-Image-2020-09-24-at-11.22.48.jpeg?fit=1032%2C774&ssl=1","jetpack_sharing_enabled":true,"_links":{"self":[{"href":"https:\/\/cdnoticias.com\/index.php\/wp-json\/wp\/v2\/posts\/131680","targetHints":{"allow":["GET"]}}],"collection":[{"href":"https:\/\/cdnoticias.com\/index.php\/wp-json\/wp\/v2\/posts"}],"about":[{"href":"https:\/\/cdnoticias.com\/index.php\/wp-json\/wp\/v2\/types\/post"}],"author":[{"embeddable":true,"href":"https:\/\/cdnoticias.com\/index.php\/wp-json\/wp\/v2\/users\/6"}],"replies":[{"embeddable":true,"href":"https:\/\/cdnoticias.com\/index.php\/wp-json\/wp\/v2\/comments?post=131680"}],"version-history":[{"count":0,"href":"https:\/\/cdnoticias.com\/index.php\/wp-json\/wp\/v2\/posts\/131680\/revisions"}],"wp:featuredmedia":[{"embeddable":true,"href":"https:\/\/cdnoticias.com\/index.php\/wp-json\/wp\/v2\/media\/2757"}],"wp:attachment":[{"href":"https:\/\/cdnoticias.com\/index.php\/wp-json\/wp\/v2\/media?parent=131680"}],"wp:term":[{"taxonomy":"category","embeddable":true,"href":"https:\/\/cdnoticias.com\/index.php\/wp-json\/wp\/v2\/categories?post=131680"},{"taxonomy":"post_tag","embeddable":true,"href":"https:\/\/cdnoticias.com\/index.php\/wp-json\/wp\/v2\/tags?post=131680"}],"curies":[{"name":"wp","href":"https:\/\/api.w.org\/{rel}","templated":true}]}}