{"id":131672,"date":"2024-12-01T10:30:47","date_gmt":"2024-12-01T13:30:47","guid":{"rendered":"https:\/\/cdnoticias.com\/?p=131672"},"modified":"2024-12-01T15:30:20","modified_gmt":"2024-12-01T18:30:20","slug":"nuevo-encuentro-de-la-mesa-de-emergencia-de-transporte","status":"publish","type":"post","link":"https:\/\/cdnoticias.com\/index.php\/2024\/12\/01\/nuevo-encuentro-de-la-mesa-de-emergencia-de-transporte\/","title":{"rendered":"Nuevo encuentro de la Mesa de Emergencia de Transporte"},"content":{"rendered":"\n<p>Se analiz\u00f3 la evoluci\u00f3n de las frecuencias de las l\u00edneas y se eval\u00faa d\u00f3nde instalar un lugar de descanso para los choferes. Las empresas deber\u00e1n presentar un informe antes de fin de a\u00f1o.&nbsp;<\/p>\n\n\n\n<hr class=\"wp-block-separator aligncenter has-alpha-channel-opacity\"\/>\n\n\n\n<p>Este viernes<strong> se volvi\u00f3 a reunir la Mesa de Emergencia de Transporte <\/strong>en el palacio San Mart\u00edn.\u00a0<\/p>\n\n\n\n<p><\/p>\n\n\n\n<p>Del encuentro participaron la jefa de gabinete municipal <strong>Mercedes Landivar,<\/strong> la secretaria de Hacienda <strong>Eugenia Bezzoni, <\/strong>el Subsecretario de Protecci\u00f3n Ciudadana <strong>El\u00edas Quintas<\/strong>, el presidente del HCD, <strong>Guillermo Santell\u00e1n,<\/strong> representantes de los distintos bloques e<strong> integrantes de Las Sierras y Tu Bus y miembros de UTA.<\/strong><\/p>\n\n\n\n<p><\/p>\n\n\n\n<figure class=\"wp-block-image aligncenter size-full\"><img data-recalc-dims=\"1\" loading=\"lazy\" decoding=\"async\" width=\"800\" height=\"429\" src=\"https:\/\/i0.wp.com\/cdnoticias.com\/wp-content\/uploads\/2024\/12\/mesa-de-transporte-reunion.png?resize=800%2C429&#038;ssl=1\" alt=\"\" class=\"wp-image-131675\" srcset=\"https:\/\/i0.wp.com\/cdnoticias.com\/wp-content\/uploads\/2024\/12\/mesa-de-transporte-reunion.png?w=898&amp;ssl=1 898w, https:\/\/i0.wp.com\/cdnoticias.com\/wp-content\/uploads\/2024\/12\/mesa-de-transporte-reunion.png?resize=300%2C161&amp;ssl=1 300w, https:\/\/i0.wp.com\/cdnoticias.com\/wp-content\/uploads\/2024\/12\/mesa-de-transporte-reunion.png?resize=768%2C411&amp;ssl=1 768w\" sizes=\"auto, (max-width: 800px) 100vw, 800px\" \/><\/figure>\n\n\n\n<p><\/p>\n\n\n\n<blockquote class=\"wp-block-quote is-layout-flow wp-block-quote-is-layout-flow\">\n<p>En el encuentro, se analiz\u00f3 la evoluci\u00f3n de las frecuencias de las l\u00edneas desde que empez\u00f3 la emergencia y se dio a conocer por parte de la subsecretaria de Protecci\u00f3n Ciudadana cu\u00e1les y c\u00f3mo fueron los controles que realizaron.\u00a0<\/p>\n<\/blockquote>\n\n\n\n<p><\/p>\n\n\n\n<p>Asimismo, <strong>se eval\u00faa d\u00f3nde instalar un lugar de descanso para los choferes<\/strong>. Por \u00faltimo,<strong> se solicit\u00f3 a las empresas que presentaran un informe antes de fin de a\u00f1o para conocer el estado de situaci\u00f3n de cada empresa.<\/strong><\/p>\n\n\n\n<p><\/p>\n","protected":false},"excerpt":{"rendered":"<p>Se analiz\u00f3 la evoluci\u00f3n de las frecuencias de las l\u00edneas y se eval\u00faa d\u00f3nde instalar un lugar de descanso para<\/p>\n","protected":false},"author":6,"featured_media":131674,"comment_status":"closed","ping_status":"closed","sticky":false,"template":"","format":"standard","meta":{"_jetpack_memberships_contains_paid_content":false,"footnotes":""},"categories":[5,1],"tags":[],"class_list":["post-131672","post","type-post","status-publish","format-standard","has-post-thumbnail","hentry","category-informacion-general","category-portada"],"jetpack_featured_media_url":"https:\/\/i0.wp.com\/cdnoticias.com\/wp-content\/uploads\/2024\/12\/mesa-de-transporte-reunion1.png?fit=890%2C500&ssl=1","jetpack_sharing_enabled":true,"_links":{"self":[{"href":"https:\/\/cdnoticias.com\/index.php\/wp-json\/wp\/v2\/posts\/131672","targetHints":{"allow":["GET"]}}],"collection":[{"href":"https:\/\/cdnoticias.com\/index.php\/wp-json\/wp\/v2\/posts"}],"about":[{"href":"https:\/\/cdnoticias.com\/index.php\/wp-json\/wp\/v2\/types\/post"}],"author":[{"embeddable":true,"href":"https:\/\/cdnoticias.com\/index.php\/wp-json\/wp\/v2\/users\/6"}],"replies":[{"embeddable":true,"href":"https:\/\/cdnoticias.com\/index.php\/wp-json\/wp\/v2\/comments?post=131672"}],"version-history":[{"count":0,"href":"https:\/\/cdnoticias.com\/index.php\/wp-json\/wp\/v2\/posts\/131672\/revisions"}],"wp:featuredmedia":[{"embeddable":true,"href":"https:\/\/cdnoticias.com\/index.php\/wp-json\/wp\/v2\/media\/131674"}],"wp:attachment":[{"href":"https:\/\/cdnoticias.com\/index.php\/wp-json\/wp\/v2\/media?parent=131672"}],"wp:term":[{"taxonomy":"category","embeddable":true,"href":"https:\/\/cdnoticias.com\/index.php\/wp-json\/wp\/v2\/categories?post=131672"},{"taxonomy":"post_tag","embeddable":true,"href":"https:\/\/cdnoticias.com\/index.php\/wp-json\/wp\/v2\/tags?post=131672"}],"curies":[{"name":"wp","href":"https:\/\/api.w.org\/{rel}","templated":true}]}}