{"id":131659,"date":"2024-12-08T19:58:56","date_gmt":"2024-12-08T22:58:56","guid":{"rendered":"https:\/\/cdnoticias.com\/?p=131659"},"modified":"2024-12-09T09:23:56","modified_gmt":"2024-12-09T12:23:56","slug":"olavarria-da-vida-lleva-a-cabo-una-nueva-donacion-de-sangre-y-medula-osea","status":"publish","type":"post","link":"https:\/\/cdnoticias.com\/index.php\/2024\/12\/08\/olavarria-da-vida-lleva-a-cabo-una-nueva-donacion-de-sangre-y-medula-osea\/","title":{"rendered":"Olavarr\u00eda Da Vida lleva a cabo una nueva donaci\u00f3n de sangre y m\u00e9dula \u00f3sea"},"content":{"rendered":"\n<p>Ser\u00e1 el 12 de diciembre en la sede de Lalcec, con turnos reservados. Los requisitos para ser donante.&nbsp;<\/p>\n\n\n\n<hr class=\"wp-block-separator aligncenter has-alpha-channel-opacity\"\/>\n\n\n\n<p>El pr\u00f3ximo <strong>jueves 12 de diciembre<\/strong>, la asociaci\u00f3n<strong> \u201cOlavarr\u00eda Da Vida\u201d<\/strong> llevar\u00e1 a cabo una <strong>nueva donaci\u00f3n de sangre y m\u00e9dula \u00f3sea.<\/strong> La jornada ser\u00e1 en la <strong>sede de Lalcec, ubicada en Mitre 2659 de 8:00 a 12:30 horas.\u00a0<\/strong><\/p>\n\n\n\n<p><\/p>\n\n\n\n<blockquote class=\"wp-block-quote is-layout-flow wp-block-quote-is-layout-flow\">\n<p>En esta ocasi\u00f3n, la jornada ser\u00e1 con turnos reservados por lo cual los interesados deben comunicarse al 2284-507116.<\/p>\n<\/blockquote>\n\n\n\n<p><\/p>\n\n\n\n<p>Los<strong> requisitos para donar sangre<\/strong> son <strong>tener m\u00e1s de 18 a\u00f1os y ser menor de 65 a\u00f1os<\/strong>. En el caso de <strong>donar m\u00e9dula \u00f3sea<\/strong> la edad adecuada es<strong> de 18 a 40 a\u00f1os.\u00a0<\/strong><\/p>\n\n\n\n<p><\/p>\n\n\n\n<blockquote class=\"wp-block-quote is-layout-flow wp-block-quote-is-layout-flow\">\n<p>Asimismo, se debe pesar m\u00e1s de 50 kilos, tener buen estado de salud, no haberse operado, y no haberse hecho piercings o tatuajes en los \u00faltimos 12 meses.\u00a0<\/p>\n<\/blockquote>\n\n\n\n<p><\/p>\n\n\n\n<p>Por \u00faltimo,<strong> no se debe estar embarazada o en periodo de lactancia. <\/strong>Se solicita que el d\u00eda de la donaci\u00f3n <strong>se debe desayunar cualquier fruta o infusi\u00f3n azucarada. No se deben consumir l\u00e1cteos ni contenidos grasos.<\/strong><\/p>\n\n\n\n<p><\/p>\n","protected":false},"excerpt":{"rendered":"<p>Ser\u00e1 el 12 de diciembre en la sede de Lalcec, con turnos reservados. Los requisitos para ser donante.&nbsp; El pr\u00f3ximo<\/p>\n","protected":false},"author":6,"featured_media":59206,"comment_status":"closed","ping_status":"closed","sticky":false,"template":"","format":"standard","meta":{"_jetpack_memberships_contains_paid_content":false,"footnotes":""},"categories":[5,1],"tags":[],"class_list":["post-131659","post","type-post","status-publish","format-standard","has-post-thumbnail","hentry","category-informacion-general","category-portada"],"jetpack_featured_media_url":"https:\/\/i0.wp.com\/cdnoticias.com\/wp-content\/uploads\/2022\/07\/Salud-Colecta-Sangre-1024x683-1.jpg?fit=1024%2C683&ssl=1","jetpack_sharing_enabled":true,"_links":{"self":[{"href":"https:\/\/cdnoticias.com\/index.php\/wp-json\/wp\/v2\/posts\/131659","targetHints":{"allow":["GET"]}}],"collection":[{"href":"https:\/\/cdnoticias.com\/index.php\/wp-json\/wp\/v2\/posts"}],"about":[{"href":"https:\/\/cdnoticias.com\/index.php\/wp-json\/wp\/v2\/types\/post"}],"author":[{"embeddable":true,"href":"https:\/\/cdnoticias.com\/index.php\/wp-json\/wp\/v2\/users\/6"}],"replies":[{"embeddable":true,"href":"https:\/\/cdnoticias.com\/index.php\/wp-json\/wp\/v2\/comments?post=131659"}],"version-history":[{"count":0,"href":"https:\/\/cdnoticias.com\/index.php\/wp-json\/wp\/v2\/posts\/131659\/revisions"}],"wp:featuredmedia":[{"embeddable":true,"href":"https:\/\/cdnoticias.com\/index.php\/wp-json\/wp\/v2\/media\/59206"}],"wp:attachment":[{"href":"https:\/\/cdnoticias.com\/index.php\/wp-json\/wp\/v2\/media?parent=131659"}],"wp:term":[{"taxonomy":"category","embeddable":true,"href":"https:\/\/cdnoticias.com\/index.php\/wp-json\/wp\/v2\/categories?post=131659"},{"taxonomy":"post_tag","embeddable":true,"href":"https:\/\/cdnoticias.com\/index.php\/wp-json\/wp\/v2\/tags?post=131659"}],"curies":[{"name":"wp","href":"https:\/\/api.w.org\/{rel}","templated":true}]}}