{"id":131657,"date":"2024-12-01T12:31:10","date_gmt":"2024-12-01T15:31:10","guid":{"rendered":"https:\/\/cdnoticias.com\/?p=131657"},"modified":"2024-12-01T12:31:12","modified_gmt":"2024-12-01T15:31:12","slug":"diciembre-llega-con-un-nuevo-aumento-de-combustibles","status":"publish","type":"post","link":"https:\/\/cdnoticias.com\/index.php\/2024\/12\/01\/diciembre-llega-con-un-nuevo-aumento-de-combustibles\/","title":{"rendered":"Diciembre llega con un nuevo aumento de combustibles"},"content":{"rendered":"\n<p>El incremento podr\u00eda impactar en la inflaci\u00f3n del \u00faltimo mes del a\u00f1o. A\u00fan no se defini\u00f3 el porcentaje de aumentos, aunque rondar\u00eda el 3%. <\/p>\n\n\n\n<hr class=\"wp-block-separator aligncenter has-alpha-channel-opacity\"\/>\n\n\n\n<p>Diciembre llega con una <strong>nueva suba en los precios de los combustibles,<\/strong> que podr\u00eda impactar la inflaci\u00f3n del \u00faltimo mes del a\u00f1o.<\/p>\n\n\n\n<p><\/p>\n\n\n\n<p>Las <strong>compa\u00f1\u00edas analizan de cu\u00e1nto ser\u00eda el ajuste, que rondar\u00eda el 3%<\/strong>, aunque <strong>mucho depender\u00e1 de lo que termine haciendo la estatal YPF, <\/strong>que tiene la mayor porci\u00f3n del mercado.<\/p>\n\n\n\n<p><\/p>\n\n\n\n<blockquote class=\"wp-block-quote is-layout-flow wp-block-quote-is-layout-flow\">\n<p>La depreciaci\u00f3n del peso del 2% prevista por el Gobierno para diciembre, sumada a un incremento de la cotizaci\u00f3n del barril de Brent (punto de referencia para la Argentina), explicar\u00edan el ajuste, seg\u00fan fuentes del sector privado.<\/p>\n<\/blockquote>\n\n\n\n<p><\/p>\n\n\n\n<p>La suba presiona al alza a los precios en un mes que suele ser m\u00e1s inflacionario que el resto, en momentos en que el Gobierno aspira a llevar el costo de vida a niveles del 1%.<\/p>\n\n\n\n<p><\/p>\n\n\n\n<p>La venta de combustibles no logra hacer pie, en medio de una econom\u00eda que pugna por salir de la recesi\u00f3n. <strong>El despacho de gasoil cay\u00f3 5,7% en octubre con relaci\u00f3n al mismo mes de 2023 pero, respecto de septiembre, subi\u00f3 9,4%.<\/strong><\/p>\n\n\n\n<p><\/p>\n\n\n\n<p><strong>En naftas, la ca\u00edda interanual fue del 4,5%, pero subi\u00f3 11,8% con relaci\u00f3n a septiembre<\/strong>. Los incrementos se producir\u00e1n en medio de subas esperadas tambi\u00e9n en otros regulados, como la energ\u00eda.\u00a0<\/p>\n\n\n\n<p><em>Fuente: DIB<\/em><\/p>\n","protected":false},"excerpt":{"rendered":"<p>El incremento podr\u00eda impactar en la inflaci\u00f3n del \u00faltimo mes del a\u00f1o. A\u00fan no se defini\u00f3 el porcentaje de aumentos,<\/p>\n","protected":false},"author":6,"featured_media":119641,"comment_status":"closed","ping_status":"closed","sticky":false,"template":"","format":"standard","meta":{"_jetpack_memberships_contains_paid_content":false,"footnotes":""},"categories":[6,1],"tags":[],"class_list":["post-131657","post","type-post","status-publish","format-standard","has-post-thumbnail","hentry","category-nacionales","category-portada"],"jetpack_featured_media_url":"https:\/\/i0.wp.com\/cdnoticias.com\/wp-content\/uploads\/2024\/07\/aumento-combustibles-nafta-ypf-01.jpg?fit=800%2C445&ssl=1","jetpack_sharing_enabled":true,"_links":{"self":[{"href":"https:\/\/cdnoticias.com\/index.php\/wp-json\/wp\/v2\/posts\/131657","targetHints":{"allow":["GET"]}}],"collection":[{"href":"https:\/\/cdnoticias.com\/index.php\/wp-json\/wp\/v2\/posts"}],"about":[{"href":"https:\/\/cdnoticias.com\/index.php\/wp-json\/wp\/v2\/types\/post"}],"author":[{"embeddable":true,"href":"https:\/\/cdnoticias.com\/index.php\/wp-json\/wp\/v2\/users\/6"}],"replies":[{"embeddable":true,"href":"https:\/\/cdnoticias.com\/index.php\/wp-json\/wp\/v2\/comments?post=131657"}],"version-history":[{"count":0,"href":"https:\/\/cdnoticias.com\/index.php\/wp-json\/wp\/v2\/posts\/131657\/revisions"}],"wp:featuredmedia":[{"embeddable":true,"href":"https:\/\/cdnoticias.com\/index.php\/wp-json\/wp\/v2\/media\/119641"}],"wp:attachment":[{"href":"https:\/\/cdnoticias.com\/index.php\/wp-json\/wp\/v2\/media?parent=131657"}],"wp:term":[{"taxonomy":"category","embeddable":true,"href":"https:\/\/cdnoticias.com\/index.php\/wp-json\/wp\/v2\/categories?post=131657"},{"taxonomy":"post_tag","embeddable":true,"href":"https:\/\/cdnoticias.com\/index.php\/wp-json\/wp\/v2\/tags?post=131657"}],"curies":[{"name":"wp","href":"https:\/\/api.w.org\/{rel}","templated":true}]}}