{"id":131655,"date":"2024-11-30T19:00:34","date_gmt":"2024-11-30T22:00:34","guid":{"rendered":"https:\/\/cdnoticias.com\/?p=131655"},"modified":"2024-11-30T19:00:35","modified_gmt":"2024-11-30T22:00:35","slug":"adios-a-la-x-el-gobierno-busca-eliminar-el-documento-de-identidad-no-binario","status":"publish","type":"post","link":"https:\/\/cdnoticias.com\/index.php\/2024\/11\/30\/adios-a-la-x-el-gobierno-busca-eliminar-el-documento-de-identidad-no-binario\/","title":{"rendered":"\u00bfAdi\u00f3s a la \u201cX\u201d?: el Gobierno busca eliminar el documento de identidad no binario"},"content":{"rendered":"\n<p>Todo indica que lo har\u00e1 por decreto durante el pr\u00f3ximo mes de diciembre. Se argumenta que desde 2021 hubo menos de 2.000 tr\u00e1mites para solicitar el cambio en el DNI, lo que \u201cno justifica mantener vigente la normativa\u201d.<\/p>\n\n\n\n<hr class=\"wp-block-separator aligncenter has-alpha-channel-opacity\"\/>\n\n\n\n<p>Un <strong>nuevo decreto presidencial buscar\u00e1 eliminar <\/strong>el reconocimiento de las <strong>identidades no binarias en los documentos argentinos,<\/strong> es decir, personas que no se autoperciben con los g\u00e9neros femenino y masculino.\u00a0<\/p>\n\n\n\n<p><\/p>\n\n\n\n<p>Entre los <strong>argumentos del Gobierno<\/strong> figura que <strong>menos de 2.000 personas en Argentina solicitaron el cambio de su documento para figurar como \u201cX\u201d.<\/strong> El decreto saldr\u00e1, seg\u00fan se coment\u00f3, en diciembre.<\/p>\n\n\n\n<p><\/p>\n\n\n\n<blockquote class=\"wp-block-quote is-layout-flow wp-block-quote-is-layout-flow\">\n<p>El DNI no binario es un derecho consagrado por la Ley de Identidad de G\u00e9nero 26.743, sancionada en mayo de 2012 e implementada desde 2021, durante la presidencia de Alberto Fern\u00e1ndez.<\/p>\n<\/blockquote>\n\n\n\n<p><\/p>\n\n\n\n<p>A partir del <strong>20 de junio de 2021<\/strong> se incorporaron los <strong>Documentos Nacionales de Identidad con la opci\u00f3n de g\u00e9nero no binario, <\/strong>permitiendo que <em>\u201clas personas que no se entiendan a s\u00ed mismas en el binomio masculino\/femenino pudieran identificarse de esa manera con una tercera opci\u00f3n\u201d, que utiliza la letra \u201cX\u201d.\u00a0<\/em><\/p>\n\n\n\n<p><\/p>\n\n\n\n<p>En esa oportunidad, en un acto que se realiz\u00f3 en el Museo del Bicentenario de la Casa Rosada, Fern\u00e1ndez entreg\u00f3 los primeros tres DNI con identidad no binaria frente a una sala llena de activistas, funcionarios, y militantes por los derechos de las personas LGBTTIQNB+.<\/p>\n\n\n\n<p><\/p>\n\n\n\n<blockquote class=\"wp-block-quote is-layout-flow wp-block-quote-is-layout-flow\">\n<p>En tanto, de acuerdo con los \u00faltimos datos disponibles, en la Argentina existen 8.293 personas que se autoperciben como no binarias, de las cuales unas 1.500 solicitaron el cambio de su documento.<\/p>\n<\/blockquote>\n\n\n\n<p><\/p>\n\n\n\n<p>Asimismo, <strong>seg\u00fan datos del oficialismo<\/strong> desde 2021 a la fecha <strong>se realizaron 1.693 tr\u00e1mites para solicitar el DNI no binario,<\/strong> una cantidad que <strong><em>\u201cno justifica mantener vigente esta normativa\u201d.\u00a0<\/em><\/strong><\/p>\n\n\n\n<p><\/p>\n\n\n\n<p><em>Fuente: DIB<\/em><\/p>\n\n\n\n<p><\/p>\n","protected":false},"excerpt":{"rendered":"<p>Todo indica que lo har\u00e1 por decreto durante el pr\u00f3ximo mes de diciembre. Se argumenta que desde 2021 hubo menos<\/p>\n","protected":false},"author":6,"featured_media":60804,"comment_status":"closed","ping_status":"closed","sticky":false,"template":"","format":"standard","meta":{"_jetpack_memberships_contains_paid_content":false,"footnotes":""},"categories":[6,1],"tags":[],"class_list":["post-131655","post","type-post","status-publish","format-standard","has-post-thumbnail","hentry","category-nacionales","category-portada"],"jetpack_featured_media_url":"https:\/\/i0.wp.com\/cdnoticias.com\/wp-content\/uploads\/2022\/07\/DNI-no-binario-2.jpg?fit=932%2C519&ssl=1","jetpack_sharing_enabled":true,"_links":{"self":[{"href":"https:\/\/cdnoticias.com\/index.php\/wp-json\/wp\/v2\/posts\/131655","targetHints":{"allow":["GET"]}}],"collection":[{"href":"https:\/\/cdnoticias.com\/index.php\/wp-json\/wp\/v2\/posts"}],"about":[{"href":"https:\/\/cdnoticias.com\/index.php\/wp-json\/wp\/v2\/types\/post"}],"author":[{"embeddable":true,"href":"https:\/\/cdnoticias.com\/index.php\/wp-json\/wp\/v2\/users\/6"}],"replies":[{"embeddable":true,"href":"https:\/\/cdnoticias.com\/index.php\/wp-json\/wp\/v2\/comments?post=131655"}],"version-history":[{"count":0,"href":"https:\/\/cdnoticias.com\/index.php\/wp-json\/wp\/v2\/posts\/131655\/revisions"}],"wp:featuredmedia":[{"embeddable":true,"href":"https:\/\/cdnoticias.com\/index.php\/wp-json\/wp\/v2\/media\/60804"}],"wp:attachment":[{"href":"https:\/\/cdnoticias.com\/index.php\/wp-json\/wp\/v2\/media?parent=131655"}],"wp:term":[{"taxonomy":"category","embeddable":true,"href":"https:\/\/cdnoticias.com\/index.php\/wp-json\/wp\/v2\/categories?post=131655"},{"taxonomy":"post_tag","embeddable":true,"href":"https:\/\/cdnoticias.com\/index.php\/wp-json\/wp\/v2\/tags?post=131655"}],"curies":[{"name":"wp","href":"https:\/\/api.w.org\/{rel}","templated":true}]}}