{"id":13165,"date":"2021-02-07T09:41:06","date_gmt":"2021-02-07T12:41:06","guid":{"rendered":"http:\/\/www.centraldenoticias.com.ar\/?p=13165"},"modified":"2021-02-07T09:41:06","modified_gmt":"2021-02-07T12:41:06","slug":"los-precios-siguen-aumentando-y-la-inflacion-no-se-detiene","status":"publish","type":"post","link":"https:\/\/cdnoticias.com\/index.php\/2021\/02\/07\/los-precios-siguen-aumentando-y-la-inflacion-no-se-detiene\/","title":{"rendered":"Los precios siguen aumentando y la inflaci\u00f3n no se detiene"},"content":{"rendered":"<p>(*) Por Movimiento Barrios de Pie-Libres del Sur-Olavarr\u00eda<!--more--><\/p>\n<hr \/>\n<p>Estos aumentos vienen para tod@s, aunque lamentablemente los sectores m\u00e1s castigados por la crisis laboral y econ\u00f3mica arrastrante de los \u00faltimos a\u00f1os del gobierno saliente, ha sido agudizada por un agente externo convertido en pandemia, conocido por coronavirus, y las restricciones empleadas por esta gobernaci\u00f3n en menester de intentar mitigar su propagaci\u00f3n y pos contagios que terminen con la vida de compatriotas; produjeron una restricci\u00f3n de circulaci\u00f3n en aquellos jefes o jefas de hogar, que trabajan y cobran por d\u00eda, se les coarte la posibilidad de salir, realizar su trabajo y as\u00ed mantener el plato de comida en la mesa como el cubrir otros gastos.<\/p>\n<p>&nbsp;<\/p>\n<p>En ese sentido los incrementos son restrictivos y graves en ell@s, ya que impactan negativamente en el acceso a una alimentaci\u00f3n saludable y de calidad en nutrientes, necesarias en todas las franjas etarias.<\/p>\n<p>&nbsp;<\/p>\n<blockquote><p>Los precios, vienen con aumentos acelerados y descontrolados y en desfasaje con los acuerdos paritarios para quienes a\u00fan logran desempe\u00f1arse en el sistema laboral formal, pesar m\u00e1s sentido en aquellos que deben continuar en la informalidad.<\/p><\/blockquote>\n<p>&nbsp;<\/p>\n<p>Todos estos incrementos se han implementado a\u00fan, con supuestas restricciones que el gobierno nacional impuso a los productos \u201cesenciales\u201d, tom\u00e1ndose como tales a los alimentos y elementos de higiene personal, anunciado as\u00ed, el 20 de marzo de 2020,y donde resolv\u00edan que los importes se retrotraigan al monto de venta que ten\u00edan al d\u00eda 6 de igual mes del mismo a\u00f1o, adem\u00e1s afirmaron que utilizar\u00edan las herramientas legales a fin de sancionar a los que no cumplieran con esa norma y especulen aumentando la tasaci\u00f3n de esos art\u00edculos, si alguien conoce alguna sanci\u00f3n al respecto que nos las haga saber, gracias.<\/p>\n<p>&nbsp;<\/p>\n<p>Claro y penoso es, el aprovechamiento pol\u00edtico de la l\u00ednea gobernante, ya que hemos visto en varios medios de comunicaci\u00f3n a concejal@s y militantes, en mercados, \u201ccontrolando valores de mercado\u201d a modo que, tras la foto divisemos alg\u00fan sentido de importancia de implementaci\u00f3n y cumplimiento de la medida, que como los \u00edndices muestran, fue solo ficci\u00f3n.<\/p>\n<p>&nbsp;<\/p>\n<p>El \u00faltimo lunes el Ejecutivo a trav\u00e9s del bolet\u00edn oficial nos vuelve a &#8220;beneficiar&#8221; al comunicarnos que extender\u00e1 hasta el pr\u00f3ximo 31 de marzo el programa de precios m\u00e1ximos, que se enmarcan dentro de la categor\u00eda de \u201cprecios cuidados\u201d, pero los datos son una bofetada al pa\u00eds en el que viven las mayor\u00edas, y no la minor\u00eda pol\u00edtica enriquecida a base del sobre esfuerzo humano que hace por sobrevivir la clase trabajadora con sueldos que en comparaci\u00f3n con la estimaci\u00f3n en el encarecimiento de bienes y servicios de m\u00faltiples rubros, que parece, buscan emparejar con la cotizaci\u00f3n de d\u00f3lar, moneda que va en alza frente a los salarios nacionales que van a la baja, menos sus dietas que rondan las seis cifras.<\/p>\n<p>&nbsp;<\/p>\n<p>\u00bfA d\u00f3nde nos quieren llevar?<\/p>\n<p>&nbsp;<\/p>\n<p>\u00bfPor qu\u00e9 el pueblo debe seguir pagando las deudas absorbidas y generadas por las grandes empresas?<\/p>\n<p>&nbsp;<\/p>\n<p>Nos dijeron que eran distintos, quiz\u00e1s estar\u00edamos peor, pero no percibimos mejoras.<\/p>\n<p>&nbsp;<\/p>\n<p><em>(*) Nos encuentran en redes como @bdpolavarria, tu voz cuenta y nosotros estaremos predispuestos a escucharlos, todos los d\u00edas es una posibilidad de sumarse. Pongamos los BARRIOS DE PIE.<\/em><\/p>\n","protected":false},"excerpt":{"rendered":"<p>(*) Por Movimiento Barrios de Pie-Libres del Sur-Olavarr\u00eda<\/p>\n","protected":false},"author":5,"featured_media":13166,"comment_status":"closed","ping_status":"closed","sticky":false,"template":"","format":"standard","meta":{"_jetpack_memberships_contains_paid_content":false,"footnotes":""},"categories":[11,1],"tags":[],"class_list":["post-13165","post","type-post","status-publish","format-standard","has-post-thumbnail","hentry","category-mipalabra","category-portada"],"jetpack_featured_media_url":"https:\/\/i0.wp.com\/cdnoticias.com\/wp-content\/uploads\/2021\/02\/5ff73f8fb1140.jpg?fit=718%2C405&ssl=1","jetpack_sharing_enabled":true,"_links":{"self":[{"href":"https:\/\/cdnoticias.com\/index.php\/wp-json\/wp\/v2\/posts\/13165","targetHints":{"allow":["GET"]}}],"collection":[{"href":"https:\/\/cdnoticias.com\/index.php\/wp-json\/wp\/v2\/posts"}],"about":[{"href":"https:\/\/cdnoticias.com\/index.php\/wp-json\/wp\/v2\/types\/post"}],"author":[{"embeddable":true,"href":"https:\/\/cdnoticias.com\/index.php\/wp-json\/wp\/v2\/users\/5"}],"replies":[{"embeddable":true,"href":"https:\/\/cdnoticias.com\/index.php\/wp-json\/wp\/v2\/comments?post=13165"}],"version-history":[{"count":0,"href":"https:\/\/cdnoticias.com\/index.php\/wp-json\/wp\/v2\/posts\/13165\/revisions"}],"wp:featuredmedia":[{"embeddable":true,"href":"https:\/\/cdnoticias.com\/index.php\/wp-json\/wp\/v2\/media\/13166"}],"wp:attachment":[{"href":"https:\/\/cdnoticias.com\/index.php\/wp-json\/wp\/v2\/media?parent=13165"}],"wp:term":[{"taxonomy":"category","embeddable":true,"href":"https:\/\/cdnoticias.com\/index.php\/wp-json\/wp\/v2\/categories?post=13165"},{"taxonomy":"post_tag","embeddable":true,"href":"https:\/\/cdnoticias.com\/index.php\/wp-json\/wp\/v2\/tags?post=13165"}],"curies":[{"name":"wp","href":"https:\/\/api.w.org\/{rel}","templated":true}]}}