{"id":131649,"date":"2024-12-01T13:31:49","date_gmt":"2024-12-01T16:31:49","guid":{"rendered":"https:\/\/cdnoticias.com\/?p=131649"},"modified":"2024-12-01T13:31:51","modified_gmt":"2024-12-01T16:31:51","slug":"este-lunes-vacunacion-antirrabica-en-villa-mailin","status":"publish","type":"post","link":"https:\/\/cdnoticias.com\/index.php\/2024\/12\/01\/este-lunes-vacunacion-antirrabica-en-villa-mailin\/","title":{"rendered":"Este lunes, vacunaci\u00f3n antirr\u00e1bica en Villa Mail\u00edn"},"content":{"rendered":"\n<p>La Direcci\u00f3n de Bromatolog\u00eda dio a conocer el cronograma de vacunaci\u00f3n del comienzo del mes de diciembre. Conoc\u00e9 las siguientes fechas.\u00a0<\/p>\n\n\n\n<hr class=\"wp-block-separator aligncenter has-alpha-channel-opacity\"\/>\n\n\n\n<p>A trav\u00e9s de la Direcci\u00f3n de Bromatolog\u00eda, <strong>se ofrece de manera gratuita <\/strong>a la comunidad de todo el Partido <strong>la posibilidad de poder vacunar a sus mascotas contra la rabia.<\/strong> Se trata de la Campa\u00f1a Anual, que se traduce en un abordaje territorial con puestos de vacunaci\u00f3n en distintos barrios de la ciudad y localidades.\u00a0<\/p>\n\n\n\n<p><\/p>\n\n\n\n<p>En ese marco, a continuaci\u00f3n se recordar\u00e1n las pr\u00f3ximas sedes y horarios, para que las personas interesadas puedan acercarse a los lugares de aplicaci\u00f3n m\u00e1s cercanos a su domicilio.<\/p>\n\n\n\n<p><\/p>\n\n\n\n<blockquote class=\"wp-block-quote is-layout-flow wp-block-quote-is-layout-flow\">\n<p>Se recuerda que la rabia es una enfermedad producida por un virus que afecta al sistema nervioso central de los mam\u00edferos, incluidas las personas. No tiene cura y el tratamiento solo es eficaz si se aplica antes del inicio de los s\u00edntomas. Por eso, es fundamental prevenirla.<\/p>\n<\/blockquote>\n\n\n\n<p><\/p>\n\n\n\n<p>La<strong> modalidad de atenci\u00f3n es por orden de llegada <\/strong>y se detall\u00f3 que<strong> tanto perros como gatos deber\u00e1n ser mayores a los 3 meses.<\/strong> Se a\u00f1adi\u00f3 que no se vacuna a hembras pre\u00f1adas o en lactancia o animales que presenten s\u00edntomas de enfermedad.<\/p>\n\n\n\n<p><\/p>\n\n\n\n<p>A la par, se solicita que todos los perros deber\u00e1n concurrir de forma obligatoria a los puestos de vacunaci\u00f3n con correa, collar y el agregado de bozal para aquellas razas y sus cruzas de los denominados perros potencialmente peligrosos. En cuanto a los felinos, deber\u00e1n concurrir en transportadoras, mochilas-bolsos, no sueltos ni en cajas, a fin de prevenir posibles escapes.<\/p>\n\n\n\n<p><\/p>\n\n\n\n<p class=\"has-medium-font-size\"><strong>Cronograma completo\u00a0<\/strong><\/p>\n\n\n\n<ul class=\"wp-block-list\">\n<li>Lunes 2: Barrio Villa Mail\u00edn. De 10:00 a 12:30 en el Servicio Territorial N\u00b0 6 (Las Heras y Mendoza).<\/li>\n<\/ul>\n\n\n\n<ul class=\"wp-block-list\">\n<li>Martes 3: Loma Negra. De 9:30 a 12:30 en la Plaza Libertad (avenida Libertad y avenida 25 de Mayo).<\/li>\n<\/ul>\n\n\n\n<ul class=\"wp-block-list\">\n<li>Mi\u00e9rcoles 4: Sierras Bayas. De 9:30 a 12:30 en la Plaza 17 de Octubre (Argentino Roca y Colombo).<\/li>\n<\/ul>\n\n\n\n<ul class=\"wp-block-list\">\n<li>Jueves 5: Colonia San Miguel. De 9:30 a 12:30 en la Plaza San Miguel (25 de Mayo y San Mart\u00edn).<\/li>\n<\/ul>\n\n\n\n<ul class=\"wp-block-list\">\n<li>Viernes 6: Barrio Luj\u00e1n. De 9:00 a 12:30 en la Plaza Luj\u00e1n (\u00c1lvaro Barros y Dean Funes).<\/li>\n<\/ul>\n\n\n\n<ul class=\"wp-block-list\">\n<li>Lunes 9: Barrio Villa Aurora. De 10:00 a 12:30 en la Sociedad de Fomento (Los Gladiolos y Bol\u00edvar).<\/li>\n<\/ul>\n\n\n\n<ul class=\"wp-block-list\">\n<li>Jueves 12: Barrio CECO I. De 9:30 a 12:30 en avenida Per\u00f3n y Santa Cruz.<\/li>\n<\/ul>\n\n\n\n<ul class=\"wp-block-list\">\n<li>Viernes 13: Parque Helios Eseverri. De 9:00 a 12:30 en avenida De los Trabajadores y Alsina.<\/li>\n<\/ul>\n","protected":false},"excerpt":{"rendered":"<p>La Direcci\u00f3n de Bromatolog\u00eda dio a conocer el cronograma de vacunaci\u00f3n del comienzo del mes de diciembre. Conoc\u00e9 las siguientes<\/p>\n","protected":false},"author":6,"featured_media":97746,"comment_status":"closed","ping_status":"closed","sticky":false,"template":"","format":"standard","meta":{"_jetpack_memberships_contains_paid_content":false,"footnotes":""},"categories":[5,1],"tags":[],"class_list":["post-131649","post","type-post","status-publish","format-standard","has-post-thumbnail","hentry","category-informacion-general","category-portada"],"jetpack_featured_media_url":"https:\/\/i0.wp.com\/cdnoticias.com\/wp-content\/uploads\/2023\/09\/vacunacion-antirrabica-animales-05.jpg?fit=800%2C445&ssl=1","jetpack_sharing_enabled":true,"_links":{"self":[{"href":"https:\/\/cdnoticias.com\/index.php\/wp-json\/wp\/v2\/posts\/131649","targetHints":{"allow":["GET"]}}],"collection":[{"href":"https:\/\/cdnoticias.com\/index.php\/wp-json\/wp\/v2\/posts"}],"about":[{"href":"https:\/\/cdnoticias.com\/index.php\/wp-json\/wp\/v2\/types\/post"}],"author":[{"embeddable":true,"href":"https:\/\/cdnoticias.com\/index.php\/wp-json\/wp\/v2\/users\/6"}],"replies":[{"embeddable":true,"href":"https:\/\/cdnoticias.com\/index.php\/wp-json\/wp\/v2\/comments?post=131649"}],"version-history":[{"count":0,"href":"https:\/\/cdnoticias.com\/index.php\/wp-json\/wp\/v2\/posts\/131649\/revisions"}],"wp:featuredmedia":[{"embeddable":true,"href":"https:\/\/cdnoticias.com\/index.php\/wp-json\/wp\/v2\/media\/97746"}],"wp:attachment":[{"href":"https:\/\/cdnoticias.com\/index.php\/wp-json\/wp\/v2\/media?parent=131649"}],"wp:term":[{"taxonomy":"category","embeddable":true,"href":"https:\/\/cdnoticias.com\/index.php\/wp-json\/wp\/v2\/categories?post=131649"},{"taxonomy":"post_tag","embeddable":true,"href":"https:\/\/cdnoticias.com\/index.php\/wp-json\/wp\/v2\/tags?post=131649"}],"curies":[{"name":"wp","href":"https:\/\/api.w.org\/{rel}","templated":true}]}}