{"id":131643,"date":"2024-12-02T09:00:10","date_gmt":"2024-12-02T12:00:10","guid":{"rendered":"https:\/\/cdnoticias.com\/?p=131643"},"modified":"2024-12-02T09:00:12","modified_gmt":"2024-12-02T12:00:12","slug":"este-martes-los-medicos-celebraran-su-dia-con-un-acto-conmemorativo","status":"publish","type":"post","link":"https:\/\/cdnoticias.com\/index.php\/2024\/12\/02\/este-martes-los-medicos-celebraran-su-dia-con-un-acto-conmemorativo\/","title":{"rendered":"Este martes, los m\u00e9dicos celebrar\u00e1n su d\u00eda con un acto conmemorativo"},"content":{"rendered":"\n<p>Se entregar\u00e1n medallas a profesionales por sus m\u00e1s de 25 a\u00f1os de trayectoria. Adem\u00e1s, recordar\u00e1n a los m\u00e9dicos fallecidos en el cenotafio del cementerio local.<\/p>\n\n\n\n<hr class=\"wp-block-separator aligncenter has-alpha-channel-opacity\"\/>\n\n\n\n<p>Este <strong>martes 3 de diciembre,<\/strong> el <strong>C\u00edrculo M\u00e9dico <\/strong>llevar\u00e1 a cabo un <strong>acto conmemorativo en el marco del D\u00eda del M\u00e9dico.<\/strong><\/p>\n\n\n\n<p><\/p>\n\n\n\n<p>En primera instancia, <strong>se recordar\u00e1n a los profesionales fallecidos<\/strong> con una ofrenda floral en el cenotafio del cementerio local<strong> a las 12:50 horas.<\/strong><\/p>\n\n\n\n<p><\/p>\n\n\n\n<p>Seguidamente, <strong>a las 13:30 horas en la sede del C\u00edrculo M\u00e9dico se llevar\u00e1 a cabo el acto acad\u00e9mico, en el cual se distinguir\u00e1 con la entrega de medallas por sus 25 a\u00f1os de trayectoria profesional, <\/strong>a los siguientes m\u00e9dicos: Dra. Buzeki Mar\u00eda Virginia, Dra. Della Maggiora Rosana, Dra. Giles Campo Evangelina, Dra. Masson Karina, Dr. Mirabella Mario, Dr. Perez Julio, Dr. Reinhart Carlos, Dra. Videla Silvia.<\/p>\n\n\n\n<p><\/p>\n\n\n\n<p>Asimismo, se har\u00e1 <strong>entrega de diplomas<\/strong> otorgados por Caja de Previsi\u00f3n y Seguro M\u00e9dico de la Provincia de Buenos Aires, por haberse <strong>acogido al beneficio de jubilaci\u00f3n,<\/strong> a los siguientes doctores: Benedetto Daniel Alberto, Cazabet Vivian, Ciocchini Saulo Tulio, Corvalan Jorge Enrique, Santander Jorge Antonio.<\/p>\n","protected":false},"excerpt":{"rendered":"<p>Se entregar\u00e1n medallas a profesionales por sus m\u00e1s de 25 a\u00f1os de trayectoria. Adem\u00e1s, recordar\u00e1n a los m\u00e9dicos fallecidos en<\/p>\n","protected":false},"author":6,"featured_media":127621,"comment_status":"closed","ping_status":"closed","sticky":false,"template":"","format":"standard","meta":{"_jetpack_memberships_contains_paid_content":false,"footnotes":""},"categories":[5,1],"tags":[],"class_list":["post-131643","post","type-post","status-publish","format-standard","has-post-thumbnail","hentry","category-informacion-general","category-portada"],"jetpack_featured_media_url":"https:\/\/i0.wp.com\/cdnoticias.com\/wp-content\/uploads\/2024\/10\/circulo-medico-olavarria1.jpg?fit=1072%2C597&ssl=1","jetpack_sharing_enabled":true,"_links":{"self":[{"href":"https:\/\/cdnoticias.com\/index.php\/wp-json\/wp\/v2\/posts\/131643","targetHints":{"allow":["GET"]}}],"collection":[{"href":"https:\/\/cdnoticias.com\/index.php\/wp-json\/wp\/v2\/posts"}],"about":[{"href":"https:\/\/cdnoticias.com\/index.php\/wp-json\/wp\/v2\/types\/post"}],"author":[{"embeddable":true,"href":"https:\/\/cdnoticias.com\/index.php\/wp-json\/wp\/v2\/users\/6"}],"replies":[{"embeddable":true,"href":"https:\/\/cdnoticias.com\/index.php\/wp-json\/wp\/v2\/comments?post=131643"}],"version-history":[{"count":0,"href":"https:\/\/cdnoticias.com\/index.php\/wp-json\/wp\/v2\/posts\/131643\/revisions"}],"wp:featuredmedia":[{"embeddable":true,"href":"https:\/\/cdnoticias.com\/index.php\/wp-json\/wp\/v2\/media\/127621"}],"wp:attachment":[{"href":"https:\/\/cdnoticias.com\/index.php\/wp-json\/wp\/v2\/media?parent=131643"}],"wp:term":[{"taxonomy":"category","embeddable":true,"href":"https:\/\/cdnoticias.com\/index.php\/wp-json\/wp\/v2\/categories?post=131643"},{"taxonomy":"post_tag","embeddable":true,"href":"https:\/\/cdnoticias.com\/index.php\/wp-json\/wp\/v2\/tags?post=131643"}],"curies":[{"name":"wp","href":"https:\/\/api.w.org\/{rel}","templated":true}]}}