{"id":131641,"date":"2024-12-01T09:32:08","date_gmt":"2024-12-01T12:32:08","guid":{"rendered":"https:\/\/cdnoticias.com\/?p=131641"},"modified":"2024-12-01T14:30:34","modified_gmt":"2024-12-01T17:30:34","slug":"los-museos-son-la-expresion-cultural-de-una-poblacion-que-honra-a-sus-raices","status":"publish","type":"post","link":"https:\/\/cdnoticias.com\/index.php\/2024\/12\/01\/los-museos-son-la-expresion-cultural-de-una-poblacion-que-honra-a-sus-raices\/","title":{"rendered":"\u201cLos museos son la expresi\u00f3n cultural de una poblaci\u00f3n que honra a sus ra\u00edces\u201d"},"content":{"rendered":"\n<p>La Uni\u00f3n de Colectividades se expres\u00f3 ante la situaci\u00f3n actual del Museo de Alemanes del Volga en Colonia Hinojo, el cual dejar\u00e1 de estar en el inmueble ocupado ante la no renovaci\u00f3n del contrato de alquiler. Manifestaron su apoyo y se adhirieron al reclamo de los vecinos dirigidos al Municipio.<\/p>\n\n\n\n<hr class=\"wp-block-separator aligncenter has-alpha-channel-opacity\"\/>\n\n\n\n<p>Desde la<strong> Comisi\u00f3n Directiva de la Uni\u00f3n de Colectividades<\/strong> se difundi\u00f3 un comunicado en el cual <strong>expresaron su apoyo para que no se cierre el Museo de Alemanes del Volga en Colonia Hinojo,<\/strong> el cual dejar\u00e1 de estar en el inmueble ocupado<strong> ante la no renovaci\u00f3n del contrato de alquiler.<\/strong><\/p>\n\n\n\n<p><\/p>\n\n\n\n<p><strong><em>\u201cLas asociaciones que conformamos la Uni\u00f3n de Colectividades de Olavarr\u00eda tambi\u00e9n adherimos al reclamo de los vecinos de Colonia Hinojo dirigido a la Municipalidad de Olavarr\u00eda, con la solicitud de que el gobierno local cumpla con gestionar a la brevedad la reubicaci\u00f3n del mismo, dado que es<br>un espacio de su competencia\u201d<\/em><\/strong> expresaron.<\/p>\n\n\n\n<p><\/p>\n\n\n\n<blockquote class=\"wp-block-quote is-layout-flow wp-block-quote-is-layout-flow\">\n<p>Asimismo, remarcaron: \u201cDesde nuestra instituci\u00f3n nos comprometemos a acompa\u00f1ar los esfuerzos, acercando las voluntades para encontrar un lugar apropiado para su funcionamiento\u201d.<\/p>\n<\/blockquote>\n\n\n\n<p><\/p>\n\n\n\n<p>\u201cLos museos \u2013y este en particular, por representar la primera colectividad asentada en nuestro partido- son la expresi\u00f3n cultural de una poblaci\u00f3n que honra a sus ra\u00edces, que pone en valor la historia de los pueblos, la diversidad cultural de lo nativo y de la inmigraci\u00f3n, los usos y costumbres de antepasados y de generaciones sucesivas y la perspectiva de un patrimonio cultural consagrado\u201d sostuvieron.<\/p>\n\n\n\n<p><\/p>\n\n\n\n<p>Por \u00faltimo, resaltaron: \u201c<strong>Esperamos que la soluci\u00f3n no se retrase ni postergue, por el resguardo y conservaci\u00f3n de los materiales que se exponen y por la tranquilidad de contar con una pol\u00edtica cultural coherente y comprometida\u201d.<\/strong><\/p>\n\n\n\n<p><\/p>\n","protected":false},"excerpt":{"rendered":"<p>La Uni\u00f3n de Colectividades se expres\u00f3 ante la situaci\u00f3n actual del Museo de Alemanes del Volga en Colonia Hinojo, el<\/p>\n","protected":false},"author":6,"featured_media":109065,"comment_status":"closed","ping_status":"closed","sticky":false,"template":"","format":"standard","meta":{"_jetpack_memberships_contains_paid_content":false,"footnotes":""},"categories":[5,1],"tags":[],"class_list":["post-131641","post","type-post","status-publish","format-standard","has-post-thumbnail","hentry","category-informacion-general","category-portada"],"jetpack_featured_media_url":"https:\/\/i0.wp.com\/cdnoticias.com\/wp-content\/uploads\/2024\/02\/Museo-Colonia-Hinojo-2-1024x575-1.jpg?fit=1024%2C575&ssl=1","jetpack_sharing_enabled":true,"_links":{"self":[{"href":"https:\/\/cdnoticias.com\/index.php\/wp-json\/wp\/v2\/posts\/131641","targetHints":{"allow":["GET"]}}],"collection":[{"href":"https:\/\/cdnoticias.com\/index.php\/wp-json\/wp\/v2\/posts"}],"about":[{"href":"https:\/\/cdnoticias.com\/index.php\/wp-json\/wp\/v2\/types\/post"}],"author":[{"embeddable":true,"href":"https:\/\/cdnoticias.com\/index.php\/wp-json\/wp\/v2\/users\/6"}],"replies":[{"embeddable":true,"href":"https:\/\/cdnoticias.com\/index.php\/wp-json\/wp\/v2\/comments?post=131641"}],"version-history":[{"count":0,"href":"https:\/\/cdnoticias.com\/index.php\/wp-json\/wp\/v2\/posts\/131641\/revisions"}],"wp:featuredmedia":[{"embeddable":true,"href":"https:\/\/cdnoticias.com\/index.php\/wp-json\/wp\/v2\/media\/109065"}],"wp:attachment":[{"href":"https:\/\/cdnoticias.com\/index.php\/wp-json\/wp\/v2\/media?parent=131641"}],"wp:term":[{"taxonomy":"category","embeddable":true,"href":"https:\/\/cdnoticias.com\/index.php\/wp-json\/wp\/v2\/categories?post=131641"},{"taxonomy":"post_tag","embeddable":true,"href":"https:\/\/cdnoticias.com\/index.php\/wp-json\/wp\/v2\/tags?post=131641"}],"curies":[{"name":"wp","href":"https:\/\/api.w.org\/{rel}","templated":true}]}}