{"id":131633,"date":"2024-11-30T18:00:30","date_gmt":"2024-11-30T21:00:30","guid":{"rendered":"https:\/\/cdnoticias.com\/?p=131633"},"modified":"2024-12-01T09:32:27","modified_gmt":"2024-12-01T12:32:27","slug":"mega-causa-azul-tandil-y-olavarria-la-subsecretaria-de-ddhh-bonaerense-pidio-11-perpetuas","status":"publish","type":"post","link":"https:\/\/cdnoticias.com\/index.php\/2024\/11\/30\/mega-causa-azul-tandil-y-olavarria-la-subsecretaria-de-ddhh-bonaerense-pidio-11-perpetuas\/","title":{"rendered":"Mega Causa Azul, Tandil y Olavarr\u00eda: la Subsecretar\u00eda de DDHH bonaerense pidi\u00f3 11 perpetuas"},"content":{"rendered":"<p>Adem\u00e1s, se pidieron penas de prisi\u00f3n para otros 20 imputados. En la segunda jornada de alegatos de las querellas, DDHH solicit\u00f3\u00a0 condenas mayores que los presentados por la fiscal\u00eda.<!--more--><\/p>\n<hr \/>\n<p>En la <strong>megacausa \u201cSubzona 12\u201d<\/strong>, el juicio por el centro clandestino de detenci\u00f3n (CCD) La Huerta, ubicado en la localidad de Tandil, <strong>la querella de Derechos Humanos del Gobierno de la provincia de Buenos Aires solicit\u00f3 11 perpetuas y penas para otros 20 imputados<\/strong>. Los pedidos de condenas son a\u00fan m\u00e1s severos que <a href=\"https:\/\/cdnoticias.com\/index.php\/2024\/11\/20\/mega-causa-azul-tandil-y-olavarria-la-fiscalia-solicito-11-perpetuas\/\" target=\"_blank\" rel=\"noopener\">los presentados por la fiscal\u00eda<\/a>.<\/p>\n<p>El juicio se lleva a cabo en el<strong> Tribunal Oral Federal de Mar del Plata<\/strong>, y seg\u00fan expresaron desde la Provincia en un comunicado,<strong> es \u201cuno de los m\u00e1s extensos en la regi\u00f3n donde se ha expuesto un patr\u00f3n sistem\u00e1tico de represi\u00f3n<\/strong> destinado a eliminar la militancia pol\u00edtica, sindical y estudiantil\u201d.<\/p>\n<p>El proceso judicial abarc\u00f3<strong> 192 casos investigados, con testimonios de m\u00e1s de 200 personas a lo largo de 30 meses<\/strong>. Inicialmente,<strong> 51 imputados<\/strong> fueron acusados por cr\u00edmenes perpetrados en <strong>13 centros clandestinos de detenci\u00f3n<\/strong> ubicados en el centro de la provincia de Buenos Aires, de las cuales s\u00f3lo<strong> \u201cpodremos analizar la responsabilidad que les cabe a 35 de ellas<\/strong>,<em> producto de los 16 apartamientos en funci\u00f3n tanto del advenimiento de situaciones de salud incapacitantes cuanto del fallecimiento de algunas de ellas\u201d<\/em>, expres\u00f3 Manuel Mara\u00f1\u00f3n, de la querella de Derechos Humanos de la Provincia.<\/p>\n<p>Entre los delitos investigados se destacan<strong> asesinatos, desapariciones, torturas, privaciones ilegales de libertad y abusos<\/strong> cometidos en comisar\u00edas, c\u00e1rceles y otros espacios clandestinos utilizados durante el terrorismo de Estado, entre los cuales se encuentran la \u201cQuinta de los M\u00e9ndez\u201d, \u201cLa Huerta\u201d y el Ex ISER en Tandil; la estaci\u00f3n del ferrocarril donde actualmente funciona el Jard\u00edn De Paula, en Azul, y el <strong>predio Monte Peloni, en Olavarr\u00eda.<\/strong><\/p>\n<h3>El pedido<\/h3>\n<p>Tras dos <strong>jornadas de alegatos que comenzaron el 22 de septiembre<\/strong>, la querella de la <strong>Subsecretar\u00eda de Derechos Humanos de la provincia de Buenos Aires, encabezada por Ver\u00f3nica Bogliano y Manuel Mara\u00f1\u00f3n<\/strong>, solicit\u00f3 este viernes:<\/p>\n<ul>\n<li><strong>11 condenas a prisi\u00f3n perpetua<\/strong>, incluyendo a Osvaldo H\u00e9ctor Repetto, Mart\u00edn Carlos Luzuriaga, Luis Ignacio G\u00f3mez Centuri\u00f3n, Alejandro Duret y otros responsables de graves violaciones a los derechos humanos.<\/li>\n<li><strong>20 penas de entre 6 y 24 a\u00f1os de prisi\u00f3n<\/strong>, ajustadas seg\u00fan la gravedad de los delitos y el nivel de participaci\u00f3n de cada acusado.<\/li>\n<li><strong>4 absoluciones<\/strong> para Francisco Oscar Sarmiento, Ra\u00fal Omar Carlucho, Norberto Luis Ferreras y Pedro Juan Aguirre, al no encontrarse pruebas suficientes que sustenten las acusaciones en su contra.<\/li>\n<\/ul>\n<blockquote><p>Finalmente, recordando que desde un comienzo fue requerido que el juicio se desarrolle en su totalidad en la ciudad de Tandil, \u201cque es el lugar donde sucedieron los delitos que constituyeron la primera elevaci\u00f3n a juicio y hubiese sido lo m\u00e1s adecuado a los intereses y los derechos de la totalidad de las v\u00edctimas\u201d, la querella solicit\u00f3 ahora que la lectura del veredicto de la causa pueda llevarse a cabo en esa ciudad.<\/p><\/blockquote>\n<h3>Nombre por nombre<\/h3>\n<p>El <strong>pedido completo de la Subsecretar\u00eda de Derechos Humanos<\/strong> de la Provincia es el que sigue.<\/p>\n<ul>\n<li>Osvaldo H\u00e9ctor Repetto: perpetua<\/li>\n<li>Mart\u00edn Carlos Luzuriaga: perpetua<\/li>\n<li>Luis Ignacio G\u00f3mez Centuri\u00f3n: perpetua<\/li>\n<li>Jorge Roberto Casares: perpetua (unificaci\u00f3n con una condena previa)<\/li>\n<li>Alejandro Guillermo Duret: perpetua (unificaci\u00f3n con una condena previa)<\/li>\n<li>Rom\u00e1n Valdecantos: perpetua (unificaci\u00f3n con una condena previa)<\/li>\n<li>H\u00e9ctor Mart\u00ednez Salgado: perpetua<\/li>\n<li>Ra\u00fal Andr\u00e9s Ara: perpetua<\/li>\n<li>Ricardo Edmundo Arce: perpetua<\/li>\n<li>Gustavo Jos\u00e9 C\u00e1ceres: perpetua<\/li>\n<li>Daniel Alfredo Ceresoli: perpetua<\/li>\n<li>Juan Manuel Durante: 24 a\u00f1os de prisi\u00f3n<\/li>\n<li>Mariano Edgardo Viviani: 24 a\u00f1os de prisi\u00f3n<\/li>\n<li>Julio C\u00e9sar Tula: 22 a\u00f1os de prisi\u00f3n<\/li>\n<li>Jos\u00e9 Luis \u00c1lvarez: 20 a\u00f1os de prisi\u00f3n<\/li>\n<li>Guillermo Prieto: 20 a\u00f1os de prisi\u00f3n<\/li>\n<li>Julio M\u00e9ndez: 15 a\u00f1os de prisi\u00f3n<\/li>\n<li>Horacio Ricardo Barriola: 14 a\u00f1os de prisi\u00f3n<\/li>\n<li>Eduardo Augusto Samyn: 14 a\u00f1os de prisi\u00f3n<\/li>\n<li>H\u00e9ctor Alberto Mangudo: 18 a\u00f1os de prisi\u00f3n<\/li>\n<li>Luis Ernesto Ben\u00edtez: 15 a\u00f1os de prisi\u00f3n<\/li>\n<li>N\u00e9stor Omar Vapore: 14 a\u00f1os de prisi\u00f3n<\/li>\n<li>Jorge An\u00edbal Tolosa: 14 a\u00f1os de prisi\u00f3n<\/li>\n<li>Fernando Ferrer: 18 a\u00f1os de prisi\u00f3n<\/li>\n<li>Alberto Joaqu\u00edn Monge: 13 a\u00f1os de prisi\u00f3n<\/li>\n<li>Juan Manuel Miller: 10 a\u00f1os de prisi\u00f3n<\/li>\n<li>Jos\u00e9 Mar\u00eda Bruzzone: 10 a\u00f1os de prisi\u00f3n<\/li>\n<li>Miguel \u00c1ngel Buezas: 10 a\u00f1os de prisi\u00f3n<\/li>\n<li>H\u00e9ctor Rub\u00e9n Rinaldi: 6 a\u00f1os de prisi\u00f3n<\/li>\n<li>Enrique Vitale: 8 a\u00f1os y 6 meses de prisi\u00f3n<\/li>\n<li>Pedro Jorge Cinalli: 8 a\u00f1os de prisi\u00f3n<\/li>\n<\/ul>\n<p>El <a href=\"https:\/\/cdnoticias.com\/index.php\/2024\/11\/20\/mega-causa-azul-tandil-y-olavarria-la-fiscalia-solicito-11-perpetuas\/\" target=\"_blank\" rel=\"noopener\">20 de noviembre pasado<\/a> los<strong> fiscales Santiago Eyherabide, Eugenia Montero y Julio Darmandrail<\/strong> solicitaron <strong>11 condenas a prisi\u00f3n perpetua<\/strong>, que coinciden con el pedido de DDHH de la Provincia.<\/p>\n<p>Tambi\u00e9n, <strong>20 penas de entre 3 y 20 a\u00f1os de prisi\u00f3n para otros acusados<\/strong> (DDHH solicit\u00f3 entre 6 y 24) y las mismas cuatro absoluciones.<\/p>\n<p>Fuente: <em>Agencia DIB<\/em><\/p>\n","protected":false},"excerpt":{"rendered":"<p>Adem\u00e1s, se pidieron penas de prisi\u00f3n para otros 20 imputados. En la segunda jornada de alegatos de las querellas, DDHH<\/p>\n","protected":false},"author":4,"featured_media":131634,"comment_status":"closed","ping_status":"closed","sticky":false,"template":"","format":"standard","meta":{"_jetpack_memberships_contains_paid_content":false,"footnotes":""},"categories":[14,1],"tags":[],"class_list":["post-131633","post","type-post","status-publish","format-standard","has-post-thumbnail","hentry","category-policiales","category-portada"],"jetpack_featured_media_url":"https:\/\/i0.wp.com\/cdnoticias.com\/wp-content\/uploads\/2024\/11\/centro-clandestino-de-detencion-la-huerta-tandil.jpg?fit=800%2C445&ssl=1","jetpack_sharing_enabled":true,"_links":{"self":[{"href":"https:\/\/cdnoticias.com\/index.php\/wp-json\/wp\/v2\/posts\/131633","targetHints":{"allow":["GET"]}}],"collection":[{"href":"https:\/\/cdnoticias.com\/index.php\/wp-json\/wp\/v2\/posts"}],"about":[{"href":"https:\/\/cdnoticias.com\/index.php\/wp-json\/wp\/v2\/types\/post"}],"author":[{"embeddable":true,"href":"https:\/\/cdnoticias.com\/index.php\/wp-json\/wp\/v2\/users\/4"}],"replies":[{"embeddable":true,"href":"https:\/\/cdnoticias.com\/index.php\/wp-json\/wp\/v2\/comments?post=131633"}],"version-history":[{"count":0,"href":"https:\/\/cdnoticias.com\/index.php\/wp-json\/wp\/v2\/posts\/131633\/revisions"}],"wp:featuredmedia":[{"embeddable":true,"href":"https:\/\/cdnoticias.com\/index.php\/wp-json\/wp\/v2\/media\/131634"}],"wp:attachment":[{"href":"https:\/\/cdnoticias.com\/index.php\/wp-json\/wp\/v2\/media?parent=131633"}],"wp:term":[{"taxonomy":"category","embeddable":true,"href":"https:\/\/cdnoticias.com\/index.php\/wp-json\/wp\/v2\/categories?post=131633"},{"taxonomy":"post_tag","embeddable":true,"href":"https:\/\/cdnoticias.com\/index.php\/wp-json\/wp\/v2\/tags?post=131633"}],"curies":[{"name":"wp","href":"https:\/\/api.w.org\/{rel}","templated":true}]}}