{"id":131611,"date":"2024-11-30T11:33:53","date_gmt":"2024-11-30T14:33:53","guid":{"rendered":"https:\/\/cdnoticias.com\/?p=131611"},"modified":"2024-11-30T15:59:54","modified_gmt":"2024-11-30T18:59:54","slug":"son-hermanos-los-buscaba-la-justicia-y-fueron-hallados-en-olavarria","status":"publish","type":"post","link":"https:\/\/cdnoticias.com\/index.php\/2024\/11\/30\/son-hermanos-los-buscaba-la-justicia-y-fueron-hallados-en-olavarria\/","title":{"rendered":"Son hermanos, los buscaba la Justicia y fueron hallados en Olavarr\u00eda"},"content":{"rendered":"<p>Uno de ellos ten\u00eda orden de captura emitida desde 2022 y el otro, desde 2023. Fueron detenidos en Alberdi y Trabajadores por Polic\u00eda Local.<!--more--><\/p>\n<hr \/>\n<p><strong>Dos hermanos quedaron detenidos<\/strong>: eran <strong>buscados por distintos robos<\/strong> denunciados en <strong>Olavarr\u00eda<\/strong> y en <strong>Tandil<\/strong>, respectivamente.<\/p>\n<p>Fue este viernes en inmediaciones de<strong> Alberdi y Trabajadores<\/strong>, donde personal de <strong>Polic\u00eda Local<\/strong> llev\u00f3 adelante un operativo de interceptaci\u00f3n. All\u00ed fueron encontrados y se estableci\u00f3 que pesaban sobre ellos distintas medidas judiciales.<\/p>\n<p><strong>Jos\u00e9 Luis Cervino, de 42 a\u00f1os<\/strong>, qued\u00f3 detenido al determinarse que sobre \u00e9l se hab\u00eda emitido una <strong>orden de captura<\/strong> en una causa penal por<strong> \u201churto agravado\u201d.<\/strong> La medida sali\u00f3 desde el <strong>Juzgado Correccional N\u00ba 1 de Olavarr\u00eda el 14 de marzo de 2022<\/strong>. Desde dicho organismo judicial se orden\u00f3 notificar al imputado de una pr\u00f3xima audiencia y <strong>se dispuso la liberaci\u00f3n.<\/strong><\/p>\n<p>El mismo proceso afront\u00f3 <strong>H\u00e9ctor Gast\u00f3n Cervino, de 39 a\u00f1os<\/strong>, sobre quien se determin\u00f3 que reca\u00eda una <strong>orden de captura emitida en junio del a\u00f1o pasado<\/strong> desde el <strong>Juzgado Correccional<\/strong> y otra orden de <strong>averiguaci\u00f3n de paradero<\/strong> desde la <strong>UFI N\u00ba 3<\/strong>, <strong>ambos organismos de Tandil<\/strong>. Los titulares de las dependencias judiciales avalaron las actuaciones, citaron al hombre a una audiencia y tambi\u00e9n <strong>se dict\u00f3 la liberaci\u00f3n<\/strong>.<\/p>\n<p>Las actuaciones fueron elevadas a la<strong> Comisar\u00eda Primera.<\/strong><\/p>\n","protected":false},"excerpt":{"rendered":"<p>Uno de ellos ten\u00eda orden de captura emitida desde 2022 y el otro, desde 2023. Fueron detenidos en Alberdi y<\/p>\n","protected":false},"author":4,"featured_media":131612,"comment_status":"closed","ping_status":"closed","sticky":false,"template":"","format":"standard","meta":{"_jetpack_memberships_contains_paid_content":false,"footnotes":""},"categories":[14,1],"tags":[],"class_list":["post-131611","post","type-post","status-publish","format-standard","has-post-thumbnail","hentry","category-policiales","category-portada"],"jetpack_featured_media_url":"https:\/\/i0.wp.com\/cdnoticias.com\/wp-content\/uploads\/2024\/11\/Alberdi-y-Trabajadores-hemanos-detenidos.jpg?fit=1000%2C556&ssl=1","jetpack_sharing_enabled":true,"_links":{"self":[{"href":"https:\/\/cdnoticias.com\/index.php\/wp-json\/wp\/v2\/posts\/131611","targetHints":{"allow":["GET"]}}],"collection":[{"href":"https:\/\/cdnoticias.com\/index.php\/wp-json\/wp\/v2\/posts"}],"about":[{"href":"https:\/\/cdnoticias.com\/index.php\/wp-json\/wp\/v2\/types\/post"}],"author":[{"embeddable":true,"href":"https:\/\/cdnoticias.com\/index.php\/wp-json\/wp\/v2\/users\/4"}],"replies":[{"embeddable":true,"href":"https:\/\/cdnoticias.com\/index.php\/wp-json\/wp\/v2\/comments?post=131611"}],"version-history":[{"count":0,"href":"https:\/\/cdnoticias.com\/index.php\/wp-json\/wp\/v2\/posts\/131611\/revisions"}],"wp:featuredmedia":[{"embeddable":true,"href":"https:\/\/cdnoticias.com\/index.php\/wp-json\/wp\/v2\/media\/131612"}],"wp:attachment":[{"href":"https:\/\/cdnoticias.com\/index.php\/wp-json\/wp\/v2\/media?parent=131611"}],"wp:term":[{"taxonomy":"category","embeddable":true,"href":"https:\/\/cdnoticias.com\/index.php\/wp-json\/wp\/v2\/categories?post=131611"},{"taxonomy":"post_tag","embeddable":true,"href":"https:\/\/cdnoticias.com\/index.php\/wp-json\/wp\/v2\/tags?post=131611"}],"curies":[{"name":"wp","href":"https:\/\/api.w.org\/{rel}","templated":true}]}}