{"id":13161,"date":"2021-02-07T08:02:23","date_gmt":"2021-02-07T11:02:23","guid":{"rendered":"http:\/\/www.centraldenoticias.com.ar\/?p=13161"},"modified":"2021-02-07T08:02:23","modified_gmt":"2021-02-07T11:02:23","slug":"incendios-en-el-bolson-refuerzan-el-apoyo-y-declaran-el-estado-de-emergencia","status":"publish","type":"post","link":"https:\/\/cdnoticias.com\/index.php\/2021\/02\/07\/incendios-en-el-bolson-refuerzan-el-apoyo-y-declaran-el-estado-de-emergencia\/","title":{"rendered":"Incendios en El Bols\u00f3n: refuerzan el apoyo y declaran el estado de emergencia"},"content":{"rendered":"<p>Las llamas se mantienen activas en la zona de la Cuesta del Ternero, en cercan\u00edas de El Bols\u00f3n, con temperaturas en torno a los 35 grados y una humedad del 10%.<!--more--><\/p>\n<hr \/>\n<p>El Gobierno nacional reforz\u00f3 el apoyo a las tareas de combate del fuego en cercan\u00edas de la ciudad rionegrina de El Bols\u00f3n, mientras la gobernadora Arabela Carreras declar\u00f3 el <strong><em>&#8220;estado de emergencia y desastre&#8221;<\/em> <\/strong>en la zona, donde<strong> ya se quemaron m\u00e1s de 6.000 hect\u00e1reas desde el 24 de enero pasado<\/strong>, informaron fuentes del Ministerio de Seguridad de Naci\u00f3n y de la gobernaci\u00f3n provincial.<\/p>\n<p>&nbsp;<\/p>\n<p>Carreras explic\u00f3, en declaraciones a medios locales, que <strong>las condiciones meteorol\u00f3gicas<em> \u201cson extraordinarias&#8221;<\/em><\/strong> y que<em> &#8220;<strong>no se ve\u00eda algo igual desde el a\u00f1o 1964, con altas temperaturas y muy baja humedad<\/strong>, lo que genera un contexto especialmente dif\u00edcil para la propagaci\u00f3n de las llamas\u201d.<\/em><\/p>\n<p>&nbsp;<\/p>\n<blockquote><p>Se est\u00e1 trabajando en la protecci\u00f3n de la vida humana antes que nada, y de las viviendas. El fuego sigue quemando bosque nativo y forestaciones. La situaci\u00f3n es preocupante, pero no hay alarma de p\u00e9rdidas humanas y de infraestructura. Hay cambios clim\u00e1ticos permanentes que nos pueden poner en riesgo, explic\u00f3.<\/p><\/blockquote>\n<p>&nbsp;<\/p>\n<p>Por su parte, el <strong>director nacional de Operaciones de Protecci\u00f3n Civil, Esteban Chal\u00e1<\/strong>, se traslad\u00f3 a R\u00edo Negro para prestar apoyo a las tareas de combate al fuego. Viaj\u00f3 junto a un equipo de la direcci\u00f3n, m\u00f3viles y equipo de comunicaciones para colaborar con el comit\u00e9 de emergencia y asistir a las comunidades de pueblos originarios y otras vulnerables de la zona.<\/p>\n<p>&nbsp;<\/p>\n<blockquote class=\"twitter-tweet\" data-width=\"550\" data-dnt=\"true\">\n<p lang=\"es\" dir=\"ltr\"><a href=\"https:\/\/twitter.com\/hashtag\/Avanzan?src=hash&amp;ref_src=twsrc%5Etfw\">#Avanzan<\/a> las llamas y no dan tregua  en Cuesta de los Ternero El Bols\u00f3n R\u00edo Negro imagenes d hace dos horas,36 grados de temperatura y no dan respiro. <a href=\"https:\/\/t.co\/HYuHeDKGe5\">pic.twitter.com\/HYuHeDKGe5<\/a><\/p>\n<p>&mdash; PrensaComodoro Gremial (@PrensacomodoroG) <a href=\"https:\/\/twitter.com\/PrensacomodoroG\/status\/1358175314589941765?ref_src=twsrc%5Etfw\">February 6, 2021<\/a><\/p><\/blockquote>\n<p><script async src=\"https:\/\/platform.twitter.com\/widgets.js\" charset=\"utf-8\"><\/script><\/p>\n<p>&nbsp;<\/p>\n<p><strong>El refuerzo<\/strong><\/p>\n<p>&nbsp;<\/p>\n<p>El refuerzo de Naci\u00f3n tendr\u00e1 como base operativa el <strong>Escuadr\u00f3n 35 &#8220;El Bols\u00f3n&#8221; de Gendarmer\u00eda Nacional<\/strong>, fuerza que proveer\u00e1 apoyo log\u00edstico y con quienes coordinar\u00e1n las acciones a llevar adelante.<\/p>\n<p>&nbsp;<\/p>\n<p><img data-recalc-dims=\"1\" loading=\"lazy\" decoding=\"async\" class=\"alignnone size-full wp-image-13163\" src=\"https:\/\/i0.wp.com\/cdnoticias.com\/wp-content\/uploads\/2021\/02\/incendio-elbols%C3%B3n2.jpg?resize=800%2C450&#038;ssl=1\" alt=\"\" width=\"800\" height=\"450\" srcset=\"https:\/\/i0.wp.com\/cdnoticias.com\/wp-content\/uploads\/2021\/02\/incendio-elbols%C3%B3n2.jpg?w=1004&amp;ssl=1 1004w, https:\/\/i0.wp.com\/cdnoticias.com\/wp-content\/uploads\/2021\/02\/incendio-elbols%C3%B3n2.jpg?resize=300%2C169&amp;ssl=1 300w, https:\/\/i0.wp.com\/cdnoticias.com\/wp-content\/uploads\/2021\/02\/incendio-elbols%C3%B3n2.jpg?resize=768%2C432&amp;ssl=1 768w\" sizes=\"auto, (max-width: 800px) 100vw, 800px\" \/><\/p>\n<p>&nbsp;<\/p>\n<p>El incendio <strong>se mantiene activo en la zona de la Cuesta del Ternero, en cercan\u00edas de El Bols\u00f3n<\/strong>, con temperaturas en torno a los 35 grados y una humedad del 10%, seg\u00fan Alberto Seufferheld, director del Servicio del Manejo del Fuego (SNMF).<\/p>\n<p>&nbsp;<\/p>\n<p><em>&#8220;La temperatura y la humedad son ideales para que el fuego pueda propagarse de forma extrema&#8221;,<\/em> detall\u00f3 Seufferheld, y dijo que para ma\u00f1ana (por este domingo) se espera <strong><em>&#8220;un respiro&#8221;<\/em><\/strong>, cuando las marcas t\u00e9rmicas bajen a 25 grados y la humedad suba a 30.<\/p>\n<p>&nbsp;<\/p>\n<p>Fuente: T\u00e9lam<\/p>\n","protected":false},"excerpt":{"rendered":"<p>Las llamas se mantienen activas en la zona de la Cuesta del Ternero, en cercan\u00edas de El Bols\u00f3n, con temperaturas<\/p>\n","protected":false},"author":5,"featured_media":13162,"comment_status":"closed","ping_status":"closed","sticky":false,"template":"","format":"standard","meta":{"_jetpack_memberships_contains_paid_content":false,"footnotes":""},"categories":[6,1],"tags":[],"class_list":["post-13161","post","type-post","status-publish","format-standard","has-post-thumbnail","hentry","category-nacionales","category-portada"],"jetpack_featured_media_url":"https:\/\/i0.wp.com\/cdnoticias.com\/wp-content\/uploads\/2021\/02\/incendio-elbols%C3%B3n1.jpg?fit=1004%2C565&ssl=1","jetpack_sharing_enabled":true,"_links":{"self":[{"href":"https:\/\/cdnoticias.com\/index.php\/wp-json\/wp\/v2\/posts\/13161","targetHints":{"allow":["GET"]}}],"collection":[{"href":"https:\/\/cdnoticias.com\/index.php\/wp-json\/wp\/v2\/posts"}],"about":[{"href":"https:\/\/cdnoticias.com\/index.php\/wp-json\/wp\/v2\/types\/post"}],"author":[{"embeddable":true,"href":"https:\/\/cdnoticias.com\/index.php\/wp-json\/wp\/v2\/users\/5"}],"replies":[{"embeddable":true,"href":"https:\/\/cdnoticias.com\/index.php\/wp-json\/wp\/v2\/comments?post=13161"}],"version-history":[{"count":0,"href":"https:\/\/cdnoticias.com\/index.php\/wp-json\/wp\/v2\/posts\/13161\/revisions"}],"wp:featuredmedia":[{"embeddable":true,"href":"https:\/\/cdnoticias.com\/index.php\/wp-json\/wp\/v2\/media\/13162"}],"wp:attachment":[{"href":"https:\/\/cdnoticias.com\/index.php\/wp-json\/wp\/v2\/media?parent=13161"}],"wp:term":[{"taxonomy":"category","embeddable":true,"href":"https:\/\/cdnoticias.com\/index.php\/wp-json\/wp\/v2\/categories?post=13161"},{"taxonomy":"post_tag","embeddable":true,"href":"https:\/\/cdnoticias.com\/index.php\/wp-json\/wp\/v2\/tags?post=13161"}],"curies":[{"name":"wp","href":"https:\/\/api.w.org\/{rel}","templated":true}]}}