{"id":131600,"date":"2024-11-29T20:36:34","date_gmt":"2024-11-29T23:36:34","guid":{"rendered":"https:\/\/cdnoticias.com\/?p=131600"},"modified":"2024-11-30T11:34:12","modified_gmt":"2024-11-30T14:34:12","slug":"corpi-recibira-pacientes-del-hospital-municipal-para-realizar-rehabilitaciones","status":"publish","type":"post","link":"https:\/\/cdnoticias.com\/index.php\/2024\/11\/29\/corpi-recibira-pacientes-del-hospital-municipal-para-realizar-rehabilitaciones\/","title":{"rendered":"Corpi recibir\u00e1 pacientes del Hospital Municipal para realizar rehabilitaciones"},"content":{"rendered":"\n<p>Fue tras la firma de un convenio entre la entidad y el Municipio. Particip\u00f3 el intendente Wesner de la actividad. Ser\u00e1 para aquellos que no cuenten con obra social o cobertura m\u00e9dica.<\/p>\n\n\n\n<hr class=\"wp-block-separator aligncenter has-alpha-channel-opacity\"\/>\n\n\n\n<p>El Municipio de Olavarr\u00eda y el Centro Olavarriense de Rehabilitaci\u00f3n en Par\u00e1lisis Infantil (CORPI) firmaron este viernes un <strong>convenio de colaboraci\u00f3n mutua destinado a garantizar el acceso a tratamientos de rehabilitaci\u00f3n para pacientes hospitalarios sin obra social o cobertura m\u00e9dica particular.<\/strong><\/p>\n\n\n\n<p>El acuerdo establece que, a trav\u00e9s del Consejo Administrativo de Salud,<strong> la gesti\u00f3n municipal asumir\u00e1 la cobertura de pacientes con patolog\u00edas complejas o cr\u00f3nicas que requieran atenci\u00f3n especializada en CORPI.<\/strong><\/p>\n\n\n\n<p><strong>La firma del convenio se llev\u00f3 a cabo en la sede de la instituci\u00f3n<\/strong> y fue encabezada por el intendente Maximiliano Wesner, junto a funcionarios municipales y autoridades de CORPI.<\/p>\n\n\n\n<figure class=\"wp-block-image size-large\"><img data-recalc-dims=\"1\" loading=\"lazy\" decoding=\"async\" width=\"800\" height=\"540\" src=\"https:\/\/i0.wp.com\/cdnoticias.com\/wp-content\/uploads\/2024\/11\/WhatsApp-Image-2024-11-29-at-10.42.16.jpeg?resize=800%2C540&#038;ssl=1\" alt=\"\" class=\"wp-image-131602\" srcset=\"https:\/\/i0.wp.com\/cdnoticias.com\/wp-content\/uploads\/2024\/11\/WhatsApp-Image-2024-11-29-at-10.42.16.jpeg?resize=1024%2C691&amp;ssl=1 1024w, https:\/\/i0.wp.com\/cdnoticias.com\/wp-content\/uploads\/2024\/11\/WhatsApp-Image-2024-11-29-at-10.42.16.jpeg?resize=300%2C203&amp;ssl=1 300w, https:\/\/i0.wp.com\/cdnoticias.com\/wp-content\/uploads\/2024\/11\/WhatsApp-Image-2024-11-29-at-10.42.16.jpeg?resize=768%2C518&amp;ssl=1 768w, https:\/\/i0.wp.com\/cdnoticias.com\/wp-content\/uploads\/2024\/11\/WhatsApp-Image-2024-11-29-at-10.42.16.jpeg?resize=1536%2C1037&amp;ssl=1 1536w, https:\/\/i0.wp.com\/cdnoticias.com\/wp-content\/uploads\/2024\/11\/WhatsApp-Image-2024-11-29-at-10.42.16.jpeg?w=1600&amp;ssl=1 1600w\" sizes=\"auto, (max-width: 800px) 100vw, 800px\" \/><\/figure>\n\n\n\n<p>Durante el acto, Wesner destac\u00f3 la importancia de esta articulaci\u00f3n p\u00fablico-privada, subrayando que<em><strong> \u201ctodos merecen la oportunidad de acceder a la rehabilitaci\u00f3n\u201d <\/strong><\/em>y calific\u00f3 el acuerdo como un<strong> logro significativo para mejorar la calidad de vida de los vecinos.<\/strong><\/p>\n\n\n\n<p>Por su parte, Horacio Balbiani, presidente de CORPI, expres\u00f3 su<strong> orgullo por la concreci\u00f3n del primer convenio de este tipo en la historia de la instituci\u00f3n, resaltando el valor del trabajo conjunto entre el municipio y las entidades locales<\/strong> para atender a quienes m\u00e1s lo necesitan.<\/p>\n\n\n\n<figure class=\"wp-block-image size-large\"><img data-recalc-dims=\"1\" loading=\"lazy\" decoding=\"async\" width=\"800\" height=\"485\" src=\"https:\/\/i0.wp.com\/cdnoticias.com\/wp-content\/uploads\/2024\/11\/WhatsApp-Image-2024-11-29-at-10.42.17.jpeg?resize=800%2C485&#038;ssl=1\" alt=\"\" class=\"wp-image-131603\" srcset=\"https:\/\/i0.wp.com\/cdnoticias.com\/wp-content\/uploads\/2024\/11\/WhatsApp-Image-2024-11-29-at-10.42.17.jpeg?resize=1024%2C621&amp;ssl=1 1024w, https:\/\/i0.wp.com\/cdnoticias.com\/wp-content\/uploads\/2024\/11\/WhatsApp-Image-2024-11-29-at-10.42.17.jpeg?resize=300%2C182&amp;ssl=1 300w, https:\/\/i0.wp.com\/cdnoticias.com\/wp-content\/uploads\/2024\/11\/WhatsApp-Image-2024-11-29-at-10.42.17.jpeg?resize=768%2C466&amp;ssl=1 768w, https:\/\/i0.wp.com\/cdnoticias.com\/wp-content\/uploads\/2024\/11\/WhatsApp-Image-2024-11-29-at-10.42.17.jpeg?resize=1536%2C932&amp;ssl=1 1536w, https:\/\/i0.wp.com\/cdnoticias.com\/wp-content\/uploads\/2024\/11\/WhatsApp-Image-2024-11-29-at-10.42.17.jpeg?w=1600&amp;ssl=1 1600w\" sizes=\"auto, (max-width: 800px) 100vw, 800px\" \/><\/figure>\n\n\n\n<p>El subsecretario de Salud, Fernando Al\u00ed, explic\u00f3 que<strong> los pacientes derivados a CORPI ser\u00e1n aquellos con condiciones neurol\u00f3gicas complejas, como traumatismos enc\u00e9falo-craneanos, accidentes cerebrovasculares, lesiones medulares y neuropat\u00edas, as\u00ed como amputados en proceso de equipamiento prot\u00e9sico. <\/strong>Tambi\u00e9n se considerar\u00e1n casos excepcionales seg\u00fan evaluaci\u00f3n m\u00e9dica. La instituci\u00f3n cuenta con infraestructura especializada y un equipo interdisciplinario para brindar atenci\u00f3n integral a estas personas.<\/p>\n\n\n\n<p><strong>El convenio tendr\u00e1 una vigencia inicial de un a\u00f1o, con posibilidad de pr\u00f3rroga bajo las mismas condiciones. <\/strong>CORPI, que celebrar\u00e1 su 70\u00b0 aniversario en 2025, se ha consolidado como un referente regional en rehabilitaci\u00f3n gracias a su profesionalismo y servicios integrales en \u00e1reas como fonoaudiolog\u00eda, kinesiolog\u00eda, psicopedagog\u00eda, psicolog\u00eda, terapia ocupacional, hidroterapia y educaci\u00f3n f\u00edsica.<\/p>\n\n\n\n<p><\/p>\n","protected":false},"excerpt":{"rendered":"<p>Fue tras la firma de un convenio entre la entidad y el Municipio. Particip\u00f3 el intendente Wesner de la actividad.<\/p>\n","protected":false},"author":2,"featured_media":131601,"comment_status":"closed","ping_status":"closed","sticky":false,"template":"","format":"standard","meta":{"_jetpack_memberships_contains_paid_content":false,"footnotes":""},"categories":[5,1],"tags":[],"class_list":["post-131600","post","type-post","status-publish","format-standard","has-post-thumbnail","hentry","category-informacion-general","category-portada"],"jetpack_featured_media_url":"https:\/\/i0.wp.com\/cdnoticias.com\/wp-content\/uploads\/2024\/11\/WhatsApp-Image-2024-11-29-at-10.42.15.jpeg?fit=1600%2C1026&ssl=1","jetpack_sharing_enabled":true,"_links":{"self":[{"href":"https:\/\/cdnoticias.com\/index.php\/wp-json\/wp\/v2\/posts\/131600","targetHints":{"allow":["GET"]}}],"collection":[{"href":"https:\/\/cdnoticias.com\/index.php\/wp-json\/wp\/v2\/posts"}],"about":[{"href":"https:\/\/cdnoticias.com\/index.php\/wp-json\/wp\/v2\/types\/post"}],"author":[{"embeddable":true,"href":"https:\/\/cdnoticias.com\/index.php\/wp-json\/wp\/v2\/users\/2"}],"replies":[{"embeddable":true,"href":"https:\/\/cdnoticias.com\/index.php\/wp-json\/wp\/v2\/comments?post=131600"}],"version-history":[{"count":0,"href":"https:\/\/cdnoticias.com\/index.php\/wp-json\/wp\/v2\/posts\/131600\/revisions"}],"wp:featuredmedia":[{"embeddable":true,"href":"https:\/\/cdnoticias.com\/index.php\/wp-json\/wp\/v2\/media\/131601"}],"wp:attachment":[{"href":"https:\/\/cdnoticias.com\/index.php\/wp-json\/wp\/v2\/media?parent=131600"}],"wp:term":[{"taxonomy":"category","embeddable":true,"href":"https:\/\/cdnoticias.com\/index.php\/wp-json\/wp\/v2\/categories?post=131600"},{"taxonomy":"post_tag","embeddable":true,"href":"https:\/\/cdnoticias.com\/index.php\/wp-json\/wp\/v2\/tags?post=131600"}],"curies":[{"name":"wp","href":"https:\/\/api.w.org\/{rel}","templated":true}]}}