{"id":131588,"date":"2024-11-29T18:31:19","date_gmt":"2024-11-29T21:31:19","guid":{"rendered":"https:\/\/cdnoticias.com\/?p=131588"},"modified":"2024-11-29T18:31:21","modified_gmt":"2024-11-29T21:31:21","slug":"coopelectric-culmino-la-charla-inteligencia-artificial-futuro-del-trabajo-y-geopolitica","status":"publish","type":"post","link":"https:\/\/cdnoticias.com\/index.php\/2024\/11\/29\/coopelectric-culmino-la-charla-inteligencia-artificial-futuro-del-trabajo-y-geopolitica\/","title":{"rendered":"Coopelectric: culmin\u00f3 la charla \u201cInteligencia Artificial, futuro del trabajo y geopol\u00edtica\u201d"},"content":{"rendered":"\n<p>La charla dictada por el Licenciado Facundo Caj\u00e9n tuvo un gran marco de p\u00fablico presente.\u00a0De esta manera, se dio cierre al Ciclo de Charlas 2024 de la cooperativa.<\/p>\n\n\n\n<hr class=\"wp-block-separator aligncenter has-alpha-channel-opacity\"\/>\n\n\n\n<p>Este jueves, con<strong> gran marco de p\u00fablico<\/strong>, se llev\u00f3 a cabo en Coopelectric la charla <em>\u201c<strong>Inteligencia Artificial, futuro del trabajo y geopol\u00edtica\u201d <\/strong><\/em>dictada por el <strong>Licenciado Facundo Caj\u00e9n.<\/strong><\/p>\n\n\n\n<p><\/p>\n\n\n\n<p><strong><em>\u201cPara nosotros es un orgullo que Facundo Caj\u00e9n, profesional joven, brillante, innovador y de Olavarr\u00eda, hoy est\u00e9 cerrando el Ciclo de Charlas del a\u00f1o 2024 que constituye una propuesta que permite a los asociados acercarse a la Cooperativa\u201d <\/em><\/strong>destac\u00f3 el presidente del Consejo de Administraci\u00f3n de Coopelectric, Alberto Miotti.<\/p>\n\n\n\n<p><\/p>\n\n\n\n<p>El disertante defini\u00f3 a la Inteligencia Artificial como \u201cun ente racional que toma decisiones en base a un objetivo que le damos. Lo hace analizando los par\u00e1metros con los cuales la alimentamos\u201d.&nbsp;<\/p>\n\n\n\n<p><\/p>\n\n\n\n<blockquote class=\"wp-block-quote is-layout-flow wp-block-quote-is-layout-flow\">\n<p>Luego explic\u00f3 los tipos de aprendizaje autom\u00e1tico que existen: supervisado, no supervisado y por refuerzo; brindando ejemplos y proyectando material audiovisual sobre el entrenamiento que realizan las m\u00e1quinas.<\/p>\n<\/blockquote>\n\n\n\n<p><\/p>\n\n\n\n<figure class=\"wp-block-image aligncenter size-full\"><img data-recalc-dims=\"1\" loading=\"lazy\" decoding=\"async\" width=\"800\" height=\"477\" src=\"https:\/\/i0.wp.com\/cdnoticias.com\/wp-content\/uploads\/2024\/11\/facundo-cajen-ia.png?resize=800%2C477&#038;ssl=1\" alt=\"\" class=\"wp-image-131592\" srcset=\"https:\/\/i0.wp.com\/cdnoticias.com\/wp-content\/uploads\/2024\/11\/facundo-cajen-ia.png?w=871&amp;ssl=1 871w, https:\/\/i0.wp.com\/cdnoticias.com\/wp-content\/uploads\/2024\/11\/facundo-cajen-ia.png?resize=300%2C179&amp;ssl=1 300w, https:\/\/i0.wp.com\/cdnoticias.com\/wp-content\/uploads\/2024\/11\/facundo-cajen-ia.png?resize=768%2C458&amp;ssl=1 768w\" sizes=\"auto, (max-width: 800px) 100vw, 800px\" \/><\/figure>\n\n\n\n<p><\/p>\n\n\n\n<p>Tambi\u00e9n hizo menci\u00f3n sobre <strong>diferentes experimentos cient\u00edficos realizados alrededor del mundo<\/strong> y c\u00f3mo cada uno ha contribuido al crecimiento de la Inteligencia Artificial.<\/p>\n\n\n\n<p><\/p>\n\n\n\n<p>Las m\u00e1quinas pueden procesar datos a una velocidad imposible de alcanzar para los seres humanos. \u201cToda la informaci\u00f3n generada y guardada por la humanidad hasta el a\u00f1o 2003 era de 5 Exabytes, en el a\u00f1o 2010 est\u00e1bamos generando 5 Exabytes de informaci\u00f3n cada dos d\u00edas y en el 2023 generamos 140 mil Exabytes al a\u00f1o que es el equivalente a 384 Exabytes por d\u00eda\u201d.<\/p>\n\n\n\n<p><\/p>\n\n\n\n<blockquote class=\"wp-block-quote is-layout-flow wp-block-quote-is-layout-flow\">\n<p>La Inteligencia Artificial impacta en el \u00e1mbito tecnol\u00f3gico, laboral, en la educaci\u00f3n, la salud, la justicia, la ciencia, etc. Por ello, Facundo brind\u00f3 informaci\u00f3n sobre casos de uso y aplicaci\u00f3n de la IA en dichos \u00e1mbitos y en pa\u00edses como Estados Unidos, China, Canad\u00e1, Alemania, Corea del Sur, entre otros.<\/p>\n<\/blockquote>\n\n\n\n<p><\/p>\n\n\n\n<p>Por \u00faltimo, a trav\u00e9s de su exposici\u00f3n, el licenciado invit\u00f3 a los asistentes a <strong>pensar en los cambios que podr\u00edan acontecer en el mundo del trabajo en un futuro no muy lejano<\/strong>, las consecuencias de la automatizaci\u00f3n en el mercado laboral, la reconversi\u00f3n de muchas empresas, los desaf\u00edos para los trabajadores, el potencial que la IA ofrece en cuanto a la creatividad, las posibilidades que existen para mejorar la educaci\u00f3n, la adaptabilidad, las oportunidades futuras, el rol del Estado Naci\u00f3n en la era de la IA y la reconfiguraci\u00f3n del escenario geopol\u00edtico.<\/p>\n\n\n\n<p><\/p>\n\n\n\n<figure class=\"wp-block-image aligncenter size-full\"><img data-recalc-dims=\"1\" loading=\"lazy\" decoding=\"async\" width=\"800\" height=\"419\" src=\"https:\/\/i0.wp.com\/cdnoticias.com\/wp-content\/uploads\/2024\/11\/facundo-cajen-ia2.png?resize=800%2C419&#038;ssl=1\" alt=\"\" class=\"wp-image-131591\" srcset=\"https:\/\/i0.wp.com\/cdnoticias.com\/wp-content\/uploads\/2024\/11\/facundo-cajen-ia2.png?w=887&amp;ssl=1 887w, https:\/\/i0.wp.com\/cdnoticias.com\/wp-content\/uploads\/2024\/11\/facundo-cajen-ia2.png?resize=300%2C157&amp;ssl=1 300w, https:\/\/i0.wp.com\/cdnoticias.com\/wp-content\/uploads\/2024\/11\/facundo-cajen-ia2.png?resize=768%2C403&amp;ssl=1 768w, https:\/\/i0.wp.com\/cdnoticias.com\/wp-content\/uploads\/2024\/11\/facundo-cajen-ia2.png?resize=390%2C205&amp;ssl=1 390w\" sizes=\"auto, (max-width: 800px) 100vw, 800px\" \/><\/figure>\n\n\n\n<p><\/p>\n","protected":false},"excerpt":{"rendered":"<p>La charla dictada por el Licenciado Facundo Caj\u00e9n tuvo un gran marco de p\u00fablico presente.\u00a0De esta manera, se dio cierre<\/p>\n","protected":false},"author":6,"featured_media":131590,"comment_status":"closed","ping_status":"closed","sticky":false,"template":"","format":"standard","meta":{"_jetpack_memberships_contains_paid_content":false,"footnotes":""},"categories":[5,1],"tags":[],"class_list":["post-131588","post","type-post","status-publish","format-standard","has-post-thumbnail","hentry","category-informacion-general","category-portada"],"jetpack_featured_media_url":"https:\/\/i0.wp.com\/cdnoticias.com\/wp-content\/uploads\/2024\/11\/facundo-cajen-ia3.png?fit=889%2C496&ssl=1","jetpack_sharing_enabled":true,"_links":{"self":[{"href":"https:\/\/cdnoticias.com\/index.php\/wp-json\/wp\/v2\/posts\/131588","targetHints":{"allow":["GET"]}}],"collection":[{"href":"https:\/\/cdnoticias.com\/index.php\/wp-json\/wp\/v2\/posts"}],"about":[{"href":"https:\/\/cdnoticias.com\/index.php\/wp-json\/wp\/v2\/types\/post"}],"author":[{"embeddable":true,"href":"https:\/\/cdnoticias.com\/index.php\/wp-json\/wp\/v2\/users\/6"}],"replies":[{"embeddable":true,"href":"https:\/\/cdnoticias.com\/index.php\/wp-json\/wp\/v2\/comments?post=131588"}],"version-history":[{"count":0,"href":"https:\/\/cdnoticias.com\/index.php\/wp-json\/wp\/v2\/posts\/131588\/revisions"}],"wp:featuredmedia":[{"embeddable":true,"href":"https:\/\/cdnoticias.com\/index.php\/wp-json\/wp\/v2\/media\/131590"}],"wp:attachment":[{"href":"https:\/\/cdnoticias.com\/index.php\/wp-json\/wp\/v2\/media?parent=131588"}],"wp:term":[{"taxonomy":"category","embeddable":true,"href":"https:\/\/cdnoticias.com\/index.php\/wp-json\/wp\/v2\/categories?post=131588"},{"taxonomy":"post_tag","embeddable":true,"href":"https:\/\/cdnoticias.com\/index.php\/wp-json\/wp\/v2\/tags?post=131588"}],"curies":[{"name":"wp","href":"https:\/\/api.w.org\/{rel}","templated":true}]}}