{"id":131586,"date":"2024-11-30T10:13:31","date_gmt":"2024-11-30T13:13:31","guid":{"rendered":"https:\/\/cdnoticias.com\/?p=131586"},"modified":"2024-11-30T10:13:32","modified_gmt":"2024-11-30T13:13:32","slug":"el-mda-inaugura-la-muestra-cierto-limite-incierto","status":"publish","type":"post","link":"https:\/\/cdnoticias.com\/index.php\/2024\/11\/30\/el-mda-inaugura-la-muestra-cierto-limite-incierto\/","title":{"rendered":"El MDA inaugura la muestra \u201cCierto L\u00edmite Incierto\u201d\u00a0"},"content":{"rendered":"\n<p>La muestra del artista visual Aldo Delaude comenzar\u00e1 este domingo 1 de diciembre y contar\u00e1 con la presencia del artista.&nbsp;<\/p>\n\n\n\n<hr class=\"wp-block-separator aligncenter has-alpha-channel-opacity\"\/>\n\n\n\n<p>Este <strong>domingo 1 de diciembre<\/strong> se<strong> inaugura la muestra \u201cCierto L\u00edmite Incierto\u201d <\/strong>del <strong>artista visual Aldo Delaude.<\/strong> Ser\u00e1 a partir de las <strong>19 horas, en el Museo D\u00e1maso Arce<\/strong> con la presencia del artista.\u00a0<\/p>\n\n\n\n<p><\/p>\n\n\n\n<p>La muestra que estar\u00e1 en Sala 2 pone en di\u00e1logo <strong>m\u00e1s de 20 pinturas al \u00f3leo sobre lienzo,<\/strong> donde el artista nos comenta sobre<strong> momentos, instantes y situaciones de la vida cotidiana.<\/strong><\/p>\n\n\n\n<p><\/p>\n\n\n\n<blockquote class=\"wp-block-quote is-layout-flow wp-block-quote-is-layout-flow\">\n<p>Delaude \u2013que es oriundo de la ciudad de Olavarr\u00eda pero hace varios a\u00f1os en Buenos Aires- hace referencia a un pasaje, al origen de una ambig\u00fcedad en la que deja de ser lo que era, para transformarse en otra cosa, y nos convoca a lo lindante, lo fronterizo, lo que pareciera continuo pero que no lo es.<\/p>\n<\/blockquote>\n\n\n\n<p><\/p>\n\n\n\n<p>La ausencia de personas en las obras nos hace pensar si estamos viviendo en esta realidad alejada de la naturaleza y sus elementos. Incluso en espacios conocidos como el hogar, la escuela y las oficinas, podemos sentir esa extra\u00f1a amplitud que nos desconecta de la realidad de la vida, plantea el autor.<\/p>\n\n\n\n<p><\/p>\n\n\n\n<p>El p\u00fablico asistente tambi\u00e9n podr\u00e1 disfrutar de la <strong>propuesta de la sala 2 del Museo<\/strong>, donde se exhibir\u00e1n los <strong>trabajos de los talleres <\/strong>que se dictaron en la instituci\u00f3n durante el ciclo 2024.\u00a0<\/p>\n\n\n\n<p><\/p>\n\n\n\n<p>El Taller de Acuarela y el Taller VEO (Vi\u00f1etas en Olavarr\u00eda), donde concurren adultos y adolescentes, respectivamente, presentar\u00e1n una serie de acuarelas de figura humana, paisajes y retratos, as\u00ed como ilustraciones de diferentes personajes inventados y fan art de otros m\u00e1s conocidos.<\/p>\n\n\n\n<p><\/p>\n\n\n\n<p>Horarios del MDA: martes de 8 a 13 horas, mi\u00e9rcoles y\u00a0 jueves 8 a 17 horas, viernes de 8 a 12 y de 13 a 17 horas, s\u00e1bados, domingos y feriados 16 a 19 horas.<\/p>\n\n\n\n<p><\/p>\n","protected":false},"excerpt":{"rendered":"<p>La muestra del artista visual Aldo Delaude comenzar\u00e1 este domingo 1 de diciembre y contar\u00e1 con la presencia del artista.&nbsp;<\/p>\n","protected":false},"author":6,"featured_media":50370,"comment_status":"closed","ping_status":"closed","sticky":false,"template":"","format":"standard","meta":{"_jetpack_memberships_contains_paid_content":false,"footnotes":""},"categories":[9,1],"tags":[],"class_list":["post-131586","post","type-post","status-publish","format-standard","has-post-thumbnail","hentry","category-cultura","category-portada"],"jetpack_featured_media_url":"https:\/\/i0.wp.com\/cdnoticias.com\/wp-content\/uploads\/2022\/03\/Museo-Damaso-Arce-Drone.jpg?fit=800%2C445&ssl=1","jetpack_sharing_enabled":true,"_links":{"self":[{"href":"https:\/\/cdnoticias.com\/index.php\/wp-json\/wp\/v2\/posts\/131586","targetHints":{"allow":["GET"]}}],"collection":[{"href":"https:\/\/cdnoticias.com\/index.php\/wp-json\/wp\/v2\/posts"}],"about":[{"href":"https:\/\/cdnoticias.com\/index.php\/wp-json\/wp\/v2\/types\/post"}],"author":[{"embeddable":true,"href":"https:\/\/cdnoticias.com\/index.php\/wp-json\/wp\/v2\/users\/6"}],"replies":[{"embeddable":true,"href":"https:\/\/cdnoticias.com\/index.php\/wp-json\/wp\/v2\/comments?post=131586"}],"version-history":[{"count":0,"href":"https:\/\/cdnoticias.com\/index.php\/wp-json\/wp\/v2\/posts\/131586\/revisions"}],"wp:featuredmedia":[{"embeddable":true,"href":"https:\/\/cdnoticias.com\/index.php\/wp-json\/wp\/v2\/media\/50370"}],"wp:attachment":[{"href":"https:\/\/cdnoticias.com\/index.php\/wp-json\/wp\/v2\/media?parent=131586"}],"wp:term":[{"taxonomy":"category","embeddable":true,"href":"https:\/\/cdnoticias.com\/index.php\/wp-json\/wp\/v2\/categories?post=131586"},{"taxonomy":"post_tag","embeddable":true,"href":"https:\/\/cdnoticias.com\/index.php\/wp-json\/wp\/v2\/tags?post=131586"}],"curies":[{"name":"wp","href":"https:\/\/api.w.org\/{rel}","templated":true}]}}