{"id":131548,"date":"2024-11-29T16:10:59","date_gmt":"2024-11-29T19:10:59","guid":{"rendered":"https:\/\/cdnoticias.com\/?p=131548"},"modified":"2024-11-30T10:10:43","modified_gmt":"2024-11-30T13:10:43","slug":"ezequiel-galli-hoy-mas-que-nunca-somos-un-vecinalismo-con-intenciones-de-volver-a-ser-gobierno-en-la-ciudad","status":"publish","type":"post","link":"https:\/\/cdnoticias.com\/index.php\/2024\/11\/29\/ezequiel-galli-hoy-mas-que-nunca-somos-un-vecinalismo-con-intenciones-de-volver-a-ser-gobierno-en-la-ciudad\/","title":{"rendered":"Ezequiel Galli: \u201choy m\u00e1s que nunca somos un vecinalismo con intenciones de volver a ser gobierno en la ciudad\u201d"},"content":{"rendered":"<p>Habl\u00f3 de la actualidad del Pro y el di\u00e1logo con La Libertad Avanza local: \u201clas disidencias son parte del pasado\u201d. Cr\u00edticas a la gesti\u00f3n de Wesner: \u201cen campa\u00f1a prometieron un mont\u00f3n de cosas y hoy toda la culpa parece ser de Milei\u201d.<!--more--><\/p>\n<hr \/>\n<p>El <strong>ex intendente Ezequiel Galli<\/strong> brind\u00f3 una entrevista al programa Levantate por FM Sapiens (102.7) este viernes en el que habl\u00f3 de la actualidad local: <strong>su sector partidario, las relaciones con La Libertad Avanza y las cr\u00edticas a la gesti\u00f3n<\/strong> que encabeza Maximiliano Wesner fueron los ejes de la charla.<\/p>\n<p>Reiter\u00f3 su rol de<strong> \u201carmador\u201d en la S\u00e9ptima secci\u00f3n para el Pro<\/strong>, resalt\u00f3 los nombres en los \u201cliderazgos\u201d, pero <strong>sorprendi\u00f3 con la definici\u00f3n de \u201cvecinalismo\u201d<\/strong> para la labor de su grupo local en una de las primeras entrevistas con fuerte contenido pol\u00edtico que dio en Olavarr\u00eda despu\u00e9s de su salida de la intendencia hace casi un a\u00f1o.<\/p>\n<p><strong>Contrataciones, seguridad ciudadana, salarios municipales, transparencia y estacionamiento medido<\/strong> fueron algunos de los puntos que mencion\u00f3 en su lectura cr\u00edtica de la administraci\u00f3n municipal. <strong>\u201cCuando yo era el intendente la oposici\u00f3n ten\u00eda la receta m\u00e1gica para todo\u201d<\/strong> se quej\u00f3.<\/p>\n<p><strong>De cara al 2025<\/strong>, Ezequiel Galli indic\u00f3 que <strong>su labor central es \u201carmar una S\u00e9ptima secci\u00f3n electoral.<\/strong> Son 8 distritos, hay que moverse, reunirse con un mont\u00f3n de personas para poder hacer un armado coherente y responsable, para el a\u00f1o que viene tener una expectativa de cara a las elecciones tanto a nivel local como a nivel regional\u201d.<\/p>\n<p><img data-recalc-dims=\"1\" loading=\"lazy\" decoding=\"async\" class=\"size-large wp-image-131549 aligncenter\" src=\"https:\/\/i0.wp.com\/cdnoticias.com\/wp-content\/uploads\/2024\/11\/ezequiel-galli-hilario-galli-guillermina-amespil-martin-endere.jpg?resize=800%2C445&#038;ssl=1\" alt=\"\" width=\"800\" height=\"445\" srcset=\"https:\/\/i0.wp.com\/cdnoticias.com\/wp-content\/uploads\/2024\/11\/ezequiel-galli-hilario-galli-guillermina-amespil-martin-endere.jpg?w=800&amp;ssl=1 800w, https:\/\/i0.wp.com\/cdnoticias.com\/wp-content\/uploads\/2024\/11\/ezequiel-galli-hilario-galli-guillermina-amespil-martin-endere.jpg?resize=300%2C167&amp;ssl=1 300w, https:\/\/i0.wp.com\/cdnoticias.com\/wp-content\/uploads\/2024\/11\/ezequiel-galli-hilario-galli-guillermina-amespil-martin-endere.jpg?resize=768%2C427&amp;ssl=1 768w\" sizes=\"auto, (max-width: 800px) 100vw, 800px\" \/><\/p>\n<p>\u201cA m\u00ed me toca ejercer el liderazgo, <strong>aparecen nuevos liderazgos<\/strong> y eso es bueno. Realmente es sano, es importante para el espacio y hay que acompa\u00f1ar\u201d respondi\u00f3. En referencia al Pro de Olavarr\u00eda resalt\u00f3 que \u201csiempre aparecen figuras nuevas. Y algunas no tan nuevas\u201d para se\u00f1alar que<strong> \u201ctenemos, en el caso del Concejo Deliberante, grandes concejales<\/strong> que est\u00e1n haciendo una tarea inmensa. El caso de<strong> Hilario (Galli)<\/strong> que fue Secretario de Gobierno de la Municipalidad e hizo una tarea tremenda. <strong>Guille (Guillermina) Amespil que es de la presidenta de Juntos por Olavarr\u00eda<\/strong> y que la vemos desde el Concejo Deliberante con un compromiso gigante. <strong>Mart\u00edn Endere<\/strong>, diputado de la S\u00e9ptima de nuestro espacio y realmente es alguien de peso pol\u00edtico. Tenemos un mont\u00f3n de figuras que van apareciendo y que el tiempo dir\u00e1 a ver c\u00f3mo cada uno va encontrando su lugar dentro de un equipo de trabajo\u201d.<\/p>\n<blockquote><p>Ezequiel Galli proyect\u00f3 que \u201ctenemos diferentes puntos de vista en algunas cuestiones, pero en ese sentido queremos lo mismo para Olavarr\u00eda: un gobierno que haga realmente bien las cosas como lo ven\u00edamos haciendo. Fuimos viendo cosas que nos preocupan a todos de la misma manera y vamos a trabajar todos alineados para poder volver a ser el gobierno de Olavarr\u00eda\u201d.<\/p><\/blockquote>\n<h3>La relaci\u00f3n con La Libertad Avanza<\/h3>\n<p><strong>\u201cLas disidencias son parte del pasado\u201d<\/strong> subray\u00f3 el ex jefe comunal quien participa de las <strong>charlas con dirigentes de La Libertad Avanza<\/strong>, en el plano local con <strong>Celeste Arouxet y Guillermo Lascano<\/strong> y en el plano provincial con <strong>Alejandro Carrancio<\/strong>. <strong>\u201cTenemos las mismas intenciones y estamos viendo en Olavarr\u00eda cosas que nos preocupan much\u00edsimo\u201d<\/strong> expres\u00f3.<\/p>\n<p>Para ejemplificar apunt\u00f3 a un conflicto declarado a principios de octubre:<strong> \u201cla cantidad de afiliados de IOMA que no tienen cobertura. Cuando yo era el intendente la oposici\u00f3n ten\u00eda la receta m\u00e1gica para todo<\/strong>, para los turnos del hospital, para la mejor prestaci\u00f3n de IOMA, y hoy vemos con preocupaci\u00f3n que hay cantidad de docentes, de jubilados de la provincia, de empleados municipales, de penitenciarios, polic\u00edas, todos sin cobertura m\u00e9dica\u201d.<\/p>\n<p>En segunda instancia mencion\u00f3 como preocupaci\u00f3n compartida con LLA<strong> \u201cla inseguridad que hay en Olavarr\u00eda<\/strong>. Ya ha pasado casi un a\u00f1o y vemos que Olavarr\u00eda reina la inseguridad y no se toman decisiones desde el Ejecutivo local\u201d.<\/p>\n<p><img data-recalc-dims=\"1\" loading=\"lazy\" decoding=\"async\" class=\"size-large wp-image-99527 aligncenter\" src=\"https:\/\/i0.wp.com\/cdnoticias.com\/wp-content\/uploads\/2023\/10\/galli-parque3.jpg?resize=800%2C445&#038;ssl=1\" alt=\"\" width=\"800\" height=\"445\" srcset=\"https:\/\/i0.wp.com\/cdnoticias.com\/wp-content\/uploads\/2023\/10\/galli-parque3-scaled.jpg?resize=1024%2C570&amp;ssl=1 1024w, https:\/\/i0.wp.com\/cdnoticias.com\/wp-content\/uploads\/2023\/10\/galli-parque3-scaled.jpg?resize=300%2C167&amp;ssl=1 300w, https:\/\/i0.wp.com\/cdnoticias.com\/wp-content\/uploads\/2023\/10\/galli-parque3-scaled.jpg?resize=768%2C427&amp;ssl=1 768w, https:\/\/i0.wp.com\/cdnoticias.com\/wp-content\/uploads\/2023\/10\/galli-parque3-scaled.jpg?resize=1536%2C854&amp;ssl=1 1536w, https:\/\/i0.wp.com\/cdnoticias.com\/wp-content\/uploads\/2023\/10\/galli-parque3-scaled.jpg?resize=2048%2C1139&amp;ssl=1 2048w, https:\/\/i0.wp.com\/cdnoticias.com\/wp-content\/uploads\/2023\/10\/galli-parque3-scaled.jpg?resize=800%2C445&amp;ssl=1 800w, https:\/\/i0.wp.com\/cdnoticias.com\/wp-content\/uploads\/2023\/10\/galli-parque3-scaled.jpg?w=1600&amp;ssl=1 1600w, https:\/\/i0.wp.com\/cdnoticias.com\/wp-content\/uploads\/2023\/10\/galli-parque3-scaled.jpg?w=2400&amp;ssl=1 2400w\" sizes=\"auto, (max-width: 800px) 100vw, 800px\" \/><\/p>\n<p>M\u00e1s adelante, indic\u00f3 que<strong> \u201chay p\u00e9simos salarios municipales<\/strong>, que han perdido contra la inflaci\u00f3n y tenemos una paritaria que no se reabre y nosotros siempre apostamos al di\u00e1logo\u201d.<\/p>\n<p>Volvi\u00f3 al di\u00e1logo con los referentes de LLA en Olavarr\u00eda, <strong>\u201ctenemos las mismas ideas, vemos lo mismo para Olavarr\u00eda<\/strong>, vamos a trabajar si es necesario porque es lo que estamos haciendo, tener un di\u00e1logo que no ten\u00edamos. Estamos conversando y dialogando de qu\u00e9 queremos, lo mejor para el futuro, y <strong>podr\u00eda llegar a ser una confluencia o no. No lo sabemos\u201d<\/strong>.<\/p>\n<blockquote><p>\u201cEn el caso de que haya una confluencia el a\u00f1o que viene entre La Libertad Avanza en el caso de Olavarr\u00eda y nuestro espacio pol\u00edtico, que es b\u00e1sicamente Juntos por Olavarr\u00eda, que hoy m\u00e1s que nunca somos un vecinalismo con intenciones de volver a ser gobierno en la ciudad. Vamos a hacer lo que sea necesario para que Olavarr\u00eda vuelva a tener la tranquilidad en un mont\u00f3n de aspectos de la gesti\u00f3n que realmente hoy no est\u00e1 teniendo\u201d sostuvo.<\/p><\/blockquote>\n<h3>El informe de gesti\u00f3n de la jefa de Gabinete<\/h3>\n<p>Acerca de lo sucedido <a href=\"https:\/\/cdnoticias.com\/index.php\/2024\/11\/28\/estamos-dispuestos-a-escuchar-debatir-a-que-nos-critiquen-y-nos-indiquen-que-estamos-haciendo-mal\/\" target=\"_blank\" rel=\"noopener\">este jueves en el HCD<\/a>, Ezequiel Galli valor\u00f3 que <strong>\u201cest\u00e1 buen\u00edsimo que haya ido Mercedes Land\u00edvar al Concejo Deliberante.<\/strong> Es una persona que dentro del esquema municipal <strong>toma gran parte de las decisiones del d\u00eda a d\u00eda<\/strong>. As\u00ed que creo que es importante que d\u00e9 la cara\u201d.<\/p>\n<p><img data-recalc-dims=\"1\" loading=\"lazy\" decoding=\"async\" class=\"aligncenter wp-image-105199\" src=\"https:\/\/i0.wp.com\/cdnoticias.com\/wp-content\/uploads\/2023\/12\/JuraWesnerOlavarria-25.jpg?resize=800%2C531&#038;ssl=1\" alt=\"\" width=\"800\" height=\"531\" srcset=\"https:\/\/i0.wp.com\/cdnoticias.com\/wp-content\/uploads\/2023\/12\/JuraWesnerOlavarria-25.jpg?w=1024&amp;ssl=1 1024w, https:\/\/i0.wp.com\/cdnoticias.com\/wp-content\/uploads\/2023\/12\/JuraWesnerOlavarria-25.jpg?resize=300%2C199&amp;ssl=1 300w, https:\/\/i0.wp.com\/cdnoticias.com\/wp-content\/uploads\/2023\/12\/JuraWesnerOlavarria-25.jpg?resize=768%2C510&amp;ssl=1 768w, https:\/\/i0.wp.com\/cdnoticias.com\/wp-content\/uploads\/2023\/12\/JuraWesnerOlavarria-25.jpg?resize=272%2C182&amp;ssl=1 272w\" sizes=\"auto, (max-width: 800px) 100vw, 800px\" \/><\/p>\n<p>Aclar\u00f3 que \u201cno escuch\u00e9 la alocuci\u00f3n, le\u00ed algunos fragmentos\u201d para describir que \u201chay cuestiones que nos dejan mucha preocupaci\u00f3n. <strong>Que se hable de los empleados cuando est\u00e1n llevando adelante una precarizaci\u00f3n laboral<\/strong>, con <strong>contrataci\u00f3n de monotributistas<\/strong> que es hist\u00f3rica en la Municipalidad y que no tiene precedentes. Hay que hacerse cargo tambi\u00e9n de lo que se est\u00e1 haciendo\u201d.<\/p>\n<p>Consultado acerca de la cantidad de personal contratado como monotributista Galli dijo: \u201cme encantar\u00eda saber el n\u00famero, pero tambi\u00e9n es muy dif\u00edcil porque <strong>lo que era materia de transparencia y acceso a la informaci\u00f3n p\u00fablica que llevamos adelante nosotros como bandera durante ocho a\u00f1os, brilla por su ausencia\u201d<\/strong>. Agreg\u00f3 despu\u00e9s que \u201cqueremos saber cu\u00e1l es la cantidad de empleados p\u00fablicos que se ha tomado en el hospital, <strong>la cantidad de cooperativas que han florecido en Olavarr\u00eda<\/strong>, cooperativas de trabajo que est\u00e1n haci\u00e9ndose cargo de cuestiones de la gesti\u00f3n. Bueno, <strong>todos sabemos que cooperativa en Argentina es sin\u00f3nimo de no licitaci\u00f3n\u201d.<\/strong><\/p>\n<blockquote><p>En el cierre avanz\u00f3 en sus cr\u00edticas a la conducci\u00f3n local: \u201cya llevan un a\u00f1o de gesti\u00f3n, la verdad que hay que hacerse cargo de que en campa\u00f1a prometieron un mont\u00f3n de cosas y hoy toda la culpa parece ser de Milei. Cuando uno hace tantas promesas en campa\u00f1a despu\u00e9s cuando te toca gestionar lo ten\u00e9s que poner arriba de la mesa y llevar adelante\u201d.<\/p><\/blockquote>\n","protected":false},"excerpt":{"rendered":"<p>Habl\u00f3 de la actualidad del Pro y el di\u00e1logo con La Libertad Avanza local: \u201clas disidencias son parte del pasado\u201d.<\/p>\n","protected":false},"author":4,"featured_media":78101,"comment_status":"closed","ping_status":"closed","sticky":false,"template":"","format":"standard","meta":{"_jetpack_memberships_contains_paid_content":false,"footnotes":""},"categories":[4,1],"tags":[],"class_list":["post-131548","post","type-post","status-publish","format-standard","has-post-thumbnail","hentry","category-politica","category-portada"],"jetpack_featured_media_url":"https:\/\/i0.wp.com\/cdnoticias.com\/wp-content\/uploads\/2023\/03\/galli-ezequiel-sec20-03-scaled.jpg?fit=2560%2C1424&ssl=1","jetpack_sharing_enabled":true,"_links":{"self":[{"href":"https:\/\/cdnoticias.com\/index.php\/wp-json\/wp\/v2\/posts\/131548","targetHints":{"allow":["GET"]}}],"collection":[{"href":"https:\/\/cdnoticias.com\/index.php\/wp-json\/wp\/v2\/posts"}],"about":[{"href":"https:\/\/cdnoticias.com\/index.php\/wp-json\/wp\/v2\/types\/post"}],"author":[{"embeddable":true,"href":"https:\/\/cdnoticias.com\/index.php\/wp-json\/wp\/v2\/users\/4"}],"replies":[{"embeddable":true,"href":"https:\/\/cdnoticias.com\/index.php\/wp-json\/wp\/v2\/comments?post=131548"}],"version-history":[{"count":0,"href":"https:\/\/cdnoticias.com\/index.php\/wp-json\/wp\/v2\/posts\/131548\/revisions"}],"wp:featuredmedia":[{"embeddable":true,"href":"https:\/\/cdnoticias.com\/index.php\/wp-json\/wp\/v2\/media\/78101"}],"wp:attachment":[{"href":"https:\/\/cdnoticias.com\/index.php\/wp-json\/wp\/v2\/media?parent=131548"}],"wp:term":[{"taxonomy":"category","embeddable":true,"href":"https:\/\/cdnoticias.com\/index.php\/wp-json\/wp\/v2\/categories?post=131548"},{"taxonomy":"post_tag","embeddable":true,"href":"https:\/\/cdnoticias.com\/index.php\/wp-json\/wp\/v2\/tags?post=131548"}],"curies":[{"name":"wp","href":"https:\/\/api.w.org\/{rel}","templated":true}]}}