{"id":131530,"date":"2024-11-29T19:30:49","date_gmt":"2024-11-29T22:30:49","guid":{"rendered":"https:\/\/cdnoticias.com\/?p=131530"},"modified":"2024-11-29T19:30:51","modified_gmt":"2024-11-29T22:30:51","slug":"el-senador-bucca-se-reunio-con-el-ministro-andres-larroque","status":"publish","type":"post","link":"https:\/\/cdnoticias.com\/index.php\/2024\/11\/29\/el-senador-bucca-se-reunio-con-el-ministro-andres-larroque\/","title":{"rendered":"El senador Bucca se reuni\u00f3 con el ministro Andr\u00e9s Larroque"},"content":{"rendered":"<p>Dialogaron sobre el proyecto de ley que impulsa el bolivarense para garantizar la atenci\u00f3n integral a personas con discapacidad severa. \u201cDimos un paso importante hacia una pol\u00edtica inclusiva y transformadora\u201d dijo.<!--more--><\/p>\n<hr \/>\n<p>El <strong>legislador Eduardo \u201cBali\u201d Bucca<\/strong> y el <strong>ministro de Desarrollo de la Comunidad de la Provincia de Buenos Aires, Andr\u00e9s Larroque<\/strong>, mantuvieron una reuni\u00f3n clave para <strong>avanzar en el proyecto de ley que regula, promueve y garantiza la atenci\u00f3n integral para personas con discapacidad severa<\/strong> y en situaci\u00f3n de dependencia en <strong>centros de d\u00eda, centros educativos terap\u00e9uticos y hogares<\/strong>. Tambi\u00e9n estuvo presente el intendente de Bol\u00edvar, Marcos Pisano.<\/p>\n<p>Durante el encuentro, ambas partes destacaron el <strong>impacto positivo que esta normativa tendr\u00e1 en las familias y en las instituciones<\/strong> que trabajan d\u00eda a d\u00eda con esta problem\u00e1tica. Adem\u00e1s,<strong> se acord\u00f3 una pr\u00f3xima reuni\u00f3n entre los equipos t\u00e9cnicos del Ministerio y el equipo de trabajo de Bucca<\/strong>, para seguir afinando los detalles del proyecto y asegurar su<strong> implementaci\u00f3n efectiva.<\/strong><\/p>\n<blockquote><p>En este sentido, el m\u00e9dico y senador se\u00f1al\u00f3 que \u201cdimos un paso importante hacia una pol\u00edtica inclusiva y transformadora\u201d. Adem\u00e1s destac\u00f3 la importancia de este avance y expres\u00f3: \u201cEste proyecto busca poner en el centro a las personas con discapacidad severa, garantizando su atenci\u00f3n integral y digna, pero tambi\u00e9n aliviando la carga de las familias que muchas veces se ven desbordadas por la falta de recursos. Agradezco al ministro Larroque por la apertura al di\u00e1logo y el compromiso para que esta iniciativa se transforme en una pol\u00edtica p\u00fablica efectiva\u201d.<\/p><\/blockquote>\n<blockquote class=\"twitter-tweet\">\n<p lang=\"es\" dir=\"ltr\">Mantuvimos un encuentro de trabajo junto al intendente de Bol\u00edvar <a href=\"https:\/\/twitter.com\/MarcosEPisano?ref_src=twsrc%5Etfw\">@MarcosEPisano<\/a> y el senador provincial <a href=\"https:\/\/twitter.com\/BuccaBali?ref_src=twsrc%5Etfw\">@BuccaBali<\/a> para analizar la situaci\u00f3n social en el municipio y avanzar en la agenda conjunta.<\/p>\n<p>En la reuni\u00f3n acordamos fortalecer programas del <a href=\"https:\/\/twitter.com\/MinDesarrolloBA?ref_src=twsrc%5Etfw\">@MinDesarrolloBA<\/a> destinados a\u2026 <a href=\"https:\/\/t.co\/nkn6xL1r1j\">pic.twitter.com\/nkn6xL1r1j<\/a><\/p>\n<p>&mdash; Andr\u00e9s Larroque (@larroqueandres) <a href=\"https:\/\/twitter.com\/larroqueandres\/status\/1862170182531105074?ref_src=twsrc%5Etfw\">November 28, 2024<\/a><\/p><\/blockquote>\n<p> <script async src=\"https:\/\/platform.twitter.com\/widgets.js\" charset=\"utf-8\"><\/script><\/p>\n<p>Asimismo, resalt\u00f3 que el rol del Ministerio de Desarrollo de la Comunidad ser\u00e1 fundamental como autoridad de aplicaci\u00f3n de la ley: <strong>\u201cEl Estado tiene que estar presente, regulando y asegurando los recursos necesarios<\/strong> para que estos centros y hogares puedan cumplir con su misi\u00f3n. Estamos trabajando para que esta ley no solo sea aprobada, sino que tenga un impacto real en el d\u00eda a d\u00eda de quienes m\u00e1s lo necesitan. En mi ciudad veo c\u00f3mo el Centro de d\u00eda \u201cAlegr\u00eda\u201d se fue convirtiendo en una instituci\u00f3n fuerte que me gustar\u00eda replicar como ejemplo, a trav\u00e9s de este proyecto, en distintos puntos del interior bonaerense\u201d.<\/p>\n<blockquote><p>Por su parte, Andr\u00e9s Larroque destac\u00f3 la relevancia del proyecto para garantizar derechos y remarc\u00f3 la voluntad de su cartera de seguir trabajando en conjunto, garantizando as\u00ed el compromiso del gobierno provincial en avanzar con este proyecto, que refleja el esp\u00edritu de justicia social que gu\u00eda nuestro trabajo.<\/p><\/blockquote>\n<p>El encuentro entre Bucca y Larroque marca un nuevo hito en el camino hacia la aprobaci\u00f3n e implementaci\u00f3n de esta ley, que busca no solo regular y fortalecer el funcionamiento de los hogares, sino tambi\u00e9n <strong>garantizar la dignidad y el bienestar de las personas con discapacidad severa<\/strong> en todo el territorio bonaerense.<\/p>\n<p>Al margen de la reuni\u00f3n, el legislador bolivarense aprovech\u00f3 para invitar a aquellos ciclistas que vivan en Bol\u00edvar, Azul u Olavarr\u00eda, a participar de la<strong> \u201cPedaleada por la Discapacidad\u201d<\/strong>, a realizarse este s\u00e1bado a las 5:00 en el Centro de D\u00eda Alegr\u00eda, ubicado en Bol\u00edvar, con una parada intermedia en Olavarr\u00eda a las 11:30 en el Hogar de Talleres Protegidos.<\/p>\n<blockquote class=\"wp-embedded-content\" data-secret=\"fguwFGz0Fv\"><p><a href=\"https:\/\/cdnoticias.com\/index.php\/2024\/11\/04\/legislatura-apoyo-para-fortalecer-hogares-para-personas-con-discapacidad-severa\/\">Legislatura: apoyo para fortalecer hogares para personas con discapacidad severa<\/a><\/p><\/blockquote>\n<p><iframe loading=\"lazy\" class=\"wp-embedded-content\" sandbox=\"allow-scripts\" security=\"restricted\" style=\"position: absolute; visibility: hidden;\" title=\"&#8220;Legislatura: apoyo para fortalecer hogares para personas con discapacidad severa&#8221; &#8212; Central de Noticias | Olavarr\u00eda\" src=\"https:\/\/cdnoticias.com\/index.php\/2024\/11\/04\/legislatura-apoyo-para-fortalecer-hogares-para-personas-con-discapacidad-severa\/embed\/#?secret=USI7K9SZQg#?secret=fguwFGz0Fv\" data-secret=\"fguwFGz0Fv\" width=\"600\" height=\"338\" frameborder=\"0\" marginwidth=\"0\" marginheight=\"0\" scrolling=\"no\"><\/iframe><\/p>\n","protected":false},"excerpt":{"rendered":"<p>Dialogaron sobre el proyecto de ley que impulsa el bolivarense para garantizar la atenci\u00f3n integral a personas con discapacidad severa.<\/p>\n","protected":false},"author":4,"featured_media":131533,"comment_status":"closed","ping_status":"closed","sticky":false,"template":"","format":"standard","meta":{"_jetpack_memberships_contains_paid_content":false,"footnotes":""},"categories":[4,1],"tags":[],"class_list":["post-131530","post","type-post","status-publish","format-standard","has-post-thumbnail","hentry","category-politica","category-portada"],"jetpack_featured_media_url":"https:\/\/i0.wp.com\/cdnoticias.com\/wp-content\/uploads\/2024\/11\/bali-bucca-larroque-0.jpg?fit=1000%2C557&ssl=1","jetpack_sharing_enabled":true,"_links":{"self":[{"href":"https:\/\/cdnoticias.com\/index.php\/wp-json\/wp\/v2\/posts\/131530","targetHints":{"allow":["GET"]}}],"collection":[{"href":"https:\/\/cdnoticias.com\/index.php\/wp-json\/wp\/v2\/posts"}],"about":[{"href":"https:\/\/cdnoticias.com\/index.php\/wp-json\/wp\/v2\/types\/post"}],"author":[{"embeddable":true,"href":"https:\/\/cdnoticias.com\/index.php\/wp-json\/wp\/v2\/users\/4"}],"replies":[{"embeddable":true,"href":"https:\/\/cdnoticias.com\/index.php\/wp-json\/wp\/v2\/comments?post=131530"}],"version-history":[{"count":0,"href":"https:\/\/cdnoticias.com\/index.php\/wp-json\/wp\/v2\/posts\/131530\/revisions"}],"wp:featuredmedia":[{"embeddable":true,"href":"https:\/\/cdnoticias.com\/index.php\/wp-json\/wp\/v2\/media\/131533"}],"wp:attachment":[{"href":"https:\/\/cdnoticias.com\/index.php\/wp-json\/wp\/v2\/media?parent=131530"}],"wp:term":[{"taxonomy":"category","embeddable":true,"href":"https:\/\/cdnoticias.com\/index.php\/wp-json\/wp\/v2\/categories?post=131530"},{"taxonomy":"post_tag","embeddable":true,"href":"https:\/\/cdnoticias.com\/index.php\/wp-json\/wp\/v2\/tags?post=131530"}],"curies":[{"name":"wp","href":"https:\/\/api.w.org\/{rel}","templated":true}]}}