{"id":131523,"date":"2024-12-04T08:48:44","date_gmt":"2024-12-04T11:48:44","guid":{"rendered":"https:\/\/cdnoticias.com\/?p=131523"},"modified":"2024-12-04T10:32:24","modified_gmt":"2024-12-04T13:32:24","slug":"se-realizara-el-primer-festival-holistico-encuentro-y-bienestar-en-olavarria","status":"publish","type":"post","link":"https:\/\/cdnoticias.com\/index.php\/2024\/12\/04\/se-realizara-el-primer-festival-holistico-encuentro-y-bienestar-en-olavarria\/","title":{"rendered":"Se realizar\u00e1 el Primer Festival Hol\u00edstico \u201cEncuentro y Bienestar\u201d en Olavarr\u00eda"},"content":{"rendered":"\n<p>Ser\u00e1 el 7 de diciembre en el Parque \u201cHelios Eseverri\u201d, organizado desde la subsecretar\u00eda de Deportes. La actividad es con acceso libre y gratuito. Todas las propuestas.<\/p>\n\n\n\n<hr class=\"wp-block-separator has-alpha-channel-opacity\"\/>\n\n\n\n<p>El <strong>pr\u00f3ximo 7 de diciembre <\/strong>se realizar\u00e1 en el Parque \u201cHelios Eseverri\u201d la <strong>primera edici\u00f3n del Festival Hol\u00edstico \u201cEncuentro y Bienestar\u201d, <\/strong>organizado desde la subsecretar\u00eda de Deportes. La actividad ser\u00e1 de <strong>acceso libre y gratuito<\/strong>, con una variada gama de propuestas que se prolongar\u00e1n durante toda la tarde y hasta la noche inclusive, pensadas para e<strong>xpandir la mente, conectar con el cuerpo y elevar el esp\u00edritu.<\/strong><\/p>\n\n\n\n<p><\/p>\n\n\n\n<p>Todo se iniciar\u00e1 a partir de las 15 horas y <strong>en el predio se dispondr\u00e1 de espacios tanto de actividades como de charlas, adem\u00e1s de un sitio dedicado especialmente a las infancias.<\/strong><\/p>\n\n\n\n<p><\/p>\n\n\n\n<p>De acuerdo con lo que se detall\u00f3, la propuesta tiene como objetivo brindar a la comunidad <strong>diversidad de propuestas que promuevan conectar con el bienestar f\u00edsico, mental y espiritual<\/strong> a trav\u00e9s de pr\u00e1cticas de autoconocimiento, basadas en una mirada hol\u00edstica del ser.<\/p>\n\n\n\n<p><\/p>\n\n\n\n<p>En ese sentido, quienes concurran podr\u00e1n, por un lado, participar de <strong>clases de Yoga Terap\u00e9utico, Tai Chi, Biodanza, Vinyasa Yoga, Movimiento Consciente y Acroyoga.<\/strong><\/p>\n\n\n\n<p><\/p>\n\n\n\n<p>A la par, tambi\u00e9n se ofrecer\u00e1n <strong>charlas sobre Biodecodificaci\u00f3n, Meditaci\u00f3n, Reiki, Comunicaci\u00f3n no violenta, Chamanismo Andino, Numerolog\u00eda, Meditaci\u00f3n, Pranayamas, Alineaci\u00f3n de Chakras, Respiraci\u00f3n Consciente y Meditaci\u00f3n.<\/strong><\/p>\n\n\n\n<p><\/p>\n\n\n\n<p>Por \u00faltimo, el Municipio de Olavarr\u00eda<strong> invita a personas de todas las edades, no solo a personas que conozcan y realicen algunas de estas pr\u00e1cticas, sino tambi\u00e9n para aquellas que deseen conocer y explorar estas disciplinas y terapias.<\/strong><\/p>\n\n\n\n<p><\/p>\n\n\n\n<figure class=\"wp-block-image size-full\"><img data-recalc-dims=\"1\" loading=\"lazy\" decoding=\"async\" width=\"800\" height=\"800\" src=\"https:\/\/i0.wp.com\/cdnoticias.com\/wp-content\/uploads\/2024\/11\/WhatsApp-Image-2024-11-28-at-14.00.09.jpeg?resize=800%2C800&#038;ssl=1\" alt=\"\" class=\"wp-image-131528\" srcset=\"https:\/\/i0.wp.com\/cdnoticias.com\/wp-content\/uploads\/2024\/11\/WhatsApp-Image-2024-11-28-at-14.00.09.jpeg?w=800&amp;ssl=1 800w, https:\/\/i0.wp.com\/cdnoticias.com\/wp-content\/uploads\/2024\/11\/WhatsApp-Image-2024-11-28-at-14.00.09.jpeg?resize=300%2C300&amp;ssl=1 300w, https:\/\/i0.wp.com\/cdnoticias.com\/wp-content\/uploads\/2024\/11\/WhatsApp-Image-2024-11-28-at-14.00.09.jpeg?resize=150%2C150&amp;ssl=1 150w, https:\/\/i0.wp.com\/cdnoticias.com\/wp-content\/uploads\/2024\/11\/WhatsApp-Image-2024-11-28-at-14.00.09.jpeg?resize=768%2C768&amp;ssl=1 768w\" sizes=\"auto, (max-width: 800px) 100vw, 800px\" \/><\/figure>\n\n\n\n<p><\/p>\n\n\n\n<p><strong>Cronograma<\/strong><\/p>\n\n\n\n<p><\/p>\n\n\n\n<p>Las propuestas se iniciar\u00e1n tras una presentaci\u00f3n y apertura oficial, que se realizar\u00e1 a las 15 horas.<\/p>\n\n\n\n<p><\/p>\n\n\n\n<p><strong>15 horas Apertura del Festival<\/strong><\/p>\n\n\n\n<p><\/p>\n\n\n\n<p><strong>Espacio de actividades<\/strong><\/p>\n\n\n\n<p><br>-15:20 horas: Yoga Terap\u00e9utico<\/p>\n\n\n\n<p>-16 horas: Tai Chi<\/p>\n\n\n\n<p>-16:40 horas: Biodanza<\/p>\n\n\n\n<p>-17:20 horas: Vinyasa Yoga<\/p>\n\n\n\n<p>-18 horas: Corte y reuni\u00f3n<\/p>\n\n\n\n<p>-18:20 horas: Yoga<\/p>\n\n\n\n<p>-19 horas: Movimiento Consciente<\/p>\n\n\n\n<p>-19:40 horas: Acroyoga<\/p>\n\n\n\n<p><\/p>\n\n\n\n<p><strong>Espacio de charlas<\/strong><\/p>\n\n\n\n<p><\/p>\n\n\n\n<p>-15:20 horas: Biodecodificaci\u00f3n. \u201cSana a tus ancestros\u201d. Laboratorio Interior<\/p>\n\n\n\n<p>-16 horas: Meditaci\u00f3n<\/p>\n\n\n\n<p>-16:40 horas: Reiki. Comunicaci\u00f3n no violenta<\/p>\n\n\n\n<p>-17:20 horas: Chamanismo Andino. Numerolog\u00eda<\/p>\n\n\n\n<p>-18 horas: Mantra y ensamble<\/p>\n\n\n\n<p>-18:20 horas: Meditaci\u00f3n. Pranayamas<\/p>\n\n\n\n<p>-19 horas: Alineaci\u00f3n de Chakras<\/p>\n\n\n\n<p>-19:40 horas: Respiraci\u00f3n Consciente y Meditaci\u00f3n.<\/p>\n\n\n\n<p>20:30 horas cierre Calmar Zen<\/p>\n","protected":false},"excerpt":{"rendered":"<p>Ser\u00e1 el 7 de diciembre en el Parque \u201cHelios Eseverri\u201d, organizado desde la subsecretar\u00eda de Deportes. La actividad es con<\/p>\n","protected":false},"author":5,"featured_media":131527,"comment_status":"closed","ping_status":"closed","sticky":false,"template":"","format":"standard","meta":{"_jetpack_memberships_contains_paid_content":false,"footnotes":""},"categories":[5,1],"tags":[],"class_list":["post-131523","post","type-post","status-publish","format-standard","has-post-thumbnail","hentry","category-informacion-general","category-portada"],"jetpack_featured_media_url":"https:\/\/i0.wp.com\/cdnoticias.com\/wp-content\/uploads\/2024\/11\/Festival-Holistico-portada.jpg?fit=1280%2C712&ssl=1","jetpack_sharing_enabled":true,"_links":{"self":[{"href":"https:\/\/cdnoticias.com\/index.php\/wp-json\/wp\/v2\/posts\/131523","targetHints":{"allow":["GET"]}}],"collection":[{"href":"https:\/\/cdnoticias.com\/index.php\/wp-json\/wp\/v2\/posts"}],"about":[{"href":"https:\/\/cdnoticias.com\/index.php\/wp-json\/wp\/v2\/types\/post"}],"author":[{"embeddable":true,"href":"https:\/\/cdnoticias.com\/index.php\/wp-json\/wp\/v2\/users\/5"}],"replies":[{"embeddable":true,"href":"https:\/\/cdnoticias.com\/index.php\/wp-json\/wp\/v2\/comments?post=131523"}],"version-history":[{"count":0,"href":"https:\/\/cdnoticias.com\/index.php\/wp-json\/wp\/v2\/posts\/131523\/revisions"}],"wp:featuredmedia":[{"embeddable":true,"href":"https:\/\/cdnoticias.com\/index.php\/wp-json\/wp\/v2\/media\/131527"}],"wp:attachment":[{"href":"https:\/\/cdnoticias.com\/index.php\/wp-json\/wp\/v2\/media?parent=131523"}],"wp:term":[{"taxonomy":"category","embeddable":true,"href":"https:\/\/cdnoticias.com\/index.php\/wp-json\/wp\/v2\/categories?post=131523"},{"taxonomy":"post_tag","embeddable":true,"href":"https:\/\/cdnoticias.com\/index.php\/wp-json\/wp\/v2\/tags?post=131523"}],"curies":[{"name":"wp","href":"https:\/\/api.w.org\/{rel}","templated":true}]}}