{"id":131517,"date":"2024-11-28T20:17:28","date_gmt":"2024-11-28T23:17:28","guid":{"rendered":"https:\/\/cdnoticias.com\/?p=131517"},"modified":"2024-11-29T09:33:25","modified_gmt":"2024-11-29T12:33:25","slug":"estamos-dispuestos-a-escuchar-debatir-a-que-nos-critiquen-y-nos-indiquen-que-estamos-haciendo-mal","status":"publish","type":"post","link":"https:\/\/cdnoticias.com\/index.php\/2024\/11\/28\/estamos-dispuestos-a-escuchar-debatir-a-que-nos-critiquen-y-nos-indiquen-que-estamos-haciendo-mal\/","title":{"rendered":"\u201cEstamos dispuestos a escuchar, debatir, a que nos critiquen y nos indiquen que estamos haciendo mal\u201d"},"content":{"rendered":"\n<p>La Jefa de Gabinete realiz\u00f3 su informe de gesti\u00f3n que dur\u00f3 m\u00e1s de 6 horas. La asistencia social, la situaci\u00f3n de La M\u00e1xima, Vecinos en Red, inseguridad, Estacionamiento Medido y otros temas. Critic\u00f3 publicaciones en redes sociales de la oposici\u00f3n durante un cuarto intermedio.<\/p>\n\n\n\n<!--more-->\n\n\n\n<hr class=\"wp-block-separator aligncenter has-alpha-channel-opacity\"\/>\n\n\n\n<p>En la parte final del <strong>extenso informe de gesti\u00f3n de la Jefa de Gabinete Mercedes Land\u00edvar<\/strong>, hubo espacio para responder a la oposici\u00f3n que hizo publicaciones en redes sociales durante un cuarto intermedio, recordar causas judiciales que tuvo la gesti\u00f3n anterior y hablar de Estacionamiento Medido, GIRO, Seguridad, entre otros temas.<\/p>\n\n\n\n<p>En cuanto a la<strong> asistencia alimentaria, pregunta realizada por el PRO, dijo que en su momento fueron \u201cmuy cr\u00edticos\u201d y al asumir la gesti\u00f3n \u201cvimos que no ten\u00eda escrito nada, pero nada, del Programa Alimentario Municipal\u201d. <\/strong>\u201cUna pol\u00edtica p\u00fablica tan importante no estaba ni configurada como tal\u201d.<\/p>\n\n\n\n<p><em><strong>\u201cPor eso sucedieron las cosas que sucedieron\u201d <\/strong><\/em>se\u00f1al\u00f3, al recordar la causa penal por desv\u00edo de fondos de tarjeta Cabal, de vales por alimentos y cobro de pasajes de larga distancia. Denunci\u00f3 que, puntualmente, \u201cse adulteraban montos de las tarjetas, retiraban materiales de construcci\u00f3n de corralones y los hac\u00edan llevar a sus domicilios\u201d.<\/p>\n\n\n\n<p><em><strong>\u201cEstamos siguiendo activamente lo que sucede con la causa penal\u201d.<\/strong><\/em> Tras insistir en que no hab\u00eda ning\u00fan control y que hab\u00eda personas que no estaban asignadas a ning\u00fan Servicio Territorial, <em>\u201cestamos por plasmar esta pol\u00edtica p\u00fablica en un decreto, como tiene que ser, para que estas cosas no vuelvan a suceder, y si suceden, que se retiren inmediatamente de la gesti\u00f3n\u201d.<\/em><\/p>\n\n\n\n<blockquote class=\"wp-block-quote is-layout-flow wp-block-quote-is-layout-flow\">\n<p>Se\u00f1al\u00f3 que hay 5 mil familias asistidas, lo que da un promedio de 20 mil personas asistidas en total en el Partido de Olavarr\u00eda con todos los programas sociales.<\/p>\n<\/blockquote>\n\n\n\n<p>Cambiando de tema,<strong> Land\u00edvar dijo que \u201cest\u00e1 bien\u201d que preocupen \u201clas muertes de animales en La M\u00e1xima\u201d<\/strong> pero \u201ctambi\u00e9n deber\u00edamos preocuparnos por otras cosas que pasaron en La M\u00e1xima\u201d y<strong> enumer\u00f3 maltrato animal, una causa por abuso, sumariados, contrabandos de alimentos<\/strong>, \u201cun mont\u00f3n de cosas oscuras que pasaron y nadie advirti\u00f3\u201d.<strong> Denunci\u00f3, como novedad, que hubo \u201cpr\u00e9stamos de animales\u201d en comodato que nunca fueron devueltos ni queda claro qui\u00e9nes eran los productores. \u201cSon animales del Municipio\u201d dijo y cuestion\u00f3 que de todas estas cuestiones \u201cno hay denuncias\u201d.<\/strong><\/p>\n\n\n\n<p>Despu\u00e9s,<strong> hizo menci\u00f3n a m\u00e1s de una docena de animales fallecidos de diversas razones, entre ellas se\u00f1al\u00f3 que la boa pit\u00f3n muri\u00f3 \u201cde un paro cardiorrespiratorio\u201d.<\/strong><\/p>\n\n\n\n<p>Por la situaci\u00f3n en Sierra Chica con m\u00faltiples envenenamientos de perros,<strong> Land\u00edvar denunci\u00f3 que m\u00e1s all\u00e1 de que la investigaci\u00f3n judicial avanza, el sistema de c\u00e1maras de Sierra Chica es DVR inal\u00e1mbrico y no tiene dispositivo de grabaci\u00f3n y registro de las im\u00e1genes.<\/strong><\/p>\n\n\n\n<figure class=\"wp-block-image size-large\"><img data-recalc-dims=\"1\" loading=\"lazy\" decoding=\"async\" width=\"800\" height=\"502\" src=\"https:\/\/i0.wp.com\/cdnoticias.com\/wp-content\/uploads\/2024\/11\/WhatsApp-Image-2024-11-28-at-19.10.28.jpeg?resize=800%2C502&#038;ssl=1\" alt=\"\" class=\"wp-image-131519\" srcset=\"https:\/\/i0.wp.com\/cdnoticias.com\/wp-content\/uploads\/2024\/11\/WhatsApp-Image-2024-11-28-at-19.10.28.jpeg?resize=1024%2C642&amp;ssl=1 1024w, https:\/\/i0.wp.com\/cdnoticias.com\/wp-content\/uploads\/2024\/11\/WhatsApp-Image-2024-11-28-at-19.10.28.jpeg?resize=300%2C188&amp;ssl=1 300w, https:\/\/i0.wp.com\/cdnoticias.com\/wp-content\/uploads\/2024\/11\/WhatsApp-Image-2024-11-28-at-19.10.28.jpeg?resize=768%2C481&amp;ssl=1 768w, https:\/\/i0.wp.com\/cdnoticias.com\/wp-content\/uploads\/2024\/11\/WhatsApp-Image-2024-11-28-at-19.10.28.jpeg?w=1280&amp;ssl=1 1280w\" sizes=\"auto, (max-width: 800px) 100vw, 800px\" \/><\/figure>\n\n\n\n<p>De all\u00ed, deriv\u00f3 a la situaci\u00f3n de patrullajes de seguridad: confirm\u00f3 que <strong>aumentaron un 30% el abastecimiento de combustible a todas las dependencias, y que sum\u00f3 dependencias policiales por la UTOI. <\/strong>Tambi\u00e9n hizo menci\u00f3n al trabajo puntual que realizar\u00e1n con inmobiliarias despu\u00e9s de una ola de robos.<\/p>\n\n\n\n<p>Confirm\u00f3 que <strong>Ojos en Alerta ahora se llamar\u00e1 Vecinos en Red<\/strong>, y que el t\u00e9rmino anterior involucraba un gasto en dinero, porque estaba registrado a nombre de una ONG, a la que hab\u00eda que pagarle por usar el nombre.<strong> Un dato clarificador importante es que la renuncia de Cristian Saut\u00fa como Director de Seguridad \u201cresponde a motivos personales y nada tiene que ver con casos de corrupci\u00f3n en la subcomisar\u00eda de Loma Negra\u201d.<\/strong><\/p>\n\n\n\n<p>En torno a cifras de delitos y mapas, se\u00f1al\u00f3 que desde el inicio de la gesti\u00f3n se ha confeccionado.<strong> Hay 11980 alertas en lo que va del a\u00f1o en el Centro de Monitoreo. 24459 alertas en total: disturbios, transito, alarmas y delitos la mayor parte de ellos.<\/strong><\/p>\n\n\n\n<p><em><strong>\u201cHay un mont\u00f3n de c\u00e1maras colocadas que no funcionaban\u201d.<\/strong><\/em> De 234 instaladas en el ejido urbano<strong>, 33 son c\u00e1maras fantasmas colocadas entre el 2022 y 2023, que no est\u00e1n conectadas al centro de Monitoreo.<\/strong><\/p>\n\n\n\n<p>Al volver de un cuarto intermedio,<strong> Land\u00edvar reproch\u00f3 algunas publicaciones de la oposici\u00f3n en redes sociales.<\/strong> <em>\u201cEl ejercicio de la oposici\u00f3n tiene que ser responsable, dicen \u2018117 militantes monotributistas\u2019 dej\u00e9monos de joder\u2026hubo muchos que tambi\u00e9n prestaron servicio para la gesti\u00f3n anterior. No le mintamos a la gente. Eso en alg\u00fan momento se diluye\u201d.<\/em><\/p>\n\n\n\n<blockquote class=\"wp-block-quote is-layout-flow wp-block-quote-is-layout-flow\">\n<p>\u201cEst\u00e1 bueno ser oposici\u00f3n, tirar palos, cr\u00edticas y todo, pero no con falsedades. Busquemos la informaci\u00f3n respaldatoria. No digamos cualquier cosa. \u00bfqu\u00e9 traen a la ciudad? \u00bfQu\u00e9 aportan a la Secci\u00f3n que pertenecemos? Pueden criticar, proponer, estar en desacuerdo, pero hay que trabajar para la comunidad. Salvo que sea el odio por el odio\u201d.<\/p>\n<\/blockquote>\n\n\n\n<p>Estacionamiento Medido. Tras se\u00f1alar que es \u201ctodo un tema\u201d <strong>pidi\u00f3 recordar que Soluparking es \u201cuna empresa fantasma\u201d <\/strong>que \u201cse fue y dej\u00f3 en banda a un mont\u00f3n de trabajadores\u201d. \u201cAdem\u00e1s se la llevaba toda, excepto el canon de Bomberos\u201d. El Estacionamiento Medido hoy &#8220;es sustentable, podemos pagarle los salarios a los trabajadores y tenemos un ingreso m\u00e1s, que lo necesitamos.<strong> Tiene 29 mil usuarios, 762 frentistas exentos, 1004 son exentos por ser personas con discapacidad&#8221;<\/strong>. Despu\u00e9s mencion\u00f3 m\u00e1s de un centenar de exentos por servicios, entre ellos los de Prensa. \u00a0<\/p>\n\n\n\n<p>Con respecto a la situaci\u00f3n laboral de los trabajadores, los incluy\u00f3 en el anexo con detalles.<strong> El contrato firmado con la Universidad Nacional de La Plata, por su parte, cuesta un m\u00ednimo de \u201c4500 estacionamientos medidos al mes\u201d.<\/strong><\/p>\n\n\n\n<p>En uno de los \u00faltimos temas, <strong>habl\u00f3 de GIRO, sistema del cual se\u00f1al\u00f3 que \u201cnunca fue suspendido\u201d <\/strong>y valor\u00f3 el ingreso de la Cooperativa Viento en Contra tras la salida de la fundaci\u00f3n McKensey. \u201cEs impresionante ver el laburo de quienes saben hacerlo, los recolectores urbanos y brindan este tipo de servicios. Se nota mucho la diferencia entre este servicio y el anterior. Fuimos muy cr\u00edticos con lo anterior, pero para ser cr\u00edticos tenemos que tener alternativas superadoras\u201d.<\/p>\n\n\n\n<p><strong>Dijo que McKensey insisti\u00f3 en instalarse en la ciudad \u201cy no lo vamos a hacer\u201d porque \u201cesas fundaciones que tienen causas penales como las tienen en CABA por defraudaci\u00f3n y no se sabe de d\u00f3nde provienen los fondos no queremos ese tipo de convenios\u201d.<\/strong><\/p>\n\n\n\n<p>Despu\u00e9s de se\u00f1alar varias cuestiones econ\u00f3micas y confirmar que <strong>el sistema de Tasas continuar\u00e1 con probables subas por el IPC del Indec aunque \u201cir\u00e1n monitoreando\u201d la forma y los montos de incremento finaliz\u00f3 las preguntas e hizo un balance y un pedido a la oposici\u00f3n.<\/strong><\/p>\n\n\n\n<blockquote class=\"wp-block-quote is-layout-flow wp-block-quote-is-layout-flow\">\n<p>\u201cEstamos dispuestos a escuchar, debatir, a que nos critiquen y nos indiquen que estamos haciendo mal, a que nos propongan, a que nos auditen, nos observen, nos expresen si est\u00e1n viendo que algo se est\u00e1 haciendo mal, no vamos a sostener a personas por el solo hecho de no reconocer, no vamos a no corregir errores por el solo hecho de no dar el brazo a torcer\u201d.<\/p>\n<\/blockquote>\n\n\n\n<p><em><strong>\u201cNos tenemos que dar una discusi\u00f3n sincera de qui\u00e9n es la casta, que no es el Pueblo que la est\u00e1 pasando mal, tampoco quienes sentimos a la pol\u00edtica como herramienta de transformaci\u00f3n\u201d<\/strong><\/em> dijo, e incluy\u00f3<em><strong> \u201ca dirigentes de todas las fuerzas pol\u00edticas\u201d.<\/strong><\/em><\/p>\n\n\n\n<p>Tras se\u00f1alar el trabajo que hicieron como oposici\u00f3n local pero oficialismo provincial y nacional, Land\u00edvar se\u00f1al\u00f3 que <em>\u201cno siempre hay que tener la vocaci\u00f3n de ocupar un lugar y vivir del Estado para tener un sueldo. Esa es la verdadera vocaci\u00f3n de servicio\u201d.<\/em><\/p>\n\n\n\n<p><em><strong>\u201cSer oposici\u00f3n tambi\u00e9n es pensar en la comunidad\u201d,<\/strong><\/em> concluy\u00f3.<\/p>\n\n\n\n<p><\/p>\n","protected":false},"excerpt":{"rendered":"<p>La Jefa de Gabinete realiz\u00f3 su informe de gesti\u00f3n que dur\u00f3 m\u00e1s de 6 horas. La asistencia social, la situaci\u00f3n<\/p>\n","protected":false},"author":2,"featured_media":131518,"comment_status":"closed","ping_status":"closed","sticky":false,"template":"","format":"standard","meta":{"_jetpack_memberships_contains_paid_content":false,"footnotes":""},"categories":[4,1],"tags":[],"class_list":["post-131517","post","type-post","status-publish","format-standard","has-post-thumbnail","hentry","category-politica","category-portada"],"jetpack_featured_media_url":"https:\/\/i0.wp.com\/cdnoticias.com\/wp-content\/uploads\/2024\/11\/WhatsApp-Image-2024-11-28-at-19.10.32.jpeg?fit=1280%2C824&ssl=1","jetpack_sharing_enabled":true,"_links":{"self":[{"href":"https:\/\/cdnoticias.com\/index.php\/wp-json\/wp\/v2\/posts\/131517","targetHints":{"allow":["GET"]}}],"collection":[{"href":"https:\/\/cdnoticias.com\/index.php\/wp-json\/wp\/v2\/posts"}],"about":[{"href":"https:\/\/cdnoticias.com\/index.php\/wp-json\/wp\/v2\/types\/post"}],"author":[{"embeddable":true,"href":"https:\/\/cdnoticias.com\/index.php\/wp-json\/wp\/v2\/users\/2"}],"replies":[{"embeddable":true,"href":"https:\/\/cdnoticias.com\/index.php\/wp-json\/wp\/v2\/comments?post=131517"}],"version-history":[{"count":0,"href":"https:\/\/cdnoticias.com\/index.php\/wp-json\/wp\/v2\/posts\/131517\/revisions"}],"wp:featuredmedia":[{"embeddable":true,"href":"https:\/\/cdnoticias.com\/index.php\/wp-json\/wp\/v2\/media\/131518"}],"wp:attachment":[{"href":"https:\/\/cdnoticias.com\/index.php\/wp-json\/wp\/v2\/media?parent=131517"}],"wp:term":[{"taxonomy":"category","embeddable":true,"href":"https:\/\/cdnoticias.com\/index.php\/wp-json\/wp\/v2\/categories?post=131517"},{"taxonomy":"post_tag","embeddable":true,"href":"https:\/\/cdnoticias.com\/index.php\/wp-json\/wp\/v2\/tags?post=131517"}],"curies":[{"name":"wp","href":"https:\/\/api.w.org\/{rel}","templated":true}]}}