{"id":131474,"date":"2024-11-28T13:30:57","date_gmt":"2024-11-28T16:30:57","guid":{"rendered":"https:\/\/cdnoticias.com\/?p=131474"},"modified":"2024-11-28T13:31:19","modified_gmt":"2024-11-28T16:31:19","slug":"forasteros-reafirma-su-gran-momento-presentando-el-nuevo-ep-viento-a-favor","status":"publish","type":"post","link":"https:\/\/cdnoticias.com\/index.php\/2024\/11\/28\/forasteros-reafirma-su-gran-momento-presentando-el-nuevo-ep-viento-a-favor\/","title":{"rendered":"Forasteros reafirma su gran momento presentando el nuevo EP \u201cViento a favor\u201d"},"content":{"rendered":"\n<p>La banda olavarriense conocida por fusionar fiesta y rock desde sus inicios, da un nuevo paso en su trayectoria musical con el lanzamiento de su EP de tres canciones.<\/p>\n\n\n\n<hr class=\"wp-block-separator aligncenter has-alpha-channel-opacity\"\/>\n\n\n\n<p>Tras una serie de shows con gran marco y recepci\u00f3n del p\u00fablico,<strong> Forasteros presenta su nuevo EP \u201cViento a favor\u201d con tres canciones que renuevan su amplio repertorio musical y avanzan en su carrera de m\u00e1s de una d\u00e9cada en los escenarios.<\/strong><\/p>\n\n\n\n<p>El EP, catalogado como una<strong><em> \u201ccatarsis musical\u201d<\/em><\/strong>, representa <em>\u201cuna liberaci\u00f3n emocional y creativa para la banda, explora situaciones intensas que los integrantes transformaron en letras profundas y melod\u00edas memorables\u201d.<\/em><\/p>\n\n\n\n<p>En este EP<em><strong> \u201cencontramos una liberaci\u00f3n por parte de los que escribimos y componemos. En cada una de estas letras se liberan situaciones emocionalmente fuertes que hemos vivido y la m\u00fasica es una vez m\u00e1s nuestra forma de hacerlo\u201d<\/strong><\/em> indic\u00f3 la banda en su presentaci\u00f3n.<\/p>\n\n\n\n<p>Entre las canciones destaca <strong>Viento a favor<\/strong>, una pieza que sorprende con un tempo m\u00e1s pausado, alej\u00e1ndose de su caracter\u00edstico estilo rockero.<em><strong> \u201cEs una invitaci\u00f3n a bajar un cambio y a tocar algo distinto\u201d<\/strong><\/em>, se\u00f1al\u00f3 Tise, subrayando la versatilidad de la banda.<\/p>\n\n\n\n<p class=\"has-large-font-size\">La producci\u00f3n<\/p>\n\n\n\n<p>El trabajo cont\u00f3 con la <strong>producci\u00f3n musical de Nicol\u00e1s Martin y la banda, grabado, mezclado y masterizado en Estudio La Rosca Records<\/strong> (Olavarr\u00eda, Buenos Aires).<\/p>\n\n\n\n<p>Recordemos que los<strong> integrantes <\/strong>son Emmanuel Tisera en bajo y voz, Nicol\u00e1s Mart\u00edn en guitarras el\u00e9ctricas, ac\u00fasticas y coros, Rodrigo Gonz\u00e1lez en guitarras el\u00e9ctricas, Mat\u00edas Alladio en bater\u00eda y coros, y en el equipo t\u00e9cnico de grabaci\u00f3n particip\u00f3 Ernesto Mariano Carro junto a Franco Fitte como Drum doctor.<\/p>\n\n\n\n<p>Adem\u00e1s, las gr\u00e1ficas, video lyrics y animaciones estuvieron a cargo de Fer Vener, <strong>desarrollador de contenidos multimedia, dando un complemento visual \u00fanico al lanzamiento.<\/strong><\/p>\n\n\n\n<p>El EP ya est\u00e1 disponible en las principales plataformas de streaming. Segu\u00ed a Forasteros en sus redes sociales para no perderte las novedades:<\/p>\n\n\n\n<p>\u25cf Instagram: <a href=\"https:\/\/www.instagram.com\/forasterosblues\/\" target=\"_blank\" rel=\"noreferrer noopener\">@forasterosblues<\/a><\/p>\n\n\n\n<p>\u25cf Facebook: <a href=\"https:\/\/www.facebook.com\/ForasterosBluesOk\" target=\"_blank\" rel=\"noreferrer noopener\">@forasterosbluesok<\/a><\/p>\n\n\n\n<p>\u25cf Escuchalo ac\u00e1:<\/p>\n\n\n\n<figure class=\"wp-block-embed is-type-rich is-provider-spotify wp-block-embed-spotify wp-embed-aspect-21-9 wp-has-aspect-ratio\"><div class=\"wp-block-embed__wrapper\">\n<iframe title=\"Spotify Embed: Viento a favor\" style=\"border-radius: 12px\" width=\"100%\" height=\"352\" frameborder=\"0\" allowfullscreen allow=\"autoplay; clipboard-write; encrypted-media; fullscreen; picture-in-picture\" loading=\"lazy\" src=\"https:\/\/open.spotify.com\/embed\/album\/1OAxROl1j3x6j4umnCQoym?si=iCJtDFcTQ1KkLsOu&#038;utm_source=oembed\"><\/iframe>\n<\/div><\/figure>\n\n\n\n<p><strong>\u00a1No te pierdas la oportunidad de descubrir este nuevo cap\u00edtulo musical de Forasteros, donde la energ\u00eda y la emoci\u00f3n se encuentran en cada acorde!<\/strong><\/p>\n\n\n\n<p><\/p>\n","protected":false},"excerpt":{"rendered":"<p>La banda olavarriense conocida por fusionar fiesta y rock desde sus inicios, da un nuevo paso en su trayectoria musical<\/p>\n","protected":false},"author":5,"featured_media":131475,"comment_status":"closed","ping_status":"closed","sticky":false,"template":"","format":"standard","meta":{"_jetpack_memberships_contains_paid_content":false,"footnotes":""},"categories":[9,1],"tags":[],"class_list":["post-131474","post","type-post","status-publish","format-standard","has-post-thumbnail","hentry","category-cultura","category-portada"],"jetpack_featured_media_url":"https:\/\/i0.wp.com\/cdnoticias.com\/wp-content\/uploads\/2024\/11\/WhatsApp-Image-2024-11-27-at-22.11.46-scaled.jpeg?fit=2560%2C1706&ssl=1","jetpack_sharing_enabled":true,"_links":{"self":[{"href":"https:\/\/cdnoticias.com\/index.php\/wp-json\/wp\/v2\/posts\/131474","targetHints":{"allow":["GET"]}}],"collection":[{"href":"https:\/\/cdnoticias.com\/index.php\/wp-json\/wp\/v2\/posts"}],"about":[{"href":"https:\/\/cdnoticias.com\/index.php\/wp-json\/wp\/v2\/types\/post"}],"author":[{"embeddable":true,"href":"https:\/\/cdnoticias.com\/index.php\/wp-json\/wp\/v2\/users\/5"}],"replies":[{"embeddable":true,"href":"https:\/\/cdnoticias.com\/index.php\/wp-json\/wp\/v2\/comments?post=131474"}],"version-history":[{"count":0,"href":"https:\/\/cdnoticias.com\/index.php\/wp-json\/wp\/v2\/posts\/131474\/revisions"}],"wp:featuredmedia":[{"embeddable":true,"href":"https:\/\/cdnoticias.com\/index.php\/wp-json\/wp\/v2\/media\/131475"}],"wp:attachment":[{"href":"https:\/\/cdnoticias.com\/index.php\/wp-json\/wp\/v2\/media?parent=131474"}],"wp:term":[{"taxonomy":"category","embeddable":true,"href":"https:\/\/cdnoticias.com\/index.php\/wp-json\/wp\/v2\/categories?post=131474"},{"taxonomy":"post_tag","embeddable":true,"href":"https:\/\/cdnoticias.com\/index.php\/wp-json\/wp\/v2\/tags?post=131474"}],"curies":[{"name":"wp","href":"https:\/\/api.w.org\/{rel}","templated":true}]}}