{"id":131459,"date":"2024-11-28T11:40:24","date_gmt":"2024-11-28T14:40:24","guid":{"rendered":"https:\/\/cdnoticias.com\/?p=131459"},"modified":"2024-11-28T15:35:55","modified_gmt":"2024-11-28T18:35:55","slug":"simulacro-en-la-escuela-4-era-un-desafio-ver-como-podemos-proceder-ante-una-evacuacion-total","status":"publish","type":"post","link":"https:\/\/cdnoticias.com\/index.php\/2024\/11\/28\/simulacro-en-la-escuela-4-era-un-desafio-ver-como-podemos-proceder-ante-una-evacuacion-total\/","title":{"rendered":"Simulacro en la Escuela 4: \u201cera un desaf\u00edo ver c\u00f3mo podemos proceder ante una evacuaci\u00f3n total\u201d"},"content":{"rendered":"\n<p>Lo destac\u00f3 la directora del establecimiento ante la implementaci\u00f3n de un plan de emergencia. El simulacro estuvo a cargo de la Direcci\u00f3n de Defensa Civil del Municipio.<\/p>\n\n\n\n<hr class=\"wp-block-separator has-alpha-channel-opacity\"\/>\n\n\n\n<p>Este jueves por la ma\u00f1ana en la Escuela Primaria N\u00b0 4, ubicada en el barrio Pueblo Nuevo, se llev\u00f3 a cabo un <strong>simulacro de evacuaci\u00f3n, a cargo de la Direcci\u00f3n de Defensa Civil, como cierre del Programa de Gesti\u00f3n de Riesgo en las Escuelas (GIRE).<\/strong><\/p>\n\n\n\n<p><\/p>\n\n\n\n<p>La actividad cont\u00f3 con la participaci\u00f3n de estudiantes, personal docente y auxiliar y consisti\u00f3 en la <strong>simulaci\u00f3n de un incendio en una de las aulas del establecimiento<\/strong>, ubicado en calle San Mart\u00edn 2009.<\/p>\n\n\n\n<p><\/p>\n\n\n\n<p>En el marco de la jornada se hicieron presentes la Jefa Regional de Educaci\u00f3n Marta Casanella, la directora de Escuela N\u00ba 4 Josefina Ponce, el director de Defensa Civil Adri\u00e1n Guevara, e inspectoras de nivel primario.<\/p>\n\n\n\n<p><\/p>\n\n\n\n<p>Cabe destacar que durante el ciclo lectivo 2024 se desarroll\u00f3 el <strong>Programa GIRE<\/strong> como una iniciativa entre la Jefatura de Educaci\u00f3n Regi\u00f3n N\u00b0 25, Jefatura Distrital de Olavarr\u00eda, el Comit\u00e9 Mixto Distrital y el Municipio de Olavarr\u00eda.<\/p>\n\n\n\n<p><\/p>\n\n\n\n<figure class=\"wp-block-image size-full\"><img data-recalc-dims=\"1\" loading=\"lazy\" decoding=\"async\" width=\"800\" height=\"445\" src=\"https:\/\/i0.wp.com\/cdnoticias.com\/wp-content\/uploads\/2024\/11\/simulacro-1-scaled-1.jpg?resize=800%2C445&#038;ssl=1\" alt=\"\" class=\"wp-image-131460\" srcset=\"https:\/\/i0.wp.com\/cdnoticias.com\/wp-content\/uploads\/2024\/11\/simulacro-1-scaled-1.jpg?w=800&amp;ssl=1 800w, https:\/\/i0.wp.com\/cdnoticias.com\/wp-content\/uploads\/2024\/11\/simulacro-1-scaled-1.jpg?resize=300%2C167&amp;ssl=1 300w, https:\/\/i0.wp.com\/cdnoticias.com\/wp-content\/uploads\/2024\/11\/simulacro-1-scaled-1.jpg?resize=768%2C427&amp;ssl=1 768w\" sizes=\"auto, (max-width: 800px) 100vw, 800px\" \/><\/figure>\n\n\n\n<p><\/p>\n\n\n\n<p>En este sentido, a lo largo del a\u00f1o se concretaron una serie de<strong> encuentros y capacitaciones<\/strong> destinadas a inspectores, directivos y docentes de todos los niveles y modalidades de gesti\u00f3n p\u00fablica y privada, a cargo de Adri\u00e1n Guevara, director de Defensa Civil del Municipio.<\/p>\n\n\n\n<p><\/p>\n\n\n\n<p>En esta etapa, el objetivo de la propuesta fue centralmente la<strong> revisi\u00f3n de los planes de riesgo por parte de los establecimientos educativos, teniendo en cuenta que ante los eventos meteorol\u00f3gicos que afectaron la ciudad a fines del 2023<\/strong> se puso en evidencia la falta de criterios comunes y previsiones de los establecimientos ante este tipo de eventos y tambi\u00e9n la falta de gesti\u00f3n integral del riesgo, que motiv\u00f3 a la planificaci\u00f3n estrat\u00e9gica de estas intervenciones.<\/p>\n\n\n\n<p><\/p>\n\n\n\n<p>\u201c<strong>En el marco de un programa que se inici\u00f3 a principio de a\u00f1o con Defensa Civil, articulado con Jefatura Regional, se dispuso poner en pr\u00e1ctica un programa del Ministerio de Educaci\u00f3n denominado GIRE (Gesti\u00f3n Integral de Riesgos en las Escuelas)<\/strong>. Se brindaron capacitaciones a todos los establecimientos educativos de distintos niveles del Partido de Olavarr\u00eda, y hoy se inicia en la parte de las pr\u00e1cticas para establecer todos los criterios que cada uno de los establecimientos dispuso en sus planes de emergencias\u201d, explic\u00f3 Adri\u00e1n Guevara, director de Defensa Civil del Municipio de Olavarr\u00eda.<\/p>\n\n\n\n<p><\/p>\n\n\n\n<blockquote class=\"wp-block-quote is-layout-flow wp-block-quote-is-layout-flow\">\n<p>\u201cLa idea es que todos los establecimientos del Partido puedan llegar a tener este tipo de operativo, para saber si lo que confeccionaron, lo que estudiaron y se comunic\u00f3 entre los integrantes de los establecimientos funciona. Es la \u00fanica manera de saber si la parte te\u00f3rica articula con la pr\u00e1ctica, por eso es la necesidad de realizar este tipo de ejercicios\u201d, indic\u00f3 Guevara. <\/p>\n<\/blockquote>\n\n\n\n<p><\/p>\n\n\n\n<p>Por \u00faltimo, destac\u00f3 la <strong>participaci\u00f3n de bomberos<\/strong> \u201csiempre articulamos con Bomberos Voluntarios que hacen de veedores para observar el desenvolvimiento de cada una de las personas\u201d.<\/p>\n\n\n\n<p><\/p>\n\n\n\n<figure class=\"wp-block-image size-full\"><img data-recalc-dims=\"1\" loading=\"lazy\" decoding=\"async\" width=\"800\" height=\"445\" src=\"https:\/\/i0.wp.com\/cdnoticias.com\/wp-content\/uploads\/2024\/11\/simulacro-3-scaled-1.jpg?resize=800%2C445&#038;ssl=1\" alt=\"\" class=\"wp-image-131462\" srcset=\"https:\/\/i0.wp.com\/cdnoticias.com\/wp-content\/uploads\/2024\/11\/simulacro-3-scaled-1.jpg?w=800&amp;ssl=1 800w, https:\/\/i0.wp.com\/cdnoticias.com\/wp-content\/uploads\/2024\/11\/simulacro-3-scaled-1.jpg?resize=300%2C167&amp;ssl=1 300w, https:\/\/i0.wp.com\/cdnoticias.com\/wp-content\/uploads\/2024\/11\/simulacro-3-scaled-1.jpg?resize=768%2C427&amp;ssl=1 768w\" sizes=\"auto, (max-width: 800px) 100vw, 800px\" \/><\/figure>\n\n\n\n<p><\/p>\n\n\n\n<p>Al respecto<strong> Josefina Ponce<\/strong> dijo que \u201ca mitad de a\u00f1o fuimos convocados por Jefatura a trav\u00e9s del Programa GIRE, gestionado por la Municipalidad para rever los planes de prevenci\u00f3n de riesgos y simulacros de evacuaci\u00f3n, teniendo en cuenta los acontecimientos que sucedieron en diciembre del a\u00f1o pasado, para estar preparados para cualquier eventualidad, ya sea f\u00edsica, social o natural que pueda llegar a surgir en la escuela. <strong>Somos una escuela con 450 estudiantes, una de las escuelas m\u00e1s grandes de Olavarr\u00eda y era todo un desaf\u00edo ver c\u00f3mo podemos proceder ante una evacuaci\u00f3n total,<\/strong> como hoy se simul\u00f3 con un incendio en una de las aulas\u201d.<\/p>\n\n\n\n<p><\/p>\n\n\n\n<p>Adem\u00e1s, coment\u00f3 que<strong> \u201cse tom\u00f3 el plan de riesgos que ten\u00eda la escuela, volvimos a hacer ajustes, miramos planos de la escuela para ver c\u00f3mo pod\u00edamos evacuar de la manera m\u00e1s r\u00e1pida los salones, sectores, rampas o puertas de calle San Mart\u00edn. Una vez que lo elaboramos lo pusimos a disposici\u00f3n de Defensa Civil y nuestras autoridades y hoy es el cierre anual con el simulacro\u201d.<\/strong><\/p>\n\n\n\n<p><\/p>\n\n\n\n<p>Finalmente evalu\u00f3 que \u201cfue una jornada muy positiva, los chicos, los padres, toda la comunidad estaba avisada, en pleno conocimiento, es un gran avance para la escuela, <strong>logramos el objetivo para saber c\u00f3mo actuar si llega a pasar algo y salir con esta tranquilidad con que la escuela sali\u00f3<\/strong>\u201d.<\/p>\n","protected":false},"excerpt":{"rendered":"<p>Lo destac\u00f3 la directora del establecimiento ante la implementaci\u00f3n de un plan de emergencia. El simulacro estuvo a cargo de<\/p>\n","protected":false},"author":5,"featured_media":131461,"comment_status":"closed","ping_status":"closed","sticky":false,"template":"","format":"standard","meta":{"_jetpack_memberships_contains_paid_content":false,"footnotes":""},"categories":[5,1],"tags":[],"class_list":["post-131459","post","type-post","status-publish","format-standard","has-post-thumbnail","hentry","category-informacion-general","category-portada"],"jetpack_featured_media_url":"https:\/\/i0.wp.com\/cdnoticias.com\/wp-content\/uploads\/2024\/11\/simulacro-2-scaled-1.jpg?fit=800%2C445&ssl=1","jetpack_sharing_enabled":true,"_links":{"self":[{"href":"https:\/\/cdnoticias.com\/index.php\/wp-json\/wp\/v2\/posts\/131459","targetHints":{"allow":["GET"]}}],"collection":[{"href":"https:\/\/cdnoticias.com\/index.php\/wp-json\/wp\/v2\/posts"}],"about":[{"href":"https:\/\/cdnoticias.com\/index.php\/wp-json\/wp\/v2\/types\/post"}],"author":[{"embeddable":true,"href":"https:\/\/cdnoticias.com\/index.php\/wp-json\/wp\/v2\/users\/5"}],"replies":[{"embeddable":true,"href":"https:\/\/cdnoticias.com\/index.php\/wp-json\/wp\/v2\/comments?post=131459"}],"version-history":[{"count":0,"href":"https:\/\/cdnoticias.com\/index.php\/wp-json\/wp\/v2\/posts\/131459\/revisions"}],"wp:featuredmedia":[{"embeddable":true,"href":"https:\/\/cdnoticias.com\/index.php\/wp-json\/wp\/v2\/media\/131461"}],"wp:attachment":[{"href":"https:\/\/cdnoticias.com\/index.php\/wp-json\/wp\/v2\/media?parent=131459"}],"wp:term":[{"taxonomy":"category","embeddable":true,"href":"https:\/\/cdnoticias.com\/index.php\/wp-json\/wp\/v2\/categories?post=131459"},{"taxonomy":"post_tag","embeddable":true,"href":"https:\/\/cdnoticias.com\/index.php\/wp-json\/wp\/v2\/tags?post=131459"}],"curies":[{"name":"wp","href":"https:\/\/api.w.org\/{rel}","templated":true}]}}