{"id":131452,"date":"2024-11-28T11:59:38","date_gmt":"2024-11-28T14:59:38","guid":{"rendered":"https:\/\/cdnoticias.com\/?p=131452"},"modified":"2024-11-28T16:09:00","modified_gmt":"2024-11-28T19:09:00","slug":"limite-a-la-permanencia-de-estudiantes-en-escuelas-especiales-se-debe-a-un-ajuste","status":"publish","type":"post","link":"https:\/\/cdnoticias.com\/index.php\/2024\/11\/28\/limite-a-la-permanencia-de-estudiantes-en-escuelas-especiales-se-debe-a-un-ajuste\/","title":{"rendered":"L\u00edmite a la permanencia de estudiantes en escuelas especiales: \u201cse debe a un ajuste\u201d"},"content":{"rendered":"<p>Lo sostuvo el concejal Francisco Gonz\u00e1lez (UCR) en la sesi\u00f3n del HCD de este jueves. Se aprob\u00f3 por unanimidad una declaraci\u00f3n de \u201cpreocupaci\u00f3n\u201d. Pidi\u00f3 \u201cque se revea la decisi\u00f3n\u201d.<!--more--><\/p>\n<hr \/>\n<p>En la <a href=\"https:\/\/cdnoticias.com\/index.php\/2024\/11\/28\/hcd-con-25-proyectos-en-debate-se-realiza-la-ultima-sesion-ordinaria-del-ano\/\" target=\"_blank\" rel=\"noopener\">sesi\u00f3n de este jueves<\/a>, los <strong>concejales expresaron \u201cpreocupaci\u00f3n\u201d ante la disposici\u00f3n que limita la permanencia de estudiantes en escuelas especiales<\/strong> de Olavarr\u00eda y obliga al egreso. Integrantes de la <a href=\"https:\/\/cdnoticias.com\/index.php\/2024\/11\/22\/familiares-y-estudiantes-de-escuelas-especiales-se-movilizaron-al-consejo-escolar\/\" target=\"_blank\" rel=\"noopener\">comunidad educativa de la Escuela Especial 505 se manifestaron la semana pasada<\/a> en la Jefatura Distrital de Educaci\u00f3n.<\/p>\n<p>La propuesta en el recinto fue impulsada por el bloque UCR y este jueves el <strong>concejal Francisco Gonz\u00e1lez<\/strong> defini\u00f3 como <strong>\u201cmuy preocupante\u201d<\/strong> la situaci\u00f3n que encuadr\u00f3 en<strong> \u201cdecisiones pol\u00e9micas de la Direcci\u00f3n de Cultura y Educaci\u00f3n y de la Jefatura Distrital\u201d<\/strong> a lo largo del a\u00f1o, puntualmente consider\u00f3 que<strong> \u201cse va a dejar afuera a muchos estudiantes, excluirlos de su lugar de contenci\u00f3n y educaci\u00f3n\u201d<\/strong>.<\/p>\n<p>Respecto de la educaci\u00f3n especial local apunt\u00f3 a la deficiencia en la continuidad de la trayectoria. Gonz\u00e1lez se\u00f1al\u00f3 que<strong> despu\u00e9s de la formaci\u00f3n en el nivel primario, a los estudiantes \u201cno se les garantiza un lugar\u201d en el nivel secundario<\/strong>. La \u00fanica instituci\u00f3n de educaci\u00f3n p\u00fablica es el <strong>Centro de Formaci\u00f3n Integral N\u00ba 1<\/strong> que \u201cno tiene todav\u00eda su edificio, que fue anunciada su construcci\u00f3n en 2022 y no se hizo\u201d. El concejal subray\u00f3 la <strong>deficiencia edilicia<\/strong> de dicha escuela que hoy no le permite cumplir con las disposiciones de dictado de clases previstas.<\/p>\n<p><img data-recalc-dims=\"1\" loading=\"lazy\" decoding=\"async\" class=\"size-full wp-image-131455 aligncenter\" src=\"https:\/\/i0.wp.com\/cdnoticias.com\/wp-content\/uploads\/2024\/11\/HCD-sesion-28-de-noviembre-2024-unanimidad.jpg?resize=800%2C450&#038;ssl=1\" alt=\"\" width=\"800\" height=\"450\" srcset=\"https:\/\/i0.wp.com\/cdnoticias.com\/wp-content\/uploads\/2024\/11\/HCD-sesion-28-de-noviembre-2024-unanimidad.jpg?w=1000&amp;ssl=1 1000w, https:\/\/i0.wp.com\/cdnoticias.com\/wp-content\/uploads\/2024\/11\/HCD-sesion-28-de-noviembre-2024-unanimidad.jpg?resize=300%2C169&amp;ssl=1 300w, https:\/\/i0.wp.com\/cdnoticias.com\/wp-content\/uploads\/2024\/11\/HCD-sesion-28-de-noviembre-2024-unanimidad.jpg?resize=768%2C432&amp;ssl=1 768w\" sizes=\"auto, (max-width: 800px) 100vw, 800px\" \/><\/p>\n<blockquote><p>\u201cEsto se debe a ajuste, el mismo que le criticamos a Milei se lo tenemos que criticar a Kicillof. Que se pretendan liberar cupos para que ingresen otros chicos est\u00e1 buen\u00edsimo, pero que no signifique que quede gente afuera\u201d defini\u00f3 el concejal radical.<\/p><\/blockquote>\n<p>Luego se refiri\u00f3 a la manifestaci\u00f3n del viernes y expuso que <strong>\u201chasta ahora no tuvieron respuesta\u201d<\/strong>.<\/p>\n<p>\u201cEste Concejo se tiene que expresar en su apoyo. <strong>Tenemos que manifestar el repudio, la preocupaci\u00f3n y que se revea la decisi\u00f3n, queremos mayor inversi\u00f3n en educaci\u00f3n especial\u201d<\/strong> sostuvo el concejal. Agreg\u00f3 que \u201cson varias decisiones pol\u00e9micas que se vienen tomando\u201d en el \u00e1mbito de educaci\u00f3n y consider\u00f3 que \u201clo importante es que se revierta\u201d.<\/p>\n<p>Sin m\u00e1s expresiones de otros concejales, <strong>se aprob\u00f3 por unanimidad la comunicaci\u00f3n 41\/24.<\/strong><\/p>\n","protected":false},"excerpt":{"rendered":"<p>Lo sostuvo el concejal Francisco Gonz\u00e1lez (UCR) en la sesi\u00f3n del HCD de este jueves. Se aprob\u00f3 por unanimidad una<\/p>\n","protected":false},"author":4,"featured_media":131454,"comment_status":"closed","ping_status":"closed","sticky":false,"template":"","format":"standard","meta":{"_jetpack_memberships_contains_paid_content":false,"footnotes":""},"categories":[4,1],"tags":[],"class_list":["post-131452","post","type-post","status-publish","format-standard","has-post-thumbnail","hentry","category-politica","category-portada"],"jetpack_featured_media_url":"https:\/\/i0.wp.com\/cdnoticias.com\/wp-content\/uploads\/2024\/11\/HCD-sesion-28-de-noviembre-2024-francisco-gonzalez.jpg?fit=1000%2C556&ssl=1","jetpack_sharing_enabled":true,"_links":{"self":[{"href":"https:\/\/cdnoticias.com\/index.php\/wp-json\/wp\/v2\/posts\/131452","targetHints":{"allow":["GET"]}}],"collection":[{"href":"https:\/\/cdnoticias.com\/index.php\/wp-json\/wp\/v2\/posts"}],"about":[{"href":"https:\/\/cdnoticias.com\/index.php\/wp-json\/wp\/v2\/types\/post"}],"author":[{"embeddable":true,"href":"https:\/\/cdnoticias.com\/index.php\/wp-json\/wp\/v2\/users\/4"}],"replies":[{"embeddable":true,"href":"https:\/\/cdnoticias.com\/index.php\/wp-json\/wp\/v2\/comments?post=131452"}],"version-history":[{"count":0,"href":"https:\/\/cdnoticias.com\/index.php\/wp-json\/wp\/v2\/posts\/131452\/revisions"}],"wp:featuredmedia":[{"embeddable":true,"href":"https:\/\/cdnoticias.com\/index.php\/wp-json\/wp\/v2\/media\/131454"}],"wp:attachment":[{"href":"https:\/\/cdnoticias.com\/index.php\/wp-json\/wp\/v2\/media?parent=131452"}],"wp:term":[{"taxonomy":"category","embeddable":true,"href":"https:\/\/cdnoticias.com\/index.php\/wp-json\/wp\/v2\/categories?post=131452"},{"taxonomy":"post_tag","embeddable":true,"href":"https:\/\/cdnoticias.com\/index.php\/wp-json\/wp\/v2\/tags?post=131452"}],"curies":[{"name":"wp","href":"https:\/\/api.w.org\/{rel}","templated":true}]}}