{"id":131450,"date":"2024-11-28T20:37:16","date_gmt":"2024-11-28T23:37:16","guid":{"rendered":"https:\/\/cdnoticias.com\/?p=131450"},"modified":"2024-11-28T20:37:18","modified_gmt":"2024-11-28T23:37:18","slug":"la-editorial-delaltillo-es-parte-del-programa-bonaerense-mas-libros-para-mas","status":"publish","type":"post","link":"https:\/\/cdnoticias.com\/index.php\/2024\/11\/28\/la-editorial-delaltillo-es-parte-del-programa-bonaerense-mas-libros-para-mas\/","title":{"rendered":"La editorial delaltillo es parte del programa bonaerense \u201cM\u00e1s libros para m\u00e1s\u201d"},"content":{"rendered":"\n<p>Se incorpor\u00f3 con la novela Desparido, de Fabricio Lucio. El Instituto Cultural distribuir\u00e1 ejemplares en m\u00e1s de 450 bibliotecas populares de la provincia.<\/p>\n\n\n\n<hr class=\"wp-block-separator has-alpha-channel-opacity\"\/>\n\n\n\n<p><strong>La editorial independiente de Olavarr\u00eda delaltillo es parte del programa provincial \u201cM\u00e1s libros para m\u00e1s\u201d con la novela Desparido, de Fabricio Lucio. <\/strong>Esta propuesta surge del Instituto Cultural de la Provincia de Buenos Aires y <strong>consiste en la entrega de 17.500 libros de 39 editoriales bonaerenses a las m\u00e1s de 450 bibliotecas populares distribuidas a lo largo y a lo ancho la Provincia.<\/strong><\/p>\n\n\n\n<p><\/p>\n\n\n\n<p>El Instituto Cultural, que preside Florencia Saintout,<strong> adquiri\u00f3 450 ejemplares de Desparido,<\/strong> novela que forma parte de los m\u00e1s de 30 t\u00edtulos que esta editorial olavarriense lleva publicados desde del a\u00f1o 2018.<\/p>\n\n\n\n<p><\/p>\n\n\n\n<p>En pleno crecimiento y evoluci\u00f3n, <strong>delaltillo suma as\u00ed un nuevo hito con la participaci\u00f3n de esta pol\u00edtica de estado provincial.<\/strong><\/p>\n\n\n\n<p><\/p>\n\n\n\n<p>La entrega de los libros que son parte de este programa se llev\u00f3 adelante en el Teatro Argentino de la Plata en lo que se denomin\u00f3 <strong>\u201cIII Encuentro Provincial de Bibliotecas Populares\u201d.<\/strong><\/p>\n\n\n\n<p><\/p>\n\n\n\n<p>Durante ese acto, <strong>Florencia Saintout, al referirse a las bibliotecas populares, dijo \u201cla biblioteca es el coraz\u00f3n de construcci\u00f3n de la historia, un espacio de encuentro. <\/strong>El encuentro es imprescindible, y m\u00e1s bibliotecas populares lo llevan a cabo todos los d\u00edas. Es un lugar donde hay memoria e identidad. Hay una pasi\u00f3n por la documentaci\u00f3n. Hacer una biblioteca es tomar la iniciativa de generar memoria, resguardar algo valioso para la sociedad y construir futuro\u201d.<\/p>\n\n\n\n<p><\/p>\n\n\n\n<p>En ese marco, Saintout <strong>cuestion\u00f3 las medidas del gobierno de Javier Milei:<\/strong> \u201ceste modelo lo quieren reemplazar por el modelo de la econom\u00eda financiera y la especulaci\u00f3n. No quieren pibes en un centro cultural o leyendo en las escuelas. Quieren pibes a la intemperie\u201d.<\/p>\n\n\n\n<p><\/p>\n\n\n\n<p>Saintout tambi\u00e9n se refiri\u00f3 a los cuestionamientos que la vicepresidenta de la Naci\u00f3n, Victoria Villarruel, realiz\u00f3 sobre los libros de escritoras argentinas contempor\u00e1neas, como <strong>\u2018Cometierra\u2019 de Dolores Reyes,<\/strong> que la Provincia distribuye en bibliotecas escolares y est\u00e1n destinados a adolescentes y j\u00f3venes: \u201cno podemos resignarnos nunca a que no est\u00e9 la palabra, cuando la palabra no est\u00e1, est\u00e1 la violencia\u201d.<\/p>\n\n\n\n<p><\/p>\n\n\n\n<p>En cuanto a la obra <strong>Desparido<\/strong>, se trata, seg\u00fan destaca Gloria Salas en la contratapa, de la segunda novela de Fabricio Lucio donde \u201cvuelve a conmovernos con un personaje que no ha sido formado para vivir la vida que le toca. No acepta su vida y sus circunstancias. Con un alto grado de inocencia busca a su madre. Indefenso, perdido, sin saber ver lo que le ha sucedido, recorre un mundo insensible, de burocracia fr\u00eda, amores que no cuajan, puertas que no se abren y penas que no cesan. As\u00ed quedan plasmados: el ni\u00f1o, el muchacho y el hombre que vuelve a ser el ni\u00f1o que no se dio cuenta. Y despierta nuestros deseos de ser el personaje que pueda ayudarlo\u201d.<\/p>\n\n\n\n<p><\/p>\n\n\n\n<figure class=\"wp-block-embed is-type-wp-embed is-provider-central-de-noticias-olavarr-a wp-block-embed-central-de-noticias-olavarr-a\"><div class=\"wp-block-embed__wrapper\">\n<blockquote class=\"wp-embedded-content\" data-secret=\"Pr3NA0ILug\"><a href=\"https:\/\/cdnoticias.com\/index.php\/2021\/12\/05\/presentacion-de-desparido-quiero-apropiarme-de-la-salud-mental-como-militancia\/\">Presentaci\u00f3n de \u201cDesparido\u201d: \u201cQuiero apropiarme de la salud mental como militancia\u201d<\/a><\/blockquote><iframe loading=\"lazy\" class=\"wp-embedded-content\" sandbox=\"allow-scripts\" security=\"restricted\" style=\"position: absolute; visibility: hidden;\" title=\"&#8220;Presentaci\u00f3n de \u201cDesparido\u201d: \u201cQuiero apropiarme de la salud mental como militancia\u201d&#8221; &#8212; Central de Noticias | Olavarr\u00eda\" src=\"https:\/\/cdnoticias.com\/index.php\/2021\/12\/05\/presentacion-de-desparido-quiero-apropiarme-de-la-salud-mental-como-militancia\/embed\/#?secret=yLxH7tm2hF#?secret=Pr3NA0ILug\" data-secret=\"Pr3NA0ILug\" width=\"600\" height=\"338\" frameborder=\"0\" marginwidth=\"0\" marginheight=\"0\" scrolling=\"no\"><\/iframe>\n<\/div><\/figure>\n\n\n\n<p><\/p>\n\n\n\n<p><strong>Programa M\u00e1s libros para m\u00e1s<\/strong><\/p>\n\n\n\n<p><\/p>\n\n\n\n<p>Durante el acto realizado en la ciudad de La Plata, <strong>Ximena Talento, directora provincial de Promoci\u00f3n de la Lectura,<\/strong> subray\u00f3 que \u201ces una decisi\u00f3n pol\u00edtica fundamental. Creemos que es posible la cultura del encuentro, encontrarnos para hacer ant\u00eddoto a esta crueldad\u201d. <strong>\u201cHacer este encuentro es un acto de sublevaci\u00f3n\u201d,<\/strong> agreg\u00f3.<\/p>\n\n\n\n<p><\/p>\n\n\n\n<p>\u201cEs un esfuerzo econ\u00f3mico enorme el que hace la Provincia. En este a\u00f1o, el total de la inversi\u00f3n es de<strong> 2 mil millones de pesos para todas las bibliotecas populares<\/strong>\u201d, continu\u00f3 la directora provincial de Promoci\u00f3n de la Lectura. Celebr\u00f3 a su vez la presencia de las editoriales del territorio bonaerense, que ofrecen su cat\u00e1logo y la posibilidad de que las bibliotecas adquieran sus t\u00edtulos: \u201cEsto es posible gracias al subsidio especial para comprar libros a las editoriales de 170 mil pesos para cada biblioteca. No es que sobren los recursos, se orientan en ese sentido\u201d.<\/p>\n","protected":false},"excerpt":{"rendered":"<p>Se incorpor\u00f3 con la novela Desparido, de Fabricio Lucio. El Instituto Cultural distribuir\u00e1 ejemplares en m\u00e1s de 450 bibliotecas populares<\/p>\n","protected":false},"author":5,"featured_media":40358,"comment_status":"closed","ping_status":"closed","sticky":false,"template":"","format":"standard","meta":{"_jetpack_memberships_contains_paid_content":false,"footnotes":""},"categories":[9,1],"tags":[],"class_list":["post-131450","post","type-post","status-publish","format-standard","has-post-thumbnail","hentry","category-cultura","category-portada"],"jetpack_featured_media_url":"https:\/\/i0.wp.com\/cdnoticias.com\/wp-content\/uploads\/2021\/12\/WhatsApp-Image-2021-12-02-at-16.37.46.jpeg?fit=1599%2C1200&ssl=1","jetpack_sharing_enabled":true,"_links":{"self":[{"href":"https:\/\/cdnoticias.com\/index.php\/wp-json\/wp\/v2\/posts\/131450","targetHints":{"allow":["GET"]}}],"collection":[{"href":"https:\/\/cdnoticias.com\/index.php\/wp-json\/wp\/v2\/posts"}],"about":[{"href":"https:\/\/cdnoticias.com\/index.php\/wp-json\/wp\/v2\/types\/post"}],"author":[{"embeddable":true,"href":"https:\/\/cdnoticias.com\/index.php\/wp-json\/wp\/v2\/users\/5"}],"replies":[{"embeddable":true,"href":"https:\/\/cdnoticias.com\/index.php\/wp-json\/wp\/v2\/comments?post=131450"}],"version-history":[{"count":0,"href":"https:\/\/cdnoticias.com\/index.php\/wp-json\/wp\/v2\/posts\/131450\/revisions"}],"wp:featuredmedia":[{"embeddable":true,"href":"https:\/\/cdnoticias.com\/index.php\/wp-json\/wp\/v2\/media\/40358"}],"wp:attachment":[{"href":"https:\/\/cdnoticias.com\/index.php\/wp-json\/wp\/v2\/media?parent=131450"}],"wp:term":[{"taxonomy":"category","embeddable":true,"href":"https:\/\/cdnoticias.com\/index.php\/wp-json\/wp\/v2\/categories?post=131450"},{"taxonomy":"post_tag","embeddable":true,"href":"https:\/\/cdnoticias.com\/index.php\/wp-json\/wp\/v2\/tags?post=131450"}],"curies":[{"name":"wp","href":"https:\/\/api.w.org\/{rel}","templated":true}]}}